{"id":100278,"date":"2025-11-29T22:11:10","date_gmt":"2025-11-29T22:11:10","guid":{"rendered":"https:\/\/www.europesays.com\/no\/100278\/"},"modified":"2025-11-29T22:11:10","modified_gmt":"2025-11-29T22:11:10","slug":"julebord-evakueres-i-oslo","status":"publish","type":"post","link":"https:\/\/www.europesays.com\/no\/100278\/","title":{"rendered":"Julebord evakueres i Oslo"},"content":{"rendered":"<p>  To personer eksponert etter ammoniakklekkasje ved Freia sjokoladefabrikk i Oslo sentrum. 150 julebord-deltagere evakueres skriver politiet.<\/p>\n<p>\n    Foto: Vemund Hegland \/ Dagbladet\n  <\/p>\n<p>&#8211; Hvem som har julebord er uvisst, men det var p\u00e5 fabrikkens omr\u00e5de. Det var snakk om 150 personer som evakueres fra julebordet, sier operasjonsleder Alexander \u00d8sterhaug til Dagbladet.<\/p>\n<p>Det er forel\u00f8pig uvisst om det er ansatte eller noen som har leid lokale p\u00e5 stedet, opplyser operasjonslederen.<\/p>\n<p>To personer ble eksponert for ammoniakk etter en lekkasje p\u00e5 fabrikken, som ligger p\u00e5 Rodel\u00f8kka i Oslo sentrum.<\/p>\n<p>\u00d8sterhaug opplyser om at det kan lukte ganske kraftig p\u00e5 utsiden av sjokoladefabrikken.<\/p>\n<p>&#8211;\u00a0 Personer som befinner seg utend\u00f8rs i n\u00e6romr\u00e5det kan oppleve en unormal lukt, men denne skal v\u00e6re ufarlig, sier \u00d8sterhaug.<\/p>\n<p>Dagbladets reporter p\u00e5 stedet forteller at politiet ber folk om \u00e5 holde seg unna.<\/p>\n<p>          <img loading=\"lazy\" decoding=\"async\" src=\"https:\/\/www.europesays.com\/no\/wp-content\/uploads\/2025\/11\/83918483.webp\" width=\"980\" height=\"559\" title=\"Foto: Vemund Hegland \/ Dagbladet\" alt=\"\" class=\"\" style=\"--aspect-ratio-image: 1.75; \"\/><\/p>\n<p>\n          Foto: Vemund Hegland \/ Dagbladet\n      <\/p>\n<p>Trolig ingen alvorlige personskader, opplyser politiet.<\/p>\n<p>Brannvesenet er p\u00e5 stedet.<\/p>\n<p>&#8211; Vi er fremme med sju enheter p\u00e5 stedet og jobber med \u00e5 f\u00e5 oversikt over omfanget, sier vaktommand\u00f8r i 110-sentalen Oslo, Tim Angell, til Dagbladet.<\/p>\n<p>To personer er eksponert for gass, opplyser politiet.<\/p>\n<p>&#8211; De f\u00e5r oppf\u00f8lging av helsevesenet, melder operasjonsleder.<\/p>\n<p>&#8211;\u00a0 Lekkasjen har skjedd inne p\u00e5 fabrikken. Brannvesenet er inne p\u00e5 objektet og unders\u00f8ker omfanget. Det er pr n\u00e5 ikke fare for beboere i n\u00e6rheten, og det er vurdert at det ikke er behov for \u00e5 evakuere personer utenfor fabrikkens omr\u00e5de, skriver politiet videre.<\/p>\n","protected":false},"excerpt":{"rendered":"To personer eksponert etter ammoniakklekkasje ved Freia sjokoladefabrikk i Oslo sentrum. 150 julebord-deltagere evakueres skriver politiet. Foto: Vemund&hellip;\n","protected":false},"author":2,"featured_media":100279,"comment_status":"","ping_status":"","sticky":false,"template":"","format":"standard","meta":{"footnotes":""},"categories":[10],"tags":[20,21,8892,24,25,15,2539,22,23,13,30,28,29,14,636,16,26,27],"class_list":{"0":"post-100278","1":"post","2":"type-post","3":"status-publish","4":"format-standard","5":"has-post-thumbnail","7":"category-norge","8":"tag-breaking-news","9":"tag-breakingnews","10":"tag-fabrikk","11":"tag-featured-news","12":"tag-featurednews","13":"tag-headlines","14":"tag-innenriks","15":"tag-latest-news","16":"tag-latestnews","17":"tag-news","18":"tag-no","19":"tag-norge","20":"tag-norway","21":"tag-nyheter","22":"tag-oslo","23":"tag-overskrifter","24":"tag-top-stories","25":"tag-topstories"},"share_on_mastodon":{"url":"https:\/\/pubeurope.com\/@no\/115635282723221192","error":""},"_links":{"self":[{"href":"https:\/\/www.europesays.com\/no\/wp-json\/wp\/v2\/posts\/100278","targetHints":{"allow":["GET"]}}],"collection":[{"href":"https:\/\/www.europesays.com\/no\/wp-json\/wp\/v2\/posts"}],"about":[{"href":"https:\/\/www.europesays.com\/no\/wp-json\/wp\/v2\/types\/post"}],"author":[{"embeddable":true,"href":"https:\/\/www.europesays.com\/no\/wp-json\/wp\/v2\/users\/2"}],"replies":[{"embeddable":true,"href":"https:\/\/www.europesays.com\/no\/wp-json\/wp\/v2\/comments?post=100278"}],"version-history":[{"count":0,"href":"https:\/\/www.europesays.com\/no\/wp-json\/wp\/v2\/posts\/100278\/revisions"}],"wp:featuredmedia":[{"embeddable":true,"href":"https:\/\/www.europesays.com\/no\/wp-json\/wp\/v2\/media\/100279"}],"wp:attachment":[{"href":"https:\/\/www.europesays.com\/no\/wp-json\/wp\/v2\/media?parent=100278"}],"wp:term":[{"taxonomy":"category","embeddable":true,"href":"https:\/\/www.europesays.com\/no\/wp-json\/wp\/v2\/categories?post=100278"},{"taxonomy":"post_tag","embeddable":true,"href":"https:\/\/www.europesays.com\/no\/wp-json\/wp\/v2\/tags?post=100278"}],"curies":[{"name":"wp","href":"https:\/\/api.w.org\/{rel}","templated":true}]}}