{"id":100292,"date":"2025-11-29T22:27:15","date_gmt":"2025-11-29T22:27:15","guid":{"rendered":"https:\/\/www.europesays.com\/no\/100292\/"},"modified":"2025-11-29T22:27:15","modified_gmt":"2025-11-29T22:27:15","slug":"tror-de-hater-det-skikkelig","status":"publish","type":"post","link":"https:\/\/www.europesays.com\/no\/100292\/","title":{"rendered":"&#8211; Tror de hater det skikkelig"},"content":{"rendered":"<p>RUKA (Dagbladet): Dagbladet stod med Andreas Fjorden Ree i intervjusonen etter tr\u00f8nderens andreplass p\u00e5 10 kilometer fri teknikk i Beitost\u00f8len <a href=\"https:\/\/www.dagbladet.no\/sport\/helt-vilt\/83889261\" rel=\"nofollow noopener\" target=\"_blank\">forrige s\u00f8ndag.<\/a><\/p>\n<p class=\"italic m-italic\" data-lab-italic=\"italic\">&#8211; Gratulerer med pallplass &#8230; eller du skulle kanskje gjerne hatt seieren du?<\/p>\n<p>&#8211;\u00a0Ja. Jeg kunne tatt til takke med en andreplass hvis det var noen andre enn Hedegart foran meg, men det er feil mann foran.<\/p>\n<p class=\"italic m-italic\" data-lab-italic=\"italic\">&#8211; Er det fordi han er skiskytter?<\/p>\n<p>&#8211;\u00a0\u00a0Nei &#8230; jo &#8230; nei! N\u00e5 er han langrennsl\u00f8per. S\u00e5nn som han bommer m\u00e5 han kunne klassifiseres som langrennsl\u00f8per.\u00a0<\/p>\n<p>        <img loading=\"lazy\" decoding=\"async\" itemprop=\"image\" src=\"https:\/\/www.europesays.com\/no\/wp-content\/uploads\/2025\/11\/83909702.webp\" width=\"180\" height=\"180\" alt=\"Andreas Fjorden Ree\"\/><\/p>\n<p>            Andreas Fjorden Ree<br \/>\n            Andreas Fjorden<br \/>\n            Ree        <\/p>\n<p>Landslagsl\u00f8per, langrenn<\/p>\n<p>Fjorden Ree: &#8211; Misliker det sterkt\t<\/p>\n<p>Hedegart vant alts\u00e5 s\u00f8ndagens renn med 13,2 sekunder og slo landslagsl\u00f8perne. Han er egentlig skiskytter, men satser alt mot OL i langrenn denne sesongen. S\u00f8ndag skal han g\u00e5 verdenscup i langrenn i Ruka.<\/p>\n<p> &#8211; Trigges du av at Hedegart sl\u00e5r deg med den differansen? spurte Dagbladet andremann Fjorden Ree.<\/p>\n<p>&#8211; Ja. Han slo meg i Holmenkollen forrige sesong ogs\u00e5. Det mislikte jeg sterkt. Jeg misliker det like sterkt n\u00e5. Men jeg m\u00e5 bare innse at han er j\u00e6vlig god.<\/p>\n<p>    Fakta: Einar Hedegart<\/p>\n<ul>\n<li class=\"lab-bodytext-line\">Har NM-gull i skiskyting fra Stiklestad forrige sesong.<\/li>\n<li class=\"lab-bodytext-line\">Han satser mot OL i langrenn denne sesongen, men skal satse p\u00e5 skiskyting igjen fordi det er VM i Holmenkollen i 2029.<\/li>\n<li class=\"lab-bodytext-line\">Har deltatt i verdenscupen i langrenn ved to anledninger. Han ble nummer to p\u00e5 10 km fri teknikk i Holmenkollen i mars. I desember 2024 ble han nummer \u00e5tte i verdenscupen i Lillehammer p\u00e5 samme distanse.<\/li>\n<li class=\"lab-bodytext-line\">Vant 10 km fri p\u00e5 Beitost\u00f8len 23. november med 13,2 sekunder til Andreas Fjorden Ree. Landslagsl\u00f8pere som Johannes H\u00f8sflot Kl\u00e6bo, Harald \u00d8stberg Amundsen og Erik Valnes stilte ikke.<\/li>\n<\/ul>\n<p>      Vis mer<br \/>\n      Vis mindre<\/p>\n<p>Debatten hadde allerede startet tidligere p\u00e5 s\u00f8ndagen.\u00a0<\/p>\n<p>Skiskytter Simon Kirkeeide gikk ogs\u00e5 langrenn p\u00e5 Beitost\u00f8len. Til NRK sa han:<\/p>\n<p>\u00abMitt inntrykk er at langrennsl\u00f8pere mener at skiskyttere ikke kan g\u00e5 p\u00e5 ski. Og det er selv om Johannes Thingnes B\u00f8 sannsynligvis har v\u00e6rt verdens beste skil\u00f8per uansett idrett de siste 15 \u00e5rene, s\u00e5 mener enkelte at han ikke kan g\u00e5 p\u00e5 ski.\u00bb <\/p>\n<p>Hvor reel er denne \u00abfeiden\u00bb mellom skiskytterne og langrennsl\u00f8perne?\u00a0<\/p>\n<p>        <img loading=\"lazy\" decoding=\"async\" itemprop=\"image\" src=\"https:\/\/www.europesays.com\/no\/wp-content\/uploads\/2025\/11\/83909729.webp\" width=\"180\" height=\"180\" alt=\"Simon Hjelmeset Kirkeeide\"\/><\/p>\n<p>            Simon Hjelmeset Kirkeeide<br \/>\n            Simon<br \/>\n            Hjelmeset Kirkeeide        <\/p>\n<p>Skiskytter<\/p>\n<p>Sj\u00e5stad Christiansen: &#8211; Tror de hater det skikkelig\t<\/p>\n<p>Dagbladet har snakket med Vetle Sj\u00e5stad Christiansen, som har fire mesterskapsgull p\u00e5 CV-en i skiskyting.<\/p>\n<p>Han er sikker p\u00e5 at Hedegart vil f\u00e5 blikk i Ruka.<\/p>\n<p>&#8211; Faen, jeg heier s\u00e5 veldig p\u00e5 ham i Ruka. Jeg tror l\u00f8ypa passer ham veldig fint. Han sl\u00e5r nok ikke Kl\u00e6bo i en finish, men ja, jeg h\u00e5per virkelig han gj\u00f8r det bra, sier Sj\u00e5stad Christiansen til Dagbladet.<\/p>\n<p>          <img loading=\"lazy\" decoding=\"async\" src=\"https:\/\/www.europesays.com\/no\/wp-content\/uploads\/2025\/11\/83909748.webp\" width=\"686\" height=\"460\" title=\"TRENING:Skiskytterne Sturla Holm L\u00e6greid (t.v) og Vetle Sj\u00e5stad Christiansen drukner akkurat ikke i \u00absn\u00f8en\u00bb i Vestmarka under en trenings\u00f8kt bare dager f\u00f8r sesong\u00e5pning i \u00d6stersund. Foto: Bj\u00f8rn Langsem \/ Dagbladet\" alt=\"\" class=\"\" style=\"--aspect-ratio-image: 1.49; \"\/><\/p>\n<p>\n          TRENING:Skiskytterne Sturla Holm L\u00e6greid (t.v) og Vetle Sj\u00e5stad Christiansen drukner akkurat ikke i \u00absn\u00f8en\u00bb i Vestmarka under en trenings\u00f8kt bare dager f\u00f8r sesong\u00e5pning i \u00d6stersund. Foto: Bj\u00f8rn Langsem \/ Dagbladet\n      <\/p>\n<p class=\"italic m-italic\" data-lab-italic=\"italic\">&#8211; Tror du resten av langrennsgjengen ser p\u00e5 ham p\u00e5 samme m\u00e5te som Fjorden Ree?<\/p>\n<p>&#8211; Jeg tror de hater det skikkelig. Det synes de ikke er g\u00f8y. De skal v\u00e6re best trent. Vi legger mye tid i skytinga. Vi blir litt preget av at skiskytterkonkurransene er bygd opp annerledes enn langrenn.\u00a0At det kommer en fra skiskyting og regelrett knuser dem &#8211; det digger de ikke. Men jeg tror det er positivt for interessen, sier skiskytterprofilen og legger til:<\/p>\n<p>&#8211; Langrennsleiren ser sikkert p\u00e5 Einar som en utlending. <\/p>\n<p data-lab-font_weight=\"\"><b>S\u00f8ndag er det 20 kilometer p\u00e5 programmet i langrenn. Det blir Hedegarts tredje verdenscuprenn som langrennsl\u00f8per. Uka f\u00f8r Beitost\u00f8len gikk han nasjonal \u00e5pning i skiskyting p\u00e5 Geilo. \u00c5tte bom p\u00e5 20 skudd p\u00e5 fellesstarten.<\/b><\/p>\n<p>        KUNSTIG INTELLIGENS: B\u00e5de langrennsstjerner fra Norge og Russland bruker AI, men p\u00e5 veldig forskjellige m\u00e5ter. Video: @langrenssgutta\/@san_sanych_bolshunov, Schjesvold\/S\u00f8r\u00f8 Olsen\/Dagbladet TV-sporten<\/p>\n<p>Avviser blikking\t<\/p>\n<p class=\"font-weight-normal m-font-weight-normal\" data-lab-font_weight=\"font-weight-normal\">Hedegart har tilbrakt litt tid med Sj\u00e5stad Christiansen p\u00e5 Geilo f\u00f8r sesongstart.\u00a0<\/p>\n<p class=\"font-weight-normal m-font-weight-normal\" data-lab-font_weight=\"font-weight-normal\"><b>24-\u00e5ringen avviser at han blir\u00a0<\/b>blikket\u00a0<b>i Finland.<\/b><\/p>\n<p><b>&#8211; Hehe, nei. Det var mye mer i fjor. Da var det mange flere unnskyldninger fra langrenns-Norge, sier Hedegart og ramser opp:<\/b><\/p>\n<ul>\n<li class=\"lab-bodytext-line\">Blinkfestivalen august 2024, f\u00f8rsteplass sprinten. Han slo landslagsl\u00f8pere som Harald \u00d8stberg Amundsen, Ansgar Evensen og P\u00e5l Golberg:\u00a0\u00abDa var jeg for tidlig i form\u00bb, var unnskyldningen if\u00f8lge Hedegart.<\/li>\n<li class=\"lab-bodytext-line font-weight-bold m-font-weight-bold\" data-lab-font_weight=\"font-weight-bold\">G\u00e5l\u00e5, Norgescup november 2024, f\u00f8rsteplass, 10 km fri:\u00a0\u00abDa fikk jeg h\u00f8re at jeg hadde altfor gode ski, tidlig startnummer,\u00a0hadde bedre forhold og gikk i rygg, men jeg gikk ikke i noen rygger.\u00bb<\/li>\n<\/ul>\n<p><b>Det var f\u00f8rst etter at han tok seier i Norgescup (to niv\u00e5 under verdenscup) i Steinkjer i februar\u00a0at respekten begynte \u00e5 komme, mener han.<\/b><\/p>\n<p>          <img loading=\"lazy\" decoding=\"async\" src=\"https:\/\/www.europesays.com\/no\/wp-content\/uploads\/2025\/11\/83909625.webp\" width=\"686\" height=\"460\" title=\"POPUL\u00c6R MANN: Einar Hedegart ble stoppet av mange etter seieren p\u00e5 Beitost\u00f8len. Her sammen med NRK-ekspert P\u00e5l Golberg, som fastslo p\u00e5 direkten at Johannes Thingnes B\u00f8 ikke har v\u00e6rt verdens beste skil\u00f8per de siste \u00e5ra. Foto: Bj\u00f8rn Langsem \/ Dagbladet\" alt=\"\" class=\"\" style=\"--aspect-ratio-image: 1.49; \"\/><\/p>\n<p>\n          POPUL\u00c6R MANN: Einar Hedegart ble stoppet av mange etter seieren p\u00e5 Beitost\u00f8len. Her sammen med NRK-ekspert P\u00e5l Golberg, som fastslo p\u00e5 direkten at Johannes Thingnes B\u00f8 ikke har v\u00e6rt verdens beste skil\u00f8per de siste \u00e5ra. Foto: Bj\u00f8rn Langsem \/ Dagbladet\n      <\/p>\n<p><b>&#8211; I fjor kjente jeg meg igjen i det Vetle sa, men n\u00e5 er det en annen holdning til det, sier Hedegart.<\/b><\/p>\n<p><b>Han mener likevel at langrennsl\u00f8perne b\u00f8r kjenne p\u00e5 at de blir sl\u00e5tt av ham p\u00e5 Beitost\u00f8len, siden han har satset p\u00e5 skiskyting hele karrieren.<\/b><\/p>\n<p><b>&#8211; N\u00e5 begynner de \u00e5 tenke at jeg er langrennsl\u00f8per, men fakta er at jeg har satset skiskyting i \u00e5r og.<\/b><\/p>\n<p><b>Han vant faktisk NM-gull i skiskyting p\u00e5 Stiklestad i mars.<\/b><\/p>\n<p>    <a itemprop=\"url\" href=\"https:\/\/www.dagbladet.no\/sport\/hores-veldig-rart-ut\/83907335\" rel=\"nofollow noopener\" target=\"_blank\"><\/p>\n<p>      <img loading=\"lazy\" decoding=\"async\" src=\"https:\/\/www.europesays.com\/no\/wp-content\/uploads\/2025\/11\/83907352.webp\" width=\"980\" height=\"441\" title=\"- H\u00f8res veldig rart ut\" alt=\"\" class=\"lazyload\" style=\"--aspect-ratio-image: 2.22; \"\/><\/p>\n<p>        &#8211; H\u00f8res veldig rart ut<\/p>\n<p>    <\/a><\/p>\n<p><b>Og under Blinkfestivalen i august, var han p\u00e5meldt b\u00e5de langrenn og skiskyting\u00f8velser, men et ublidt m\u00f8te med asfalten <a href=\"https:\/\/www.dagbladet.no\/sport\/matte-sy-fire-sting\/83433512\" rel=\"nofollow noopener\" target=\"_blank\">hindret ham fra \u00e5 konkurrere i begge idretter.<\/a><\/b><\/p>\n<p><b>&#8211; Vi har en vanskeligere vei til \u00e5 bli like god fysisk som en langrennsl\u00f8per. Et eksempel er hvis vi skal ha en to timers langtur, der vi i tillegg skal skyte, s\u00e5 bruker vi tre timer p\u00e5 det for \u00e5 f\u00e5 to timer effektivt. Mens en langrennsl\u00f8per bruker to timer og fem minutter. Hvis du ganger det i l\u00f8pet av ett \u00e5r, er det ekstremt mange timer som kunne blitt brukt til restitusjon.\u00a0<\/b><\/p>\n<p>          <img loading=\"lazy\" decoding=\"async\" src=\"https:\/\/www.europesays.com\/no\/wp-content\/uploads\/2025\/11\/83909685.webp\" width=\"686\" height=\"392\" title=\"M\u00c5TTE SY: Einar Hedegart avbildet i Sandnes under Blinkfestivalen i sommer. Foto: Instagram \/ @einar.hedegart\" alt=\"\" class=\"\" style=\"--aspect-ratio-image: 1.75; \"\/><\/p>\n<p>\n          M\u00c5TTE SY: Einar Hedegart avbildet i Sandnes under Blinkfestivalen i sommer. Foto: Instagram \/ @einar.hedegart\n      <\/p>\n<p>Utlendingen Hedegart?\t<\/p>\n<p>For den observante leser har Hedegart sagt \u00abvi\u00bb n\u00e5r han snakker om skiskytterne. Ser langrennsl\u00f8perne p\u00e5 Hedegart som en utlending?<\/p>\n<p>Han m\u00e5 be Dagbladet gjenta hva Vetle Sj\u00e5stad Christiansen sa.<\/p>\n<p>&#8211; Det kan godt hende. Det hadde v\u00e6rt artig det, om de ikke bare s\u00e5 p\u00e5 meg som en nordmann. For det trenger sporten, at det er flere som hevder seg.<\/p>\n<p>P\u00e5 s\u00f8ndagens fellestart skal Hedegart g\u00e5 mot nordmenn som\u00a0Harald \u00d8stberg Amundsen, Iver Tildheim Andersen, Jan Thomas Jenssen, Johannes H\u00f8sflot\u00a0Kl\u00e6bo, Andreas Fjorden Ree, Martin L\u00f8wstr\u00f8m Nyenget og Mattis Stenshagen.<\/p>\n<p>        ISKALDT: I en bitende kulde tok det litt ekstra tid f\u00f8r Kristin Fosn\u00e6s fikk skiene sine, og hvem sin skyld det er, er uvisst. Video: Schjesvold\/S\u00f8r\u00f8 Olsen\/Dagbladet TV-sporten<\/p>\n<p>Til tross for at n\u00e6rmeste utfordrer p\u00e5 Beitost\u00f8len Fjorden Ree omtalte Hedegart som\u00a0\u00abfeil mann\u00bb, og resultatet som noe han \u00abmisliker sterkt\u00bb, er det god stemning mellom dem, if\u00f8lge Hedegart.<\/p>\n<p>Men inder\u00f8yningen flirer godt av\u00a0\u00abfeil mann\u00bb-stempelet.<\/p>\n<p>&#8211; Der understreker han hva vi har snakket om i m\u00e5lomr\u00e5det med at de ikke har sett p\u00e5 oss som verdige motstandere. Han burde ha kjent mer p\u00e5 at jeg slo ham i Kollen. Han har vel ikke v\u00e6rt p\u00e5 pallen i verdenscupen.<\/p>\n<p>        FORN\u00d8YD: Einar Hedegart kom forn\u00f8yd inn etter langrenns\u00e5pningen p\u00e5 Beitost\u00f8len. Video: TV-sporten. Reporter: B\u00e5rd S\u00f8r\u00f8 Olsen.<\/p>\n<p>Her viser Hedegart til at han rett etter Trondheim-VM ble nummer to p\u00e5 10 kilometer fri teknikk i Holmenkollen i verdenscupen. Han sendte Johannes H\u00f8sflot Kl\u00e6bo ned p\u00e5 en tredjeplass og danket Fjorden Ree ut av pallen blant annet.<\/p>\n<p>Han sikter ogs\u00e5 mot pallplass n\u00e5r det er fellesstart klokka 10 s\u00f8ndag.\u00a0<\/p>\n<p class=\"italic m-italic\" data-lab-italic=\"italic\">Rennet ser du p\u00e5 Vsport 1 og Viaplay.<\/p>\n","protected":false},"excerpt":{"rendered":"RUKA (Dagbladet): Dagbladet stod med Andreas Fjorden Ree i intervjusonen etter tr\u00f8nderens andreplass p\u00e5 10 kilometer fri teknikk&hellip;\n","protected":false},"author":2,"featured_media":100293,"comment_status":"","ping_status":"","sticky":false,"template":"","format":"standard","meta":{"footnotes":""},"categories":[59],"tags":[11507,398,30,28,29,769,83,82],"class_list":{"0":"post-100292","1":"post","2":"type-post","3":"status-publish","4":"format-standard","5":"has-post-thumbnail","7":"category-sport","8":"tag-einar-hedegart","9":"tag-langrenn","10":"tag-no","11":"tag-norge","12":"tag-norway","13":"tag-skiskyting","14":"tag-sport","15":"tag-sports"},"share_on_mastodon":{"url":"https:\/\/pubeurope.com\/@no\/115635345559079458","error":""},"_links":{"self":[{"href":"https:\/\/www.europesays.com\/no\/wp-json\/wp\/v2\/posts\/100292","targetHints":{"allow":["GET"]}}],"collection":[{"href":"https:\/\/www.europesays.com\/no\/wp-json\/wp\/v2\/posts"}],"about":[{"href":"https:\/\/www.europesays.com\/no\/wp-json\/wp\/v2\/types\/post"}],"author":[{"embeddable":true,"href":"https:\/\/www.europesays.com\/no\/wp-json\/wp\/v2\/users\/2"}],"replies":[{"embeddable":true,"href":"https:\/\/www.europesays.com\/no\/wp-json\/wp\/v2\/comments?post=100292"}],"version-history":[{"count":0,"href":"https:\/\/www.europesays.com\/no\/wp-json\/wp\/v2\/posts\/100292\/revisions"}],"wp:featuredmedia":[{"embeddable":true,"href":"https:\/\/www.europesays.com\/no\/wp-json\/wp\/v2\/media\/100293"}],"wp:attachment":[{"href":"https:\/\/www.europesays.com\/no\/wp-json\/wp\/v2\/media?parent=100292"}],"wp:term":[{"taxonomy":"category","embeddable":true,"href":"https:\/\/www.europesays.com\/no\/wp-json\/wp\/v2\/categories?post=100292"},{"taxonomy":"post_tag","embeddable":true,"href":"https:\/\/www.europesays.com\/no\/wp-json\/wp\/v2\/tags?post=100292"}],"curies":[{"name":"wp","href":"https:\/\/api.w.org\/{rel}","templated":true}]}}