{"id":100297,"date":"2025-11-29T22:43:19","date_gmt":"2025-11-29T22:43:19","guid":{"rendered":"https:\/\/www.europesays.com\/no\/100297\/"},"modified":"2025-11-29T22:43:19","modified_gmt":"2025-11-29T22:43:19","slug":"korrupsjonsjegerne-ransaker-zelenskyjs-stabssjef","status":"publish","type":"post","link":"https:\/\/www.europesays.com\/no\/100297\/","title":{"rendered":"Korrupsjonsjegerne ransaker Zelenskyjs stabssjef"},"content":{"rendered":"\n<p class=\"_lead_o9xde_2 _lead_xtcu6_50 layout-component text-serif-m layout-normal text-serif-l layout-component layout-wide layout-padded _wide_17hqh_1 layout-padded\">Korrupsjonsskandalen i Ukraina n\u00e5r helt inn i presidentens innerste krets. <\/p>\n<p><img alt=\"Disse bildene viser NABU passere grensevakter ved regjeringsbygget i Kyiv.  Foto: HANDOUT \/ AFP \/ NTB\" class=\"_image_qp4xg_65 layout-component layout-wide\" data-fullscreen- data-track-element-type=\"Article image fullscreen\" data-track-name=\"ImageFullscreen\" fetchpriority=\"high\" decoding=\"sync\" loading=\"eager\" height=\"1334\" itemprop=\"image\"  src=\"https:\/\/www.europesays.com\/no\/wp-content\/uploads\/2025\/11\/4e7d2642-a18d-4204-a0b1-6ed0fbdb54e6\"  style=\"object-position:0% 0%\" width=\"2000\"\/>Disse bildene viser NABU passere grensevakter ved regjeringsbygget i Kyiv.  Foto: HANDOUT \/ AFP \/ NTB<\/p>\n<ul aria-hidden=\"true\" class=\"_images_1uft6_111\">\n<li><a class=\"_link_1uft6_116\" href=\"https:\/\/www.vg.no\/forfatter\/svanhild-boee\" style=\"z-index:1\" title=\"Svanhild B\u00f8e\" rel=\"nofollow noopener\" target=\"_blank\"><img alt=\"Bilde av Svanhild B\u00f8e\" class=\"_image_1uft6_93\" fetchpriority=\"low\" loading=\"lazy\" decoding=\"async\" itemprop=\"image\"  src=\"https:\/\/www.europesays.com\/no\/wp-content\/uploads\/2025\/11\/1764456197_276_2c6a983e-8ef8-4c60-8e5a-75c7e7bc3314\"  width=\"480\"\/><\/a><\/li>\n<\/ul>\n<p> Oppdatert fredag 28. november kl. 23:05    <\/p>\n<ul class=\"_list_o9xde_3 _list_64s2r_85 _unordered_o9xde_106 text-sans-m\">\n<li class=\"_item_o9xde_30\">Ukrainas antikorrupsjonsbyr\u00e5 har ransaket boligen til Andrej Jermak, leder av Zelenskyjs presidentkontor.<\/li>\n<li class=\"_item_o9xde_30\">Ransakelsene skjer etter avsl\u00f8ringen av en milliardkorrupsjon involverende Zelenskyjs n\u00e6rmeste.<\/li>\n<li class=\"_item_o9xde_30\">Fem personer er p\u00e5grepet, inkludert tidligere visestatsminister \u00abChe Guevara\u00bb og forretningsmannen Tymur Mindich.<\/li>\n<li class=\"_item_o9xde_30\">Korrupsjonen stjal midler som skulle beskytte soldater og energiselskaper.<\/li>\n<li class=\"_item_o9xde_30\">President Zelenskyj lover nulltoleranse og rettferdig straff for de skyldige.<\/li>\n<\/ul>\n<p>Vis mer <\/p>\n<p class=\"_paragraph_o9xde_4 _paragraph_xtcu6_10 layout-component text-serif-m layout-normal text-serif-m layout-padded\">Fredag morgen utf\u00f8rte <a href=\"https:\/\/www.vg.no\/tag\/ukraina?utm_source=vg-article&amp;utm_medium=auto-tagger&amp;utm_campaign=wr6QOn\" class=\"_link_o9xde_39\" rel=\"nofollow noopener\" target=\"_blank\">Ukrainas<\/a> antikorrupsjonsbyr\u00e5 NABU og korrupsjonspolitiet SAPO ransakelser hos Andrij Jermak, som leder Zelenskyjs presidentkontor.<\/p>\n<p class=\"_paragraph_o9xde_4 _paragraph_xtcu6_10 layout-component text-serif-m layout-normal text-serif-m layout-padded\">Jermak<a href=\"https:\/\/www.vg.no\/nyheter\/i\/0pj76G\/ukrainas-anit-korrupsjonsbyraa-gjoer-soek-paa-zelenskyjs-kontor\" data-track-element-type=\"Link\" data-track-id=\"link:0pj76G\" class=\"_link_o9xde_39\" rel=\"nofollow noopener\" target=\"_blank\"> bekreftet <\/a>selv ransakelsene i en melding p\u00e5 Telegram. <\/p>\n<p class=\"_paragraph_o9xde_4 _paragraph_xtcu6_10 layout-component text-serif-m layout-normal text-serif-m layout-padded\">\u2013 I dag gjennomf\u00f8rer NABU og SAPO prosessuelle handlinger hjemme hos meg. Det er ingen hindringer for etterforskerne, skrev han. <\/p>\n<p><img alt=\"PRESSET: Korrupsjonsskandalen i Ukraina n\u00e6rmer seg n\u00e5 presidenten. Til venstre st\u00e5r Andrij Jermak som n\u00e5 blir etterforsket.   Foto: OSCAR DEL POZO \/ AFP \/ NTB\" class=\"_image_qp4xg_65 layout-component layout-normal\" data-fullscreen- data-track-element-type=\"Article image fullscreen\" data-track-name=\"ImageFullscreen\" decoding=\"async\" loading=\"lazy\" height=\"2302\" itemprop=\"image\"  src=\"https:\/\/www.europesays.com\/no\/wp-content\/uploads\/2025\/11\/b046e8fa-7da1-4d8a-8099-2c702dba5f89\"  style=\"object-position:0% 0%\" width=\"3452\"\/>PRESSET: Korrupsjonsskandalen i Ukraina n\u00e6rmer seg n\u00e5 presidenten. Til venstre st\u00e5r Andrij Jermak som n\u00e5 blir etterforsket.   Foto: OSCAR DEL POZO \/ AFP \/ NTB<\/p>\n<p class=\"_paragraph_o9xde_4 _paragraph_xtcu6_10 layout-component text-serif-m layout-normal text-serif-m layout-padded\">Stabssjefen opplyste at etterforskerne har f\u00e5tt full tilgang til leiligheten hans, og at advokatene hans er til stede for \u00e5 samarbeide.<\/p>\n<p class=\"_paragraph_o9xde_4 _paragraph_xtcu6_10 layout-component text-serif-m layout-normal text-serif-m layout-padded\">\u2013 Fra min side er det full st\u00f8tte og samarbeid, la han til.<\/p>\n<p class=\"_paragraph_o9xde_4 _paragraph_xtcu6_10 layout-component text-serif-m layout-normal text-serif-m layout-padded\">Senere fredag bekreftet Zelenskyj at <a href=\"https:\/\/www.vg.no\/nyheter\/i\/2pnAKG\/zelenskyjs-stabssjef-gaar-av\" data-track-element-type=\"Link\" data-track-id=\"link:2pnAKG\" class=\"_link_o9xde_39\" rel=\"nofollow noopener\" target=\"_blank\">Jermak g\u00e5r av.<\/a><\/p>\n<p>Milliardkorrupsjon avdekket<\/p>\n<p class=\"_paragraph_o9xde_4 _paragraph_xtcu6_10 layout-component text-serif-m layout-normal text-serif-m layout-padded\">Ransakelsene skjer i kj\u00f8lvannet av at ukrainske korrupsjonsjegere har avdekket en omfattende <a href=\"https:\/\/www.vg.no\/nyheter\/i\/25M0Ba\/ukrainas-antikorrupsjonsbyraa-avsloerer-omfattende-korrupsjonsskandale\" data-track-element-type=\"Link\" data-track-id=\"link:25M0Ba\" class=\"_link_o9xde_39\" rel=\"nofollow noopener\" target=\"_blank\">korrupsjonsskandale <\/a>som kan dreie seg om \u00e9n milliard norske kroner. <\/p>\n<p class=\"_paragraph_o9xde_4 _paragraph_xtcu6_10 layout-component text-serif-m layout-normal text-serif-m layout-padded\">I sentrum for skandalen st\u00e5r flere personer i president Zelenskyjs vennekrets. <\/p>\n<p class=\"_paragraph_o9xde_4 _paragraph_xtcu6_10 layout-component text-serif-m layout-normal text-serif-m layout-padded\">\u2013 Dette er en veldig stor og grov korrupsjonsskandale som involverer politikere h\u00f8yt oppe i systemet. Det handler om tap av liv. <\/p>\n<p class=\"_paragraph_o9xde_4 _paragraph_xtcu6_10 layout-component text-serif-m layout-normal text-serif-m layout-padded\">Det sier Arve Hansen, seniorr\u00e5dgiver i Den norske Helsingforskomit\u00e9. <\/p>\n<p><img decoding=\"async\" alt=\"Bilde av Arve Hansen\" class=\"_image_ygndg_42\" height=\"27\" itemprop=\"image\" loading=\"lazy\"  src=\"https:\/\/www.europesays.com\/no\/wp-content\/uploads\/2025\/11\/9dd31477-041c-463a-9a32-530e134dad39\"  width=\"40\"\/><strong class=\"_name_ygndg_51 title-serif-xs\">Arve Hansen<\/strong><\/p>\n<p class=\"_paragraph_o9xde_4 text-sans-m _description_ygndg_56\">Seniorr\u00e5dgiver i Den norske Helsingforskomit\u00e9<\/p>\n<p class=\"_paragraph_o9xde_4 _paragraph_xtcu6_10 layout-component text-serif-m layout-normal text-serif-m layout-padded\">\u2013 Jermak har blitt kritisert for \u00e5 legge hindringer i veien for mange ting, som f\u00f8rer til mye misn\u00f8ye. Han har en n\u00f8kkelposisjon i Kyiv, og er n\u00e6rmeste r\u00e5dgiver til Zelenskyj. <\/p>\n<p class=\"_paragraph_o9xde_4 _paragraph_xtcu6_10 layout-component text-serif-m layout-normal text-serif-m layout-padded\">Etter denne korrupsjonsskandalen s\u00e5 regner man med at noen helt i toppen har visst om dette, og mange \u00f8yner har blitt rettet mot han, utdyper Hansen. <\/p>\n<p>Penger som kunne blitt brukt for \u00e5 beskytte soldatene<\/p>\n<p class=\"_paragraph_o9xde_4 _paragraph_xtcu6_10 layout-component text-serif-m layout-normal text-serif-m layout-padded\">Gjennom operasjon \u00abMidas\u00bb mener korrupsjonsjegerne \u00e5 ha avdekket en kriminell organisasjon som systematisk tok bestikkelser fra leverand\u00f8rer til det statlige atomkraftselskapet Energoatom.<\/p>\n<p class=\"_paragraph_o9xde_4 _paragraph_xtcu6_10 layout-component text-serif-m layout-normal text-serif-m layout-padded\">\u2013 Dette er penger som kunne blitt brukt til \u00e5 beskytte soldatene ved fronten. Folk er sinte, de ser p\u00e5 det som et forr\u00e6deri, forteller Hansen. <\/p>\n<p class=\"_paragraph_o9xde_4 _paragraph_xtcu6_10 layout-component text-serif-m layout-normal text-serif-m layout-padded\"> Den kriminelle organisasjonen krevde mellom 10 og 15 prosent av kontraktsverdien i \u00abprovisjon\u00bb, og bedrifter som nektet \u00e5 betale ble fjernet fra leverand\u00f8rlisten.<\/p>\n<p><img alt=\"Ved en av ransakelsene har antikorrupsjonsbyr\u00e5ene gjort beslag av en st\u00f8rre bunke kontanter.   Foto: NABU \/ SAPO\" class=\"_image_qp4xg_65 layout-component layout-normal\" data-fullscreen- data-track-element-type=\"Article image fullscreen\" data-track-name=\"ImageFullscreen\" decoding=\"async\" loading=\"lazy\" height=\"1072\" itemprop=\"image\"  src=\"https:\/\/www.europesays.com\/no\/wp-content\/uploads\/2025\/11\/41d89812-42e2-417c-8a39-ac4c2816ca45\"  style=\"object-position:0% 0%\" width=\"1280\"\/>Ved en av ransakelsene har antikorrupsjonsbyr\u00e5ene gjort beslag av en st\u00f8rre bunke kontanter.   Foto: NABU \/ SAPO<\/p>\n<p class=\"_paragraph_o9xde_4 _paragraph_xtcu6_10 layout-component text-serif-m layout-normal text-serif-m layout-padded\">Penger som blant annet skulle g\u00e5 til \u00e5 bygge forsvarsverk rundt ukrainske energiselskaper, skal ha havnet i lommen p\u00e5 korrupte tjenestemenn.<\/p>\n<p class=\"_paragraph_o9xde_4 _paragraph_xtcu6_10 layout-component text-serif-m layout-normal text-serif-m layout-padded\">\u2013 Dette er ogs\u00e5 veldig alvorlig med tanke p\u00e5 omd\u00f8mmet til Ukraina. Den russiske desinformasjonskampanjen er basert p\u00e5 at Ukraina er korrupt.<\/p>\n<p class=\"_paragraph_o9xde_4 _paragraph_xtcu6_10 layout-component text-serif-m layout-normal text-serif-m layout-padded\">Dette skjer samtidig som voldsomme russiske angrep mot ukrainsk energisektor.<\/p>\n<p class=\"_paragraph_o9xde_4 _paragraph_xtcu6_10 layout-component text-serif-m layout-normal text-serif-m layout-padded\">Store deler av Ukraina sliter n\u00e5 tidvis med str\u00f8mtilgang, med mobilnett som g\u00e5r ned, vann som slutter \u00e5 komme til kranen og et samfunn som stopper opp.<\/p>\n<p> Flere h\u00f8yprofilerte navn<\/p>\n<p class=\"_paragraph_o9xde_4 _paragraph_xtcu6_10 layout-component text-serif-m layout-normal text-serif-m layout-padded\">Totalt fem personer er p\u00e5grepet, mens syv er siktet i saken. Blant de siktede er en tidligere visestatsminister med kodenavnet \u00abChe Guevara\u00bb, som skal ha mottatt 1,2 millioner amerikanske dollar og nesten 100.000 euro i kontanter.<\/p>\n<p class=\"_paragraph_o9xde_4 _paragraph_xtcu6_10 layout-component text-serif-m layout-normal text-serif-m layout-padded\">En annen av hovedpersonene i saken er forretningsmannen Tymur Mindich, som har v\u00e6rt i Zelenskyjs vennekrets i flere \u00e5r. Men da politiet slo til 10. november, var Mindich allerede r\u00f8mt fra landet.<\/p>\n<p class=\"_paragraph_o9xde_4 _paragraph_xtcu6_10 layout-component text-serif-m layout-normal text-serif-m layout-padded\">President Zelenskyj har reagert kraftig p\u00e5 korrupsjonsskandalen og kunngjorde at han ville signere et <a href=\"https:\/\/www.vg.no\/nyheter\/i\/W04Me2\/lydopptakene-avsloerer-zelenskyjs-forretningspartner-de-har-dekodet-alt\" data-track-element-type=\"Link\" data-track-id=\"link:W04Me2\" class=\"_link_o9xde_39\" rel=\"nofollow noopener\" target=\"_blank\">dekret <\/a>om sanksjoner mot to personer nevnt i NABUs sak. <\/p>\n<p><img alt=\"Volodymyr Zelenskyj  Foto: Thomas Nilsson \/ VG\" class=\"_image_qp4xg_65 layout-component layout-normal\" data-fullscreen- data-track-element-type=\"Article image fullscreen\" data-track-name=\"ImageFullscreen\" decoding=\"async\" loading=\"lazy\" height=\"3543\" itemprop=\"image\"  src=\"https:\/\/www.europesays.com\/no\/wp-content\/uploads\/2025\/11\/db14930a-18d8-41fe-a15b-b50cea9634d4\"  style=\"object-position:0% 0%\" width=\"5314\"\/>Volodymyr Zelenskyj  Foto: Thomas Nilsson \/ VG<\/p>\n<p class=\"_paragraph_o9xde_4 _paragraph_xtcu6_10 layout-component text-serif-m layout-normal text-serif-m layout-padded\">\u2013 Vi m\u00e5 ha nulltoleranse for korrupsjon, jobbe tett sammen for \u00e5 avsl\u00f8re den og s\u00f8rge for at de skyldige f\u00e5r en rettferdig straff, sa <a href=\"https:\/\/www.vg.no\/nyheter\/i\/GyVVW6\/ukrainsk-korrupsjonsskandale-flere-tatt-for-bestikkelser\" data-track-element-type=\"Link\" data-track-id=\"link:GyVVW6\" class=\"_link_o9xde_39\" rel=\"nofollow noopener\" target=\"_blank\">Zelenskyj<\/a>. <\/p>\n<p class=\"_paragraph_o9xde_4 _paragraph_xtcu6_10 layout-component text-serif-m layout-normal text-serif-m layout-padded\">Avsl\u00f8ringene kommer p\u00e5 et kritisk tidspunkt for Ukraina, som kjemper for \u00e5 sikre fortsatt \u00f8konomisk st\u00f8tte fra sine vestlige allierte i krigen mot Russland.<\/p>\n<p class=\"_paragraph_o9xde_4 _paragraph_xtcu6_10 layout-component text-serif-m layout-normal text-serif-m layout-padded\">Hansen forteller videre at dette kan bidra som ammunisjon til de landene der det er opposisjon som ikke \u00f8nsker videre st\u00f8tte til Ukraina. <\/p>\n<p class=\"_paragraph_o9xde_4 _paragraph_xtcu6_10 layout-component text-serif-m layout-normal text-serif-m layout-padded\">\u2013 Men heldigvis er det mange som forst\u00e5r at denne kampen om liv og d\u00f8d i Ukraina ogs\u00e5 handler om en investering i Europeisk sikkerhet. <\/p>\n","protected":false},"excerpt":{"rendered":"Korrupsjonsskandalen i Ukraina n\u00e5r helt inn i presidentens innerste krets. Disse bildene viser NABU passere grensevakter ved regjeringsbygget&hellip;\n","protected":false},"author":2,"featured_media":100298,"comment_status":"","ping_status":"","sticky":false,"template":"","format":"standard","meta":{"footnotes":""},"categories":[5],"tags":[20,21,24,25,15,19,2109,3137,22,23,17,18,13,30,28,29,14,16,26,27,489,46],"class_list":{"0":"post-100297","1":"post","2":"type-post","3":"status-publish","4":"format-standard","5":"has-post-thumbnail","7":"category-overskrifter","8":"tag-breaking-news","9":"tag-breakingnews","10":"tag-featured-news","11":"tag-featurednews","12":"tag-headlines","13":"tag-hovedoppslag","14":"tag-korrupsjon","15":"tag-kyiv","16":"tag-latest-news","17":"tag-latestnews","18":"tag-main-news","19":"tag-mainnews","20":"tag-news","21":"tag-no","22":"tag-norge","23":"tag-norway","24":"tag-nyheter","25":"tag-overskrifter","26":"tag-top-stories","27":"tag-topstories","28":"tag-ukraina","29":"tag-vgai"},"share_on_mastodon":{"url":"https:\/\/pubeurope.com\/@no\/115635408680145503","error":""},"_links":{"self":[{"href":"https:\/\/www.europesays.com\/no\/wp-json\/wp\/v2\/posts\/100297","targetHints":{"allow":["GET"]}}],"collection":[{"href":"https:\/\/www.europesays.com\/no\/wp-json\/wp\/v2\/posts"}],"about":[{"href":"https:\/\/www.europesays.com\/no\/wp-json\/wp\/v2\/types\/post"}],"author":[{"embeddable":true,"href":"https:\/\/www.europesays.com\/no\/wp-json\/wp\/v2\/users\/2"}],"replies":[{"embeddable":true,"href":"https:\/\/www.europesays.com\/no\/wp-json\/wp\/v2\/comments?post=100297"}],"version-history":[{"count":0,"href":"https:\/\/www.europesays.com\/no\/wp-json\/wp\/v2\/posts\/100297\/revisions"}],"wp:featuredmedia":[{"embeddable":true,"href":"https:\/\/www.europesays.com\/no\/wp-json\/wp\/v2\/media\/100298"}],"wp:attachment":[{"href":"https:\/\/www.europesays.com\/no\/wp-json\/wp\/v2\/media?parent=100297"}],"wp:term":[{"taxonomy":"category","embeddable":true,"href":"https:\/\/www.europesays.com\/no\/wp-json\/wp\/v2\/categories?post=100297"},{"taxonomy":"post_tag","embeddable":true,"href":"https:\/\/www.europesays.com\/no\/wp-json\/wp\/v2\/tags?post=100297"}],"curies":[{"name":"wp","href":"https:\/\/api.w.org\/{rel}","templated":true}]}}