{"id":100325,"date":"2025-11-30T00:01:07","date_gmt":"2025-11-30T00:01:07","guid":{"rendered":"https:\/\/www.europesays.com\/no\/100325\/"},"modified":"2025-11-30T00:01:07","modified_gmt":"2025-11-30T00:01:07","slug":"ikke-en-eneste-tilregnelig-person-ville-skrevet-under","status":"publish","type":"post","link":"https:\/\/www.europesays.com\/no\/100325\/","title":{"rendered":"\u2013 Ikke en eneste tilregnelig person ville skrevet under"},"content":{"rendered":"<p class=\"kicker text-red color_mobile_text-red\" style=\"\">Zelenskyjs r\u00e5dgiver:<\/p>\n<p>  Ukrainas mektige stabssjef Andrij Jermak sier i et intervju torsdag at det ikke er aktuelt for Ukrainas president Volodymyr Zelenskyj \u00e5 gi fra seg land.<\/p>\n<p>\n    Andrij Jermak er stabssjef for presidentens kontor og forhandlingsleder for Ukraina. Foto: Martial Trezzini \/ Keystone via AP \/ NTB\n  <\/p>\n<p>\u2013 Ikke en eneste tilregnelig person ville skrevet under p\u00e5 et dokument for \u00e5 overgi land i dag, sier han i et intervju med\u00a0<a href=\"https:\/\/www.theatlantic.com\/national-security\/2025\/11\/ukraine-zelensky-russia-trump-peace-land-red-line\/685090\/\" target=\"_blank\" rel=\"nofollow noopener\">The Atlantic<\/a>\u00a0torsdag.<\/p>\n<p>Jermak er ogs\u00e5 Ukrainas forhandlingsleder.<\/p>\n<p>If\u00f8lge Jermak har Zelenskyj i neste fase av samtalene planer om \u00e5 trekke en r\u00f8d linje ved det mest omstridte sp\u00f8rsm\u00e5let p\u00e5 bordet: det russiske kravet om ukrainsk territorium. S\u00e5 lenge han er landets president, vil Zelenskyj ikke g\u00e5 med p\u00e5 \u00e5 gi fra seg land i bytte mot fred.<\/p>\n<p>\u2013 Grunnloven forbyr dette. Ingen kan gj\u00f8re det med mindre de er villige til \u00e5 g\u00e5 imot den ukrainske grunnloven og det ukrainske folket, sier Jermak til avisen p\u00e5 telefon fra Kyiv.<\/p>\n<p>Partene er i dette sp\u00f8rsm\u00e5let langt unna hverandre. Ukraina er bare villig til \u00e5 diskutere hvor linjen skal g\u00e5 for \u00e5 skille hvilke omr\u00e5der som er under de krigende partenes kontroll, if\u00f8lge Jermak.<\/p>\n","protected":false},"excerpt":{"rendered":"Zelenskyjs r\u00e5dgiver: Ukrainas mektige stabssjef Andrij Jermak sier i et intervju torsdag at det ikke er aktuelt for&hellip;\n","protected":false},"author":2,"featured_media":100326,"comment_status":"","ping_status":"","sticky":false,"template":"","format":"standard","meta":{"footnotes":""},"categories":[12],"tags":[20,21,24,25,15,22,23,13,30,28,29,14,16,26,27,42,43,44,45],"class_list":{"0":"post-100325","1":"post","2":"type-post","3":"status-publish","4":"format-standard","5":"has-post-thumbnail","7":"category-verden","8":"tag-breaking-news","9":"tag-breakingnews","10":"tag-featured-news","11":"tag-featurednews","12":"tag-headlines","13":"tag-latest-news","14":"tag-latestnews","15":"tag-news","16":"tag-no","17":"tag-norge","18":"tag-norway","19":"tag-nyheter","20":"tag-overskrifter","21":"tag-top-stories","22":"tag-topstories","23":"tag-verden","24":"tag-world","25":"tag-world-news","26":"tag-worldnews"},"share_on_mastodon":{"url":"https:\/\/pubeurope.com\/@no\/115635715013006140","error":""},"_links":{"self":[{"href":"https:\/\/www.europesays.com\/no\/wp-json\/wp\/v2\/posts\/100325","targetHints":{"allow":["GET"]}}],"collection":[{"href":"https:\/\/www.europesays.com\/no\/wp-json\/wp\/v2\/posts"}],"about":[{"href":"https:\/\/www.europesays.com\/no\/wp-json\/wp\/v2\/types\/post"}],"author":[{"embeddable":true,"href":"https:\/\/www.europesays.com\/no\/wp-json\/wp\/v2\/users\/2"}],"replies":[{"embeddable":true,"href":"https:\/\/www.europesays.com\/no\/wp-json\/wp\/v2\/comments?post=100325"}],"version-history":[{"count":0,"href":"https:\/\/www.europesays.com\/no\/wp-json\/wp\/v2\/posts\/100325\/revisions"}],"wp:featuredmedia":[{"embeddable":true,"href":"https:\/\/www.europesays.com\/no\/wp-json\/wp\/v2\/media\/100326"}],"wp:attachment":[{"href":"https:\/\/www.europesays.com\/no\/wp-json\/wp\/v2\/media?parent=100325"}],"wp:term":[{"taxonomy":"category","embeddable":true,"href":"https:\/\/www.europesays.com\/no\/wp-json\/wp\/v2\/categories?post=100325"},{"taxonomy":"post_tag","embeddable":true,"href":"https:\/\/www.europesays.com\/no\/wp-json\/wp\/v2\/tags?post=100325"}],"curies":[{"name":"wp","href":"https:\/\/api.w.org\/{rel}","templated":true}]}}