{"id":100344,"date":"2025-11-30T01:31:42","date_gmt":"2025-11-30T01:31:42","guid":{"rendered":"https:\/\/www.europesays.com\/no\/100344\/"},"modified":"2025-11-30T01:31:42","modified_gmt":"2025-11-30T01:31:42","slug":"tvilling-fiasko-det-er-flaut","status":"publish","type":"post","link":"https:\/\/www.europesays.com\/no\/100344\/","title":{"rendered":"Tvilling-fiasko: \u2013 Det er flaut"},"content":{"rendered":"<p>  B\u00e5de Tiril og Lotta Udnes Weng forsvant ut i kvalifiseringen til kvinnenes klassiske langrennssprint i Finland.<\/p>\n<p>\n    Tiril Udnes Weng fikk det ikke til \u00e5 stemme i sprintkvalifiseringen i Ruka. Foto: Terje Pedersen \/ NTB\n  <\/p>\n<p>Mathilde Myhrvold var nest raskest i feltet og ble kun sl\u00e5tt av svenske Johanna Hagstr\u00f6m. Det skilte 1,44 sekunder mellom dem.<\/p>\n<p>Norge fikk med seg fire av seks sprintere til utslagsrundene i verdenscuprennet. Lagets tvillings\u00f8stre greide ikke \u00e5 ta seg inn i topp 30. Lotta Udnes Weng ble nummer 41, mens Tiril endte helt nede p\u00e5 50.-plass.<\/p>\n<p>\u2013 Det starter som det pleier i Ruka. Jeg ryker ut for tredje \u00e5r p\u00e5 rad, og det er flaut egentlig. Jeg skj\u00f8nner nesten ikke hvorfor jeg gidder \u00e5 reise hit, sa Lotta Udnes Weng til Viaplay.<\/p>\n<p>          <img loading=\"lazy\" decoding=\"async\" src=\"https:\/\/www.europesays.com\/no\/wp-content\/uploads\/2025\/11\/83916330.webp\" width=\"686\" height=\"467\" title=\"Lotta Udnes Weng r\u00f8k som tvillings\u00f8steren Tiril ut i sprintprologen i Ruka. Foto: Terje Pedersen \/ NTB\" alt=\"\" class=\"\" style=\"--aspect-ratio-image: 1.47; \"\/><\/p>\n<p>\n          Lotta Udnes Weng r\u00f8k som tvillings\u00f8steren Tiril ut i sprintprologen i Ruka. Foto: Terje Pedersen \/ NTB\n      <\/p>\n<p>Like etter forklarte Tiril Udnes Weng at hun f\u00f8lte seg tung fra start<\/p>\n<p>\u2013 Det var ikke bare d\u00e5rlig, det var s\u00e5 langt unna. Jeg er skuffet over at kroppen kjennes s\u00e5nn ut, for jeg hadde h\u00e5pet p\u00e5 mer.<\/p>\n<p>Ane Appelkvist Stenseth var nest raskest av de norske som nummer fem. Deretter fulgte Kristine Stav\u00e5s Skistad p\u00e5 11.-plass.<\/p>\n<p>\u2013 Det var litt sjokkstart tidlig p\u00e5 morgenen, men jeg synes jeg gj\u00f8r mye bra, sa Stenseth til Viaplay.<\/p>\n<p>        RONALDO: En vanvittig scoring og en passende feiring. Sjekk denne fra Cristiano Ronaldo. Video: SPL \/ Ljosland, Dagbladet TV-sporten<\/p>\n<p>Skistad gikk en kontrollert kvalifisering og var opptatt av \u00e5 ikke gj\u00f8re noe ureglementert. Hun har et gult kort hengende over seg fra sesong\u00e5pningen p\u00e5 Beitost\u00f8len.<\/p>\n<p>Hedda Bakkemo er ogs\u00e5 videre fra kvalifiseringen. Hun tok 18.-plassen.<\/p>\n<p>Det er plussgrader og klisterf\u00f8re i Ruka l\u00f8rdag. Det er 20. \u00e5ret p\u00e5 rad at det g\u00e5s klassisk sprint i det lille skistedet ikke langt fra russergrensen.<\/p>\n<p>OL-sprinten i februar er i nettopp klassisk stil.<\/p>\n","protected":false},"excerpt":{"rendered":"B\u00e5de Tiril og Lotta Udnes Weng forsvant ut i kvalifiseringen til kvinnenes klassiske langrennssprint i Finland. Tiril Udnes&hellip;\n","protected":false},"author":2,"featured_media":100345,"comment_status":"","ping_status":"","sticky":false,"template":"","format":"standard","meta":{"footnotes":""},"categories":[59],"tags":[398,9183,30,28,29,14,83,82,9184,399],"class_list":{"0":"post-100344","1":"post","2":"type-post","3":"status-publish","4":"format-standard","5":"has-post-thumbnail","7":"category-sport","8":"tag-langrenn","9":"tag-lotta-udnes-weng","10":"tag-no","11":"tag-norge","12":"tag-norway","13":"tag-nyheter","14":"tag-sport","15":"tag-sports","16":"tag-tiril-udnes-weng","17":"tag-vintersport"},"share_on_mastodon":{"url":"https:\/\/pubeurope.com\/@no\/115636069002763083","error":""},"_links":{"self":[{"href":"https:\/\/www.europesays.com\/no\/wp-json\/wp\/v2\/posts\/100344","targetHints":{"allow":["GET"]}}],"collection":[{"href":"https:\/\/www.europesays.com\/no\/wp-json\/wp\/v2\/posts"}],"about":[{"href":"https:\/\/www.europesays.com\/no\/wp-json\/wp\/v2\/types\/post"}],"author":[{"embeddable":true,"href":"https:\/\/www.europesays.com\/no\/wp-json\/wp\/v2\/users\/2"}],"replies":[{"embeddable":true,"href":"https:\/\/www.europesays.com\/no\/wp-json\/wp\/v2\/comments?post=100344"}],"version-history":[{"count":0,"href":"https:\/\/www.europesays.com\/no\/wp-json\/wp\/v2\/posts\/100344\/revisions"}],"wp:featuredmedia":[{"embeddable":true,"href":"https:\/\/www.europesays.com\/no\/wp-json\/wp\/v2\/media\/100345"}],"wp:attachment":[{"href":"https:\/\/www.europesays.com\/no\/wp-json\/wp\/v2\/media?parent=100344"}],"wp:term":[{"taxonomy":"category","embeddable":true,"href":"https:\/\/www.europesays.com\/no\/wp-json\/wp\/v2\/categories?post=100344"},{"taxonomy":"post_tag","embeddable":true,"href":"https:\/\/www.europesays.com\/no\/wp-json\/wp\/v2\/tags?post=100344"}],"curies":[{"name":"wp","href":"https:\/\/api.w.org\/{rel}","templated":true}]}}