{"id":100361,"date":"2025-11-30T05:20:57","date_gmt":"2025-11-30T05:20:57","guid":{"rendered":"https:\/\/www.europesays.com\/no\/100361\/"},"modified":"2025-11-30T05:20:57","modified_gmt":"2025-11-30T05:20:57","slug":"na-skal-pavemobilen-sendes-til-gaza","status":"publish","type":"post","link":"https:\/\/www.europesays.com\/no\/100361\/","title":{"rendered":"N\u00e5 skal \u00abpavemobilen\u00bb sendes til Gaza"},"content":{"rendered":"<p>\n        HELSEKLINIKK: Generalsekret\u00e6r Ingrid Rosendorf Joys i Caritas Norge. Her sammen med Anton Asfar, generalsekret\u00e6r i Caritas Jerusalem.<br \/>\n        Hans Arnesen \/ Caritas Norge\n    <\/p>\n<p>    Men akkurat n\u00e5r den kommer frem, avhenger av israelske myndigheter.<\/p>\n<p>\u2013 Symbolverdien av \u00abh\u00e5psbilen\u00bb er \u00e5penbart enorm. Som en gave fra en d\u00f8ende pave til barna p\u00e5 Gaza bidrar den til \u00e5 rette verdens oppmerksomhet mot de enorme humanit\u00e6re behovene p\u00e5 Gaza.<\/p>\n<p>Det sier generalsekret\u00e6r Ingrid Rosendorf Joys i en pressemelding fra Caritas.<\/p>\n<p>H\u00e5psbil<\/p>\n","protected":false},"excerpt":{"rendered":"HELSEKLINIKK: Generalsekret\u00e6r Ingrid Rosendorf Joys i Caritas Norge. Her sammen med Anton Asfar, generalsekret\u00e6r i Caritas Jerusalem. Hans&hellip;\n","protected":false},"author":2,"featured_media":100362,"comment_status":"","ping_status":"","sticky":false,"template":"","format":"standard","meta":{"footnotes":""},"categories":[12],"tags":[20,21,24,25,15,22,23,13,30,28,29,14,16,26,27,42,43,44,45],"class_list":{"0":"post-100361","1":"post","2":"type-post","3":"status-publish","4":"format-standard","5":"has-post-thumbnail","7":"category-verden","8":"tag-breaking-news","9":"tag-breakingnews","10":"tag-featured-news","11":"tag-featurednews","12":"tag-headlines","13":"tag-latest-news","14":"tag-latestnews","15":"tag-news","16":"tag-no","17":"tag-norge","18":"tag-norway","19":"tag-nyheter","20":"tag-overskrifter","21":"tag-top-stories","22":"tag-topstories","23":"tag-verden","24":"tag-world","25":"tag-world-news","26":"tag-worldnews"},"share_on_mastodon":{"url":"https:\/\/pubeurope.com\/@no\/115636973283801058","error":""},"_links":{"self":[{"href":"https:\/\/www.europesays.com\/no\/wp-json\/wp\/v2\/posts\/100361","targetHints":{"allow":["GET"]}}],"collection":[{"href":"https:\/\/www.europesays.com\/no\/wp-json\/wp\/v2\/posts"}],"about":[{"href":"https:\/\/www.europesays.com\/no\/wp-json\/wp\/v2\/types\/post"}],"author":[{"embeddable":true,"href":"https:\/\/www.europesays.com\/no\/wp-json\/wp\/v2\/users\/2"}],"replies":[{"embeddable":true,"href":"https:\/\/www.europesays.com\/no\/wp-json\/wp\/v2\/comments?post=100361"}],"version-history":[{"count":0,"href":"https:\/\/www.europesays.com\/no\/wp-json\/wp\/v2\/posts\/100361\/revisions"}],"wp:featuredmedia":[{"embeddable":true,"href":"https:\/\/www.europesays.com\/no\/wp-json\/wp\/v2\/media\/100362"}],"wp:attachment":[{"href":"https:\/\/www.europesays.com\/no\/wp-json\/wp\/v2\/media?parent=100361"}],"wp:term":[{"taxonomy":"category","embeddable":true,"href":"https:\/\/www.europesays.com\/no\/wp-json\/wp\/v2\/categories?post=100361"},{"taxonomy":"post_tag","embeddable":true,"href":"https:\/\/www.europesays.com\/no\/wp-json\/wp\/v2\/tags?post=100361"}],"curies":[{"name":"wp","href":"https:\/\/api.w.org\/{rel}","templated":true}]}}