{"id":100363,"date":"2025-11-30T05:23:09","date_gmt":"2025-11-30T05:23:09","guid":{"rendered":"https:\/\/www.europesays.com\/no\/100363\/"},"modified":"2025-11-30T05:23:09","modified_gmt":"2025-11-30T05:23:09","slug":"sport-handball-bergenser-ble-toppscorer-da-norge-vant-med-25-mal","status":"publish","type":"post","link":"https:\/\/www.europesays.com\/no\/100363\/","title":{"rendered":"Sport, H\u00e5ndball | Bergenser ble toppscorer da Norge vant med 25 m\u00e5l (!)"},"content":{"rendered":"\n<p>I f\u00f8rste omgang kontret Norge inn m\u00e5l etter m\u00e5l mot et underlegent motstanderlag. De norske kom lett til scoringer og ledet 21\u20137 ved pause. Fana-jenten Emilie Hovden scoret \u00e5tte m\u00e5l p\u00e5 like mange avslutninger i den omgangen.<\/p>\n<p>\u2013 Vi kunne ha laget en god del m\u00e5l til, men vi glipper p\u00e5 noen ting. N\u00e5 skal vi spille annerledes. Vi skal g\u00e5 ut i syv mot seks og se hvordan det g\u00e5r, sa Gjekstad til Viaplay i pausen.<\/p>\n<p><b>\u2013 Og skal vi ta bort en del av kontringsspillet.<\/b><\/p>\n<p>            Kasakhstan \u2013 Norge 16-41 (7-21)<\/p>\n<p>VM-sluttspill i h\u00e5ndball kvinner. Gruppe H. <\/p>\n<p>3153 tilskuere<\/p>\n<p><b>M\u00e5l Norge: Emilie Hovden 8,<\/b> Anniken Wollik 6, Selma Henriksen 5, Malin Larsen Aune 5, Kristine Breist\u00f8l 4, Veronica Kristiansen 3, Maren Nyland Aardahl 3, Henny Reistad 2, Thale Rushfeldt Deila 2, <b>Stine Skogrand 2<\/b>, Vilde Mortensen Ingstad.<\/p>\n<p>Toppscorer Kasakhstan: Irina Khassakhanova 4.<\/p>\n<p>Utvisninger: Kasakhstan 1 x 2 min., Norge ingen.<\/p>\n<p>Norge slo S\u00f8r-Korea 34-19 torsdag og m\u00f8ter Angola mandag.<\/p>\n<p>  Lunde fikk hvile<\/p>\n<p>Norge kunne ha l\u00f8pt Kasakhstan over ende ogs\u00e5 i den andre omgangen, men Gjekstad \u00f8nsket \u00e5 se laget \u00f8ve p\u00e5 andre ting i spillet med tanke p\u00e5 det som venter senere i mesterskapet.<\/p>\n<p>Han hadde ogs\u00e5 gjort flere bytter i laget etter 34-19-seieren over S\u00f8r-Korea i \u00e5pningskampen torsdag. Katrine Lunde, som storspilte i den kampen, var blant dem som fikk hvile l\u00f8rdag.<\/p>\n<p>Henny Reistad, Thale Rushfeldt Deila og Nora M\u00f8rk satt p\u00e5 benken i hele f\u00f8rste omgang, men de kom inn da det skulle trenes i den andre omgangen.<\/p>\n<p><b>Hovden var Norges toppscorer med \u00e5tte m\u00e5l, mens Anniken Wollik scoret seks m\u00e5l og VM-debutanten Selma Henriksen fem.<\/b><\/p>\n","protected":false},"excerpt":{"rendered":"I f\u00f8rste omgang kontret Norge inn m\u00e5l etter m\u00e5l mot et underlegent motstanderlag. De norske kom lett til&hellip;\n","protected":false},"author":2,"featured_media":100364,"comment_status":"","ping_status":"","sticky":false,"template":"","format":"standard","meta":{"footnotes":""},"categories":[5],"tags":[36,20,21,24,25,105,9443,15,19,22,23,17,18,13,30,28,29,14,16,83,1510,26,27],"class_list":{"0":"post-100363","1":"post","2":"type-post","3":"status-publish","4":"format-standard","5":"has-post-thumbnail","7":"category-overskrifter","8":"tag-art","9":"tag-breaking-news","10":"tag-breakingnews","11":"tag-featured-news","12":"tag-featurednews","13":"tag-handball","14":"tag-handball-vm","15":"tag-headlines","16":"tag-hovedoppslag","17":"tag-latest-news","18":"tag-latestnews","19":"tag-main-news","20":"tag-mainnews","21":"tag-news","22":"tag-no","23":"tag-norge","24":"tag-norway","25":"tag-nyheter","26":"tag-overskrifter","27":"tag-sport","28":"tag-story","29":"tag-top-stories","30":"tag-topstories"},"share_on_mastodon":{"url":"https:\/\/pubeurope.com\/@no\/115636981171824852","error":""},"_links":{"self":[{"href":"https:\/\/www.europesays.com\/no\/wp-json\/wp\/v2\/posts\/100363","targetHints":{"allow":["GET"]}}],"collection":[{"href":"https:\/\/www.europesays.com\/no\/wp-json\/wp\/v2\/posts"}],"about":[{"href":"https:\/\/www.europesays.com\/no\/wp-json\/wp\/v2\/types\/post"}],"author":[{"embeddable":true,"href":"https:\/\/www.europesays.com\/no\/wp-json\/wp\/v2\/users\/2"}],"replies":[{"embeddable":true,"href":"https:\/\/www.europesays.com\/no\/wp-json\/wp\/v2\/comments?post=100363"}],"version-history":[{"count":0,"href":"https:\/\/www.europesays.com\/no\/wp-json\/wp\/v2\/posts\/100363\/revisions"}],"wp:featuredmedia":[{"embeddable":true,"href":"https:\/\/www.europesays.com\/no\/wp-json\/wp\/v2\/media\/100364"}],"wp:attachment":[{"href":"https:\/\/www.europesays.com\/no\/wp-json\/wp\/v2\/media?parent=100363"}],"wp:term":[{"taxonomy":"category","embeddable":true,"href":"https:\/\/www.europesays.com\/no\/wp-json\/wp\/v2\/categories?post=100363"},{"taxonomy":"post_tag","embeddable":true,"href":"https:\/\/www.europesays.com\/no\/wp-json\/wp\/v2\/tags?post=100363"}],"curies":[{"name":"wp","href":"https:\/\/api.w.org\/{rel}","templated":true}]}}