{"id":100365,"date":"2025-11-30T05:28:10","date_gmt":"2025-11-30T05:28:10","guid":{"rendered":"https:\/\/www.europesays.com\/no\/100365\/"},"modified":"2025-11-30T05:28:10","modified_gmt":"2025-11-30T05:28:10","slug":"russisk-angrep-dreper-en-og-sarer-11-naer-kyiv","status":"publish","type":"post","link":"https:\/\/www.europesays.com\/no\/100365\/","title":{"rendered":"Russisk angrep dreper \u00e9n og s\u00e5rer 11 n\u00e6r Kyiv"},"content":{"rendered":"\n<p class=\"_lead_o9xde_2 _lead_xtcu6_50 layout-component text-serif-m layout-normal text-serif-l layout-component layout-wide layout-padded _wide_17hqh_1 layout-padded\">Blant de s\u00e5rede er et barn.<\/p>\n<p><img alt=\" Foto: Efrem Lukatsky \/ AP \/ NTB\" class=\"_image_qp4xg_65 layout-component layout-wide\" data-fullscreen- data-track-element-type=\"Article image fullscreen\" data-track-name=\"ImageFullscreen\" fetchpriority=\"high\" decoding=\"sync\" loading=\"eager\" height=\"5760\" itemprop=\"image\"  src=\"https:\/\/www.europesays.com\/no\/wp-content\/uploads\/2025\/11\/56ecbb49-e69b-4957-a6b0-64020d914132\"  style=\"object-position:0% 0%\" width=\"8640\"\/> Foto: Efrem Lukatsky \/ AP \/ NTB<\/p>\n<ul aria-hidden=\"true\" class=\"_images_1uft6_111\">\n<li><a class=\"_link_1uft6_116\" href=\"https:\/\/www.vg.no\/forfatter\/kari-aarstad-aase\" style=\"z-index:1\" title=\"Kari Aarstad Aase\" rel=\"nofollow noopener\" target=\"_blank\"><img alt=\"Bilde av Kari Aarstad Aase\" class=\"_image_1uft6_93\" fetchpriority=\"low\" loading=\"lazy\" decoding=\"async\" itemprop=\"image\"  src=\"https:\/\/www.europesays.com\/no\/wp-content\/uploads\/2025\/11\/1764480489_627_0dbde33e-6d8e-4680-8e4f-e2a64281e2b8\"  width=\"480\"\/><\/a><\/li>\n<\/ul>\n<p> Oppdatert s\u00f8ndag 30. november kl. 05:35     <\/p>\n<p class=\"_paragraph_o9xde_4 _paragraph_xtcu6_10 layout-component text-serif-m layout-normal text-serif-m layout-padded\">\u00c9n person er drept og 11 s\u00e5ret etter russiske angrep mot byen Vysjorod n\u00e6r Ukrainas hovedstad <a href=\"https:\/\/www.vg.no\/tag\/kyiv?utm_source=vg-article&amp;utm_medium=auto-tagger&amp;utm_campaign=gka909\" class=\"_link_o9xde_39\" rel=\"nofollow noopener\" target=\"_blank\">Kyiv<\/a>.<\/p>\n<p class=\"_paragraph_o9xde_4 _paragraph_xtcu6_10 layout-component text-serif-m layout-normal text-serif-m layout-padded\">Det opplyser guvern\u00f8r Mykola Kalasjnik i Kyiv-regionen p\u00e5 meldingstjenesten Telegram.<\/p>\n<p class=\"_paragraph_o9xde_4 _paragraph_xtcu6_10 layout-component text-serif-m layout-normal text-serif-m layout-padded\">\u2013 Som et resultat av fiendtlige angrep i Vysjorod er en person blitt drept, og 11 er s\u00e5ret. Blant dem er et barn, skriver guvern\u00f8ren.<\/p>\n<p><img alt=\"Foto: Efrem Lukatsky \/ AP \/ NTB\" class=\"_image_qp4xg_65 layout-component layout-normal\" data-fullscreen- data-track-element-type=\"Article image fullscreen\" data-track-name=\"ImageFullscreen\" decoding=\"async\" loading=\"lazy\" height=\"2926\" itemprop=\"image\"  src=\"https:\/\/www.europesays.com\/no\/wp-content\/uploads\/2025\/11\/7831d895-2282-43c1-a0d4-1df105e9c16c\"  style=\"object-position:0% 0%\" width=\"4389\"\/>Foto: Efrem Lukatsky \/ AP \/ NTB<\/p>\n<p class=\"_paragraph_o9xde_4 _paragraph_xtcu6_10 layout-component text-serif-m layout-normal text-serif-m layout-padded\">Seks av de s\u00e5rede er fraktet til sykehus. Antallet s\u00e5rede kan stige, if\u00f8lge guvern\u00f8ren.<\/p>\n<p class=\"_paragraph_o9xde_4 _paragraph_xtcu6_10 layout-component text-serif-m layout-normal text-serif-m layout-padded\">Dette er andre natt p\u00e5 rad at det meldes om drepte etter russiske angrep i Kyiv-omr\u00e5det.<\/p>\n<p class=\"_paragraph_o9xde_4 _paragraph_xtcu6_10 layout-component text-serif-m layout-normal text-serif-m layout-padded\">Angrepene skjer samtidig som en ukrainsk delegasjon har reist til USA for \u00e5 delta i samtaler om en avslutning p\u00e5 krigen i Ukraina.<\/p>\n","protected":false},"excerpt":{"rendered":"Blant de s\u00e5rede er et barn. Foto: Efrem Lukatsky \/ AP \/ NTB Oppdatert s\u00f8ndag 30. november kl.&hellip;\n","protected":false},"author":2,"featured_media":100366,"comment_status":"","ping_status":"","sticky":false,"template":"","format":"standard","meta":{"footnotes":""},"categories":[12],"tags":[20,21,24,25,15,179,3137,22,23,13,30,28,29,14,16,26,27,42,46,43,44,45],"class_list":{"0":"post-100365","1":"post","2":"type-post","3":"status-publish","4":"format-standard","5":"has-post-thumbnail","7":"category-verden","8":"tag-breaking-news","9":"tag-breakingnews","10":"tag-featured-news","11":"tag-featurednews","12":"tag-headlines","13":"tag-krigen-i-ukraina","14":"tag-kyiv","15":"tag-latest-news","16":"tag-latestnews","17":"tag-news","18":"tag-no","19":"tag-norge","20":"tag-norway","21":"tag-nyheter","22":"tag-overskrifter","23":"tag-top-stories","24":"tag-topstories","25":"tag-verden","26":"tag-vgai","27":"tag-world","28":"tag-world-news","29":"tag-worldnews"},"share_on_mastodon":{"url":"https:\/\/pubeurope.com\/@no\/115637001023077345","error":""},"_links":{"self":[{"href":"https:\/\/www.europesays.com\/no\/wp-json\/wp\/v2\/posts\/100365","targetHints":{"allow":["GET"]}}],"collection":[{"href":"https:\/\/www.europesays.com\/no\/wp-json\/wp\/v2\/posts"}],"about":[{"href":"https:\/\/www.europesays.com\/no\/wp-json\/wp\/v2\/types\/post"}],"author":[{"embeddable":true,"href":"https:\/\/www.europesays.com\/no\/wp-json\/wp\/v2\/users\/2"}],"replies":[{"embeddable":true,"href":"https:\/\/www.europesays.com\/no\/wp-json\/wp\/v2\/comments?post=100365"}],"version-history":[{"count":0,"href":"https:\/\/www.europesays.com\/no\/wp-json\/wp\/v2\/posts\/100365\/revisions"}],"wp:featuredmedia":[{"embeddable":true,"href":"https:\/\/www.europesays.com\/no\/wp-json\/wp\/v2\/media\/100366"}],"wp:attachment":[{"href":"https:\/\/www.europesays.com\/no\/wp-json\/wp\/v2\/media?parent=100365"}],"wp:term":[{"taxonomy":"category","embeddable":true,"href":"https:\/\/www.europesays.com\/no\/wp-json\/wp\/v2\/categories?post=100365"},{"taxonomy":"post_tag","embeddable":true,"href":"https:\/\/www.europesays.com\/no\/wp-json\/wp\/v2\/tags?post=100365"}],"curies":[{"name":"wp","href":"https:\/\/api.w.org\/{rel}","templated":true}]}}