{"id":100380,"date":"2025-11-30T06:24:17","date_gmt":"2025-11-30T06:24:17","guid":{"rendered":"https:\/\/www.europesays.com\/no\/100380\/"},"modified":"2025-11-30T06:24:17","modified_gmt":"2025-11-30T06:24:17","slug":"maskorama-nrk-nok-en-kjendis-har-tatt-av-seg-maska","status":"publish","type":"post","link":"https:\/\/www.europesays.com\/no\/100380\/","title":{"rendered":"Maskorama, NRK | Nok en kjendis har tatt av seg maska"},"content":{"rendered":"\n<p>L\u00f8rdagens \u00abMaskorama\u00bb p\u00e5 NRK b\u00f8d nok en gang p\u00e5 spenning da en kjendis m\u00e5tte ta av seg maska til trampeklapp fra salen.<\/p>\n<p>Forrige l\u00f8rdag forlot to deltakere programmet, deriblant Sophie Elise, som skjulte seg som Orken. Influenseren <a href=\"https:\/\/secure.amedia.cloud\/link-to-content\" rel=\"nofollow noopener\" target=\"_blank\">m\u00e5tte trekke seg<\/a> p\u00e5 grunn av sykdom.<\/p>\n<p><b>Les ogs\u00e5: <a href=\"https:\/\/www.nettavisen.no\/kjendis\/silje-nordnes-skal-lede-kvelden-for-kvelden\/s\/5-95-2753122\" rel=\"Follow nofollow noopener\" target=\"_blank\">Silje Nordnes skal lede \u00abKvelden f\u00f8r kvelden\u00bb<\/a><\/b><\/p>\n<p>Helseproblemene preget ogs\u00e5 l\u00f8rdagens sending, da NRK delte et bilde av Brokkolien, som slet med vondt i ryggen, if\u00f8lge <a href=\"https:\/\/secure.amedia.cloud\/link-to-content\" rel=\"nofollow noopener\" target=\"_blank\">VG.<\/a><\/p>\n<p>\u2013 Brokkolien er en \u00abfighter\u00bb, s\u00e5 vi krysser fingre for at den kan st\u00e5 p\u00e5 scenen i kveld, uttalte Pia Basberg, eksekutiv produsent for programmet, til avisa.<\/p>\n<p>Av meg maska!<\/p>\n<p>Fire masker gjenst\u00e5r i konkurransen: Skrotnissen, Marionetten, Hundevalpen og Brokkolien. Forrige gang var det Badeanden som m\u00e5tte forlate programmet, og under den masken skjulte John Hammersmark fra \u00abKompani Lauritsen\u00bb seg.<\/p>\n<p><b>Les ogs\u00e5: <a href=\"https:\/\/www.nettavisen.no\/kjendis\/trygve-bennetsen-rommer-landet-hvis-han-ryker-ut-av-skal-vi-danse\/s\/5-95-2753041\" rel=\"Follow nofollow noopener\" target=\"_blank\">R\u00f8mmer landet hvis han ryker<\/a><\/b><\/p>\n<p>L\u00f8rdagens sending endte med at Skrotnissen og Marionetten var i faresonen. Det var til slutt Skrotnissen som m\u00e5tte ta av seg masken og forlate programmet.<\/p>\n<p>Under masken skjulte skuespiller Vidar Magnussen seg.<\/p>\n<p>   <img decoding=\"async\" width=\"6692\" height=\"4461\" fetchpriority=\"low\"  loading=\"lazy\"  src=\"https:\/\/www.europesays.com\/no\/wp-content\/uploads\/2025\/11\/Vidar+Magnussen+-+300424+--4_1.jpg\" alt=\"Skuespiller Vidar Magnussen stiller til intervju under&#10;pressedagen for \u00abPeter Pan\u00bb p\u00e5 Chateau Neuf i Oslo.\" class=\"brick-c-cFOWSL\" style=\"--brick-image-ratio: 6692 \/ 4461;\"\/><\/p>\n<p>      SKROTNISSEN: Vidar Magnussen skjulte seg under masken til Skrotnissen.<br \/>\n      Foto: Martin Habbestad (Nettavisen)\n    <\/p>\n<p>Programmet \u00e5pnet med en ny vri, da maskene for f\u00f8rste gang sang duetter, f\u00f8r de senere fremf\u00f8rte solo. F\u00f8rste duettpar var Skrotnissen og Marionetten.<\/p>\n","protected":false},"excerpt":{"rendered":"L\u00f8rdagens \u00abMaskorama\u00bb p\u00e5 NRK b\u00f8d nok en gang p\u00e5 spenning da en kjendis m\u00e5tte ta av seg maska&hellip;\n","protected":false},"author":2,"featured_media":94075,"comment_status":"","ping_status":"","sticky":false,"template":"","format":"standard","meta":{"footnotes":""},"categories":[5],"tags":[20,21,24,25,15,19,22,23,17,18,13,30,28,29,14,16,26,27],"class_list":{"0":"post-100380","1":"post","2":"type-post","3":"status-publish","4":"format-standard","5":"has-post-thumbnail","7":"category-overskrifter","8":"tag-breaking-news","9":"tag-breakingnews","10":"tag-featured-news","11":"tag-featurednews","12":"tag-headlines","13":"tag-hovedoppslag","14":"tag-latest-news","15":"tag-latestnews","16":"tag-main-news","17":"tag-mainnews","18":"tag-news","19":"tag-no","20":"tag-norge","21":"tag-norway","22":"tag-nyheter","23":"tag-overskrifter","24":"tag-top-stories","25":"tag-topstories"},"share_on_mastodon":{"url":"https:\/\/pubeurope.com\/@no\/115637221124124882","error":""},"_links":{"self":[{"href":"https:\/\/www.europesays.com\/no\/wp-json\/wp\/v2\/posts\/100380","targetHints":{"allow":["GET"]}}],"collection":[{"href":"https:\/\/www.europesays.com\/no\/wp-json\/wp\/v2\/posts"}],"about":[{"href":"https:\/\/www.europesays.com\/no\/wp-json\/wp\/v2\/types\/post"}],"author":[{"embeddable":true,"href":"https:\/\/www.europesays.com\/no\/wp-json\/wp\/v2\/users\/2"}],"replies":[{"embeddable":true,"href":"https:\/\/www.europesays.com\/no\/wp-json\/wp\/v2\/comments?post=100380"}],"version-history":[{"count":0,"href":"https:\/\/www.europesays.com\/no\/wp-json\/wp\/v2\/posts\/100380\/revisions"}],"wp:featuredmedia":[{"embeddable":true,"href":"https:\/\/www.europesays.com\/no\/wp-json\/wp\/v2\/media\/94075"}],"wp:attachment":[{"href":"https:\/\/www.europesays.com\/no\/wp-json\/wp\/v2\/media?parent=100380"}],"wp:term":[{"taxonomy":"category","embeddable":true,"href":"https:\/\/www.europesays.com\/no\/wp-json\/wp\/v2\/categories?post=100380"},{"taxonomy":"post_tag","embeddable":true,"href":"https:\/\/www.europesays.com\/no\/wp-json\/wp\/v2\/tags?post=100380"}],"curies":[{"name":"wp","href":"https:\/\/api.w.org\/{rel}","templated":true}]}}