{"id":100388,"date":"2025-11-30T06:49:10","date_gmt":"2025-11-30T06:49:10","guid":{"rendered":"https:\/\/www.europesays.com\/no\/100388\/"},"modified":"2025-11-30T06:49:10","modified_gmt":"2025-11-30T06:49:10","slug":"vi-skal-igjennom-en-shake-out-e24","status":"publish","type":"post","link":"https:\/\/www.europesays.com\/no\/100388\/","title":{"rendered":"\u2013 Vi skal igjennom en \u00abshake-out\u00bb \u2013 E24"},"content":{"rendered":"<p class=\"fullWidthDesktop hyperion-css-71ztg2\" data-test-tag=\"lead-text\">Storebrand Asset Management-sjefen om b\u00f8rs-euforien og om \u00e5 bli vippet av pinnen som landets st\u00f8rste kapitalforvalter. <\/p>\n<p><img decoding=\"async\" class=\"image-asset hyperion-css-1jd9400\" data-test-tag=\"image-asset\" src=\"https:\/\/www.europesays.com\/no\/wp-content\/uploads\/2025\/11\/b39d97a6-95ef-4a6e-b5c3-e5bad67d82f7\"  alt=\"GIR IKKE FRA SEG TRONEN: Storebrand-direkt\u00f8r Jan Erik Saugestad vil neppe gi DNB pusterom. Slaget om \u00ablandets st\u00f8rste forvalter\u00bb st\u00e5r ogs\u00e5 om finanshovedstaden Stockholm (bildet), der DNB-eide Carnegie Fonder har base og Storebrand er en betydelig akt\u00f8r. \"  loading=\"eager\" fetchpriority=\"high\" style=\"aspect-ratio:1900 \/ 1267\"\/>GIR IKKE FRA SEG TRONEN: Storebrand-direkt\u00f8r Jan Erik Saugestad vil neppe gi DNB pusterom. Slaget om \u00ablandets st\u00f8rste forvalter\u00bb st\u00e5r ogs\u00e5 om finanshovedstaden Stockholm (bildet), der DNB-eide Carnegie Fonder har base og Storebrand er en betydelig akt\u00f8r. Foto: Fredrik HjerlingPublisert: <\/p>\n<p>For mindre enn 2 timer siden<\/p>\n<p>Oppdatert n\u00e5 nettopp<\/p>\n<p>Kortversjonen<\/p>\n<ul class=\"hyperion-css-pkq1ci\" data-test-tag=\"list\">\n<li class=\"hyperion-css-12h2ush\">Sjefen i Storebrand Asset Management, Jan Erik Saugestad, diskuterer markedsuro og AI-eufori, og forutser en utskilling der sterke akt\u00f8rer overlever.<\/li>\n<li class=\"hyperion-css-12h2ush\">Saugestad reflekterer over vekstambisjonene og muligheten for \u00e5 overg\u00e5 DNB, som gjennom kj\u00f8pet av Carnegie nylig passerte Storebrand som Norges st\u00f8rste kapitalforvalter, en posisjon Storebrand har hatt i 10 \u00e5r.<\/li>\n<li class=\"hyperion-css-12h2ush\">Han mener st\u00f8rrelse er viktig mtp. skalafordeler, teknologisk utvikling og kundebehov, samt at st\u00f8rrelse forplikter.<\/li>\n<li class=\"hyperion-css-12h2ush\">Saugestad kommenterer ogs\u00e5 regulatoriske endringer og viktigheten av konkurransedyktige vilk\u00e5r for norsk finans.<\/li>\n<\/ul>\n<p class=\"hyperion-css-10lbhat\">Oppsummeringen er laget av AI-verkt\u00f8yet ChatGPT og kvalitetssikret av E24s journalister<\/p>\n<p>Vis mer <\/p>\n<ul class=\"hyperion-css-pte5x0\">\n<li aria-label=\"link\" class=\"narrow-button hyperion-css-1sz7d3n\">Kopier lenke<\/li>\n<li aria-label=\"link\" class=\"wide-button hyperion-css-1sz7d3n\">Kopier lenke<\/li>\n<li aria-label=\"facebook\" class=\"narrow-button hyperion-css-1sz7d3n\">Del p\u00e5 Facebook<\/li>\n<li aria-label=\"facebook\" class=\"wide-button hyperion-css-1sz7d3n\">Del p\u00e5 Facebook<\/li>\n<li aria-label=\"email\" class=\"narrow-button hyperion-css-1sz7d3n\">Del med e-post<\/li>\n<li aria-label=\"email\" class=\"wide-button hyperion-css-1sz7d3n\">Del med e-post<\/li>\n<\/ul>\n<p class=\"hyperion-css-1lemvax\">Tross den siste tids <a data-test-tag=\"internal-link\" href=\"https:\/\/e24.no\/boers-og-finans\/i\/RjbR9x\/mange-spennende-muligheter-i-et-boersfall\" class=\"hyperion-css-1rezu2g\" rel=\"nofollow noopener\" target=\"\" aria-label=\"markedsuro\">markedsuro<\/a> vaker b\u00f8rsene n\u00e6r de <a data-test-tag=\"internal-link\" href=\"https:\/\/e24.no\/boers-og-finans\/i\/BxVnAv\/oppturen-fortsetter-paa-wall-street-alle-foeler-seg-bra\" class=\"hyperion-css-1rezu2g\" rel=\"nofollow noopener\" target=\"\" aria-label=\"h\u00f8yeste niv\u00e5er noensinne\">h\u00f8yeste niv\u00e5er noensinne<\/a>, godt hjulpet av luftige verdsettelser innen kunstig intelligens.<\/p>\n<p class=\"hyperion-css-1lemvax\">Storebrand Asset Management-sjef Jan Erik Saugestad stikker ikke hull p\u00e5 ballongen, men tror vi st\u00e5r overfor en utrenskning av svake akt\u00f8rer.<\/p>\n<p class=\"hyperion-css-1lemvax\">\u2013 Jeg tror vi skal igjennom en \u00abshake-outshake-outOpprydning, Opprenskning, utskilling, utryddelse av svake akt\u00f8rer. \u00bb der de sterke overlever og de som bare har gode ideer, ikke gj\u00f8r det. Kunstig intelligens er en teknologi som kommer til \u00e5 skape store verdier, og v\u00e6re med oss i lang tid, sier Saugestad til E24. <\/p>\n<p><a data-test-tag=\"teaser-small:link-internal\" href=\"https:\/\/e24.no\/boers-og-finans\/i\/43j0o9\/kvadsheim-tips-skikkelig-gode-fond\" class=\"imagePosition-top inline hyperion-css-6238vu\" rel=\"nofollow noopener\" target=\"\" aria-label=\"Flere nordmenn velger norske fond. Dette m\u00e5 du vite.\"><\/p>\n<p>Les p\u00e5 E24+<\/p>\n<p>Flere nordmenn velger norske fond. Dette m\u00e5 du vite.<\/p>\n<p><\/a>\u2013 Eufori<\/p>\n<p class=\"hyperion-css-1lemvax\">Han sammenligner dagens situasjon med tidligere bobler som dot-com-krakket i 2000 og den gr\u00f8nne investeringsb\u00f8lgen rundt 2020\u20132021.<\/p>\n<p class=\"hyperion-css-1lemvax\">\u2013 Det er alltid litt eufori, og s\u00e5 kommer du gjennom det noen kaller \u00abthe valley of realization\u00bb. Man innser at markedet m\u00e5 utvikle seg og forretningsmodellen henge sammen, og s\u00e5 f\u00e5r du en korreksjon, forklarer forvalteren. <\/p>\n<p class=\"hyperion-css-1lemvax\">Saugestad understreker at teknologiske gjennombrudd overlever slike korreksjoner.<\/p>\n<p class=\"hyperion-css-1lemvax\">\u2013 Det ble jo noe av internett for \u00e5 si det s\u00e5nn. Og n\u00e5r det gjelder fornybar energi, s\u00e5 er det jo h\u00f8yt tempo p\u00e5 investeringer i b\u00e5de produksjon, distribusjon og lagring, sier han. <\/p>\n<p><a data-test-tag=\"teaser-small:link-internal\" href=\"https:\/\/e24.no\/teknologi\/i\/QMpBw4\/ai-haap-for-europa\" class=\"imagePosition-top inline hyperion-css-6238vu\" rel=\"nofollow noopener\" target=\"\" aria-label=\"E24-kommentar: AI-h\u00e5p for Europa\"><\/p>\n<p>Les ogs\u00e5<\/p>\n<p>E24-kommentar: AI-h\u00e5p for Europa<\/p>\n<p><\/a>Utfordrer<\/p>\n<p class=\"hyperion-css-1lemvax\">Saugestad er ikke redd for \u00e5 ta bladet fra munnen. <\/p>\n<p class=\"hyperion-css-1lemvax\">Han var en tydelig stemme da norske skatteregler for fondsbeskatning <a data-test-tag=\"internal-link\" href=\"https:\/\/e24.no\/boers-og-finans\/i\/5E4Lde\/landets-stoerste-forvalter-om-fondsflukten-hjelper-ikke-aa-lukke-gapet-nesten\" class=\"hyperion-css-1rezu2g\" rel=\"nofollow noopener\" target=\"\" aria-label=\"truet med \u00e5 tvinge samtlige av Storebrands \u2013 og bransjens \u2013 norske fond til Sverige\">truet med \u00e5 tvinge samtlige av Storebrands \u2013 og bransjens \u2013 norske fond til Sverige<\/a>. <\/p>\n<p class=\"hyperion-css-1lemvax\">Han har ogs\u00e5 v\u00e6rt kritisk til <a data-test-tag=\"internal-link\" href=\"https:\/\/e24.no\/boers-og-finans\/i\/W0455G\/skeptisk-til-pause-i-etikkraadet-litt-uheldig\" class=\"hyperion-css-1rezu2g\" rel=\"nofollow noopener\" target=\"\" aria-label=\"regjeringens suspensjon av Oljefondets etikkr\u00e5d\">regjeringens suspensjon av Oljefondets etikkr\u00e5d<\/a>, og reagerte da <a data-test-tag=\"internal-link\" href=\"https:\/\/e24.no\/boers-og-finans\/i\/MnXg4E\/storforvalter-uenig-med-oljefondet-kvartalsrapportering-boer-opprettholdes\" class=\"hyperion-css-1rezu2g\" rel=\"nofollow noopener\" target=\"\" aria-label=\"Oljefondet ville ha f\u00e6rre resultatrapporteringer fra b\u00f8rsnoterte selskaper\">Oljefondet ville ha f\u00e6rre resultatrapporteringer fra b\u00f8rsnoterte selskaper<\/a>. <\/p>\n<p class=\"hyperion-css-1lemvax\">Saugestad har ogs\u00e5 tatt til orde for at <a data-test-tag=\"internal-link\" href=\"https:\/\/e24.no\/boers-og-finans\/i\/jl8lWb\/storforvalter-mener-oljefondet-boer-faa-investere-i-unoterte-aksjer\" class=\"hyperion-css-1rezu2g\" rel=\"nofollow noopener\" target=\"\" aria-label=\"Oljefondet b\u00f8r f\u00e5 investere i unoterte aksjer\">Oljefondet b\u00f8r f\u00e5 investere i unoterte aksjer<\/a>, herunder <a data-test-tag=\"internal-link\" href=\"https:\/\/e24.no\/boers-og-finans\/i\/EQABpo\/mener-private-equity-kunne-gitt-150-mrd-ekstra-tror-vi-kan-gjoere-skikkelig-gode-dealer\" class=\"hyperion-css-1rezu2g\" rel=\"nofollow noopener\" target=\"\" aria-label=\"private equity\">private equity<\/a>, noe fondet gjentatte ganger <a data-test-tag=\"internal-link\" href=\"https:\/\/e24.no\/boers-og-finans\/i\/GMv4xJ\/vil-ikke-la-oljefondet-investere-i-unoterte-aksjer\" class=\"hyperion-css-1rezu2g\" rel=\"nofollow noopener\" target=\"\" aria-label=\"har f\u00e5tt nei til\">har f\u00e5tt nei til<\/a>. <\/p>\n<p><a data-test-tag=\"teaser-small:link-internal\" href=\"https:\/\/e24.no\/boers-og-finans\/i\/1M140l\/storebrand-dropper-utflagging-av-norske-fond\" class=\"imagePosition-top inline hyperion-css-6238vu\" rel=\"nofollow noopener\" target=\"\" aria-label=\"Storebrand dropper utflagging av norske fond\"><\/p>\n<p>Les ogs\u00e5<\/p>\n<p>Storebrand dropper utflagging av norske fond<\/p>\n<p><\/a><\/p>\n<p class=\"hyperion-css-1lemvax\">\u2013 Forplikter det \u00e5 v\u00e6re st\u00f8rst, og stor i Norge? <\/p>\n<p class=\"hyperion-css-1lemvax\">\u2013 Ja. Man er \u00e5penbart forpliktet til \u00e5 agere p\u00e5 en forsvarlig m\u00e5te i forhold til kapitalmarkedet, og vi spiller en viktig rolle der. Det forplikter ogs\u00e5 \u00e5 v\u00e6re en tydelig stemme i forhold til regulering og styring av n\u00e6ringen, og vi tar ogs\u00e5 vare p\u00e5 veldig mange kunder, som forplikter, sier Saugetad. <\/p>\n<p>Smerten<\/p>\n<p class=\"hyperion-css-1lemvax\">Skj\u00f8nt st\u00f8rst. <\/p>\n<p class=\"hyperion-css-1lemvax\">DNB passerte nylig Storebrand som landets st\u00f8rste kapitalforvalter etter <a data-test-tag=\"internal-link\" href=\"https:\/\/e24.no\/boers-og-finans\/i\/dRqxaq\/dnb-kjoeper-carnegie-for-12-milliarder-svenske-kroner-perfekt-match\" class=\"hyperion-css-1rezu2g\" rel=\"nofollow noopener\" target=\"\" aria-label=\"oppkj\u00f8pet av Carnegie\">oppkj\u00f8pet av Carnegie<\/a>, der begge n\u00e5 har over 1500 milliarder kroner under forvaltning. <\/p>\n<p class=\"hyperion-css-1lemvax\">Status er <a aria-label=\"1579\" class=\"default hyperion-css-1rezu2g\" href=\"https:\/\/www.ir.dnb.no\/sites\/default\/files\/pr\/202510217061-1.pdf?ts=1761748903\" rel=\"noopener nofollow noreferrer\" data-test-tag=\"external-link\" target=\"_blank\">1579<\/a> mot <a aria-label=\"1561 milliarder\" class=\"default hyperion-css-1rezu2g\" href=\"https:\/\/www.storebrand.no\/en\/investor-relations\/quarterly-reporting\/storebrand-asa\/2025\/_\/attachment\/inline\/9faed008-7204-497f-a9c0-735fd568f785:0edabd6a99d131f42b6ee2237953ff678bb59412\/2025-3q-analyst-presentation-storebrand-asa.pdf\" rel=\"noopener nofollow noreferrer\" data-test-tag=\"external-link\" target=\"_blank\">1561 milliarder<\/a> kroner per utgangen av 3. kvartal i m\u00e5nedsskiftet september\/oktober. <\/p>\n<p class=\"hyperion-css-1lemvax\">Kroppsspr\u00e5ket avsl\u00f8rer at d\u00e9t smerter, etter ti \u00e5r p\u00e5 tronen, men Saugestad fatter seg.<\/p>\n<p class=\"hyperion-css-1lemvax\">\u2013 Det g\u00e5r ikke inn p\u00e5 meg, men jeg synes det var litt g\u00f8y \u00e5 v\u00e6re st\u00f8rst. Ikke fordi det har s\u00e5 stor aksjon\u00e6rverdi, men det er jo noe med signaleffekten, sier han. <\/p>\n<p>Jan Erik Saugestad<\/p>\n<p class=\"hyperion-css-ffjyk2\">Saugestad (60) er f\u00f8dt i \u00c5lesund, der han bodde frem til 11 \u00e5r. Selv om dialekten siden er preget av en oppvekst i Sandefjord er kremmer\u00e5nden s\u00e5 vel som familieb\u00e5ndene godt bevart. Det skjer gjennom regelmessige bes\u00f8k til Vestlandet og den omkringliggende fjellheimen.<\/p>\n<p class=\"hyperion-css-ffjyk2\">Han liker \u00e5 bruke kroppen og \u00e5 ha ski p\u00e5 beina, helst etter \u00e5 ha b\u00e5ret dem til fjells. Det gj\u00f8r han gjerne ogs\u00e5 i Jotunheimen, fra sin base p\u00e5 Beitost\u00f8len.<\/p>\n<p class=\"hyperion-css-ffjyk2\">Saugestad trives ogs\u00e5 ved sj\u00f8en, b\u00e5de p\u00e5 Sand\u00f8ya i Tvedestrandsfjorden og i Sandefjord, der han nyter sommeren etter mye reising i jobben som en nordisk kapitalforvalter. <\/p>\n<p class=\"hyperion-css-ffjyk2\">Det vites ikke om dagens manke passerte opptakskravene til McKinsey etter endt studium som sivilingeni\u00f8r fra NTNU, samt MBA fra det franske toppleder-klekkeriet Insead, ved inngangen til 1990-tallet. <\/p>\n<p class=\"hyperion-css-ffjyk2\">Men konsulentjobben ga ham et springbrett til rollen som analysesjef i Nordea Markets, f\u00f8r han deretter hoppet videre et par \u00e5r som partner i et selskap innen maritime investeringer, deretter tilbake til meglerbransjen og Handelsbanken Capital Markets som sektoransvarlig for olje, oljeservice og shipping.<\/p>\n<p class=\"hyperion-css-ffjyk2\">Disse f\u00f8rste, ti \u00e5rene la grunnlaget for en karriere i Storebrand som har vart i over 26 \u00e5r. Fra en rolle som portef\u00f8ljeforvalter til leder for asset allocation og senere, investeringsdirekt\u00f8r (CIO), ble han utnevnt til toppsjef i Storebrand Asset Management i 2015. <\/p>\n<p class=\"hyperion-css-ffjyk2\">Saugestad sitter ogs\u00e5 i styret i Skagenfondene, og er styreleder i nevnte Cubera og danske Capital Investment. Han er ogs\u00e5 styremedlem i Verdipapirfondenes forening (VFF), med flere. <\/p>\n<p class=\"hyperion-css-ffjyk2\">Saugestad hadde en \u00e5rsl\u00f8nn p\u00e5 8 millioner kroner i fjor, kun forbig\u00e5tt av Storebrand-sjef Odd Arild Grefstad p\u00e5 9,9 millioner kroner, if\u00f8lge Storebrands <a aria-label=\"\u00e5rsrapport\" class=\"default hyperion-css-1rezu2g\" href=\"https:\/\/www.storebrand.no\/en\/investor-relations\/annual-reports\/_\/attachment\/inline\/f7268ecb-0b2b-44e3-b264-bb93a0a06afa:afbfc17fd8ac42a515a6a48fb54eaec364e37ae0\/2024-annual-report-storebrand-asa.pdf\" rel=\"noopener nofollow noreferrer\" data-test-tag=\"external-link\" target=\"_blank\">\u00e5rsrapport<\/a>. <\/p>\n<p class=\"hyperion-css-ffjyk2\">Forvalteren hadde en inntekt p\u00e5 n\u00e6r 9,5 millioner kroner og en formue p\u00e5 over 58 millioner kroner i 2023, if\u00f8lge skattelistene.<\/p>\n<p class=\"hyperion-css-ffjyk2\">Per 26. juni eide Saugestad 164,174 Storebrand-aksjer, som p\u00e5 dagens <a aria-label=\"kurser\" class=\"default hyperion-css-1rezu2g\" href=\"https:\/\/e24.no\/bors\/instrument\/STB.OSE\" rel=\"noopener nofollow\" data-test-tag=\"external-link\" target=\"_blank\">kurser<\/a> har en verdi p\u00e5 n\u00e6r 26 millioner kroner. <\/p>\n<p>Vis merFlere oppkj\u00f8p<\/p>\n<p class=\"hyperion-css-1lemvax\">DNB investerte rundt 12 milliarder kroner for \u00e5 innta tronen, som brakte Carnegie Fonder inn under DNB-paraplyen. <\/p>\n<p class=\"hyperion-css-1lemvax\">Saugestad er rask til \u00e5 p\u00e5peke at Storebrand har hatt sterkest vekst blant de nordiske akt\u00f8rene de siste ti \u00e5rene. <\/p>\n<p class=\"hyperion-css-1lemvax\">I denne perioden har Storebrand ogs\u00e5 kj\u00f8pt <a data-test-tag=\"internal-link\" href=\"https:\/\/e24.no\/boers-og-finans\/i\/0np21A\/storebrand-kjoeper-skagen\" class=\"hyperion-css-1rezu2g\" rel=\"nofollow noopener\" target=\"\" aria-label=\"Skagenfondene\">Skagenfondene<\/a>, <a aria-label=\"Delphi-fondene\" class=\"default hyperion-css-1rezu2g\" href=\"https:\/\/www.vg.no\/nyheter\/i\/EopJ3K\/finansbanken-kjoeper-delphi\" rel=\"noopener nofollow noreferrer\" data-test-tag=\"external-link\" target=\"_blank\">Delphi-fondene<\/a>, private equity-selskapet <a aria-label=\"Cubera\" class=\"default hyperion-css-1rezu2g\" href=\"https:\/\/e24.no\/bors\/nyheter\/a\/265477?pinnedEntry=265477\" rel=\"noopener nofollow\" data-test-tag=\"external-link\" target=\"_blank\">Cubera<\/a>, den danske eiendomsforvalteren <a data-test-tag=\"internal-link\" href=\"https:\/\/e24.no\/boers-og-finans\/i\/a7vK3d\/storebrand-kjoeper-dansk-eiendomsforvalter\" class=\"hyperion-css-1rezu2g\" rel=\"nofollow noopener\" target=\"\" aria-label=\"Capital investment\">Capital investment<\/a> og det danske fornybar-investeringsselskapet <a data-test-tag=\"internal-link\" href=\"https:\/\/e24.no\/boers-og-finans\/i\/73dQM8\/storebrand-kjoeper-dansk-kapitalforvalter\" class=\"hyperion-css-1rezu2g\" rel=\"nofollow noopener\" target=\"\" aria-label=\"AIP Management\">AIP Management<\/a>. <\/p>\n<p><a data-test-tag=\"teaser-small:link-internal\" href=\"https:\/\/e24.no\/boers-og-finans\/i\/93jVJ9\/venter-spent-paa-tekgigantenes-tall-konkurranse-paa-liv-og-doed\" class=\"imagePosition-top inline hyperion-css-6238vu\" rel=\"nofollow noopener\" target=\"\" aria-label=\"Venter spent p\u00e5 tekgigantenes tall: \u2013 Konkurranse p\u00e5 liv og d\u00f8d\"><\/p>\n<p>Les p\u00e5 E24+<\/p>\n<p>Venter spent p\u00e5 tekgigantenes tall: \u2013 Konkurranse p\u00e5 liv og d\u00f8d<\/p>\n<p><\/a><\/p>\n<p class=\"hyperion-css-1lemvax\">Det har bidratt til at forvaltningskapitalen har tredoblet seg fra rundt 575 milliarder i 2015 til 1561 milliarder siste kvartal, og at selskapet har g\u00e5tt fra 130 til 520 ansatte.<\/p>\n<p class=\"hyperion-css-1lemvax\">\u2013 Hvis du legger den veksttakten til grunn, s\u00e5 passerer vi dem (DNB, journ.anm.) ganske snart, sier han om vekstambisjonene, uten \u00e5 sette noen dato.<\/p>\n<p><img decoding=\"async\" class=\"image-asset hyperion-css-u06ts1\" data-test-tag=\"image-asset\" src=\"https:\/\/www.europesays.com\/no\/wp-content\/uploads\/2025\/11\/3c18d409-5da8-4088-a3f9-c5849937f77d\"  alt=\"Saugestad (t.h.), her i samtale med tidligere finansminister Kristin Halvorsen (SV) under tidligere visesentralbanksjef Egil Matsens klimarisiko-tale hos Norges Bank, 2019. \"  loading=\"eager\" fetchpriority=\"high\" style=\"aspect-ratio:1900 \/ 1267\"\/>Saugestad (t.h.), her i samtale med tidligere finansminister Kristin Halvorsen (SV) under tidligere visesentralbanksjef Egil Matsens klimarisiko-tale hos Norges Bank, 2019. Foto: Kjetil Malkenes Hovland<a data-test-tag=\"teaser-small:link-internal\" href=\"https:\/\/e24.no\/boers-og-finans\/i\/1MQVbJ\/keiserens-nye-kunstige-klaer\" class=\"imagePosition-top inline hyperion-css-6238vu\" rel=\"nofollow noopener\" target=\"\" aria-label=\"E24-kommentar om AI: Keiserens nye, kunstige kl\u00e6r? \"><\/p>\n<p>Les p\u00e5 E24+<\/p>\n<p>E24-kommentar om AI: Keiserens nye, kunstige kl\u00e6r? <\/p>\n<p><\/a>Tilspisset konkurranse<\/p>\n<p class=\"hyperion-css-1lemvax\">Storebrand-toppen sier det er plass til flere store akt\u00f8rer i det nordiske markedet, hvor det n\u00e5 er rundt 15 store kapitalforvaltere.<\/p>\n<p class=\"hyperion-css-1lemvax\">Han mener DNBs oppkj\u00f8p av Carnegie spiller inn i en s\u00f8ken etter \u00e5 bli en nordisk kapitalforvalter, som flere andre banker ogs\u00e5 har blitt tydeligere p\u00e5.<\/p>\n<p class=\"hyperion-css-1lemvax\">\u2013 Det er jo \u00e5penbart at de har v\u00e6rt en konkurrent, og de vil ogs\u00e5 v\u00e6re en konkurrent fremover, men konkurransen er der b\u00e5de med og uten DNB, sier Storebrand-toppen. <\/p>\n<p class=\"hyperion-css-1lemvax\">Saugestad peker p\u00e5 tre grunner til at det er viktig \u00e5 v\u00e6re stor: Skalafordeler p\u00e5 rapportering og regulatoriske krav, at kundene blir st\u00f8rre og \u00f8nsker f\u00e6rre leverand\u00f8rer, og investeringer i teknologi og kunstig intelligens.<\/p>\n<p><a data-test-tag=\"teaser-small:link-internal\" href=\"https:\/\/e24.no\/boers-og-finans\/i\/rrpOll\/disse-aksjene-har-investeringsdirektoeren-tro-paa\" class=\"imagePosition-top inline hyperion-css-6238vu\" rel=\"nofollow noopener\" target=\"\" aria-label=\"Disse aksjene har investeringsdirekt\u00f8ren tro p\u00e5 \"><\/p>\n<p>Les p\u00e5 E24+<\/p>\n<p>Disse aksjene har investeringsdirekt\u00f8ren tro p\u00e5 <\/p>\n<p><\/a>Jakter markedsandeler<\/p>\n<p class=\"hyperion-css-1lemvax\">Samtidig kan veksten komme fra tre komponenter: oppkj\u00f8p, kapitalinngang og markedet i seg selv, som historisk sett har gitt omtrent like bidrag, if\u00f8lge Saugestad.<\/p>\n<p class=\"hyperion-css-1lemvax\">\u2013 Markedet er p\u00e5 historiske toppniv\u00e5er, er det naturlig \u00e5 tenke at noe av veksten vil komme derfra fremover?<\/p>\n<p class=\"hyperion-css-1lemvax\">\u2013 Jeg tenker at hvis man tar et s\u00e5pass langt perspektiv som ti \u00e5r, s\u00e5 er det grunn til \u00e5 tro at selv om det skulle komme en korreksjon i markedene, s\u00e5 vil markedet v\u00e6re en positiv komponent. \u00c5penbart tror vi ogs\u00e5 at vi vil ta v\u00e5r del, eller en overproporsjonal del, av den flyten som er tilgjengelig, sier Storebrand-toppen. <\/p>\n<p class=\"hyperion-css-1lemvax\">Han legger til at det ikke er like sikkert at de vil v\u00e6re like aktiv p\u00e5 oppkj\u00f8psfronten fremover, som de har v\u00e6rt. <\/p>\n<p class=\"hyperion-css-1lemvax\">\u2013 Det kommer an p\u00e5 hvilke muligheter som byr seg. <\/p>\n<p>\u2013 V\u00e5knet <\/p>\n<p class=\"hyperion-css-1lemvax\">Nylig la regjeringen frem forslag til <a data-test-tag=\"internal-link\" href=\"https:\/\/e24.no\/boers-og-finans\/i\/93y12p\/foretar-skatteendringer-for-verdipapirfond-ikke-lenger-grunn-til-aa-flytte-fond-til-utlandet\" class=\"hyperion-css-1rezu2g\" rel=\"nofollow noopener\" target=\"\" aria-label=\"endringer i fondsbeskatningen\">endringer i fondsbeskatningen<\/a> som stort sett var i tr\u00e5d med det bransjen har etterlyst.<\/p>\n<p class=\"hyperion-css-1lemvax\">Som bredt omtalt av <a aria-label=\"E24\" class=\"default hyperion-css-1rezu2g\" href=\"https:\/\/e24.no\/hendelse\/fondsflukten\" rel=\"noopener nofollow\" data-test-tag=\"external-link\" target=\"_blank\">E24<\/a> kom kuvendingen etter omfattende debatt i kj\u00f8lvannet av at Alfred Berg kapitalforvaltning med flere varslet <a data-test-tag=\"internal-link\" href=\"https:\/\/e24.no\/boers-og-finans\/i\/o37n0a\/flere-fond-vurderer-utflagging-ikke-overrasket-over-utviklingen\" class=\"hyperion-css-1rezu2g\" rel=\"nofollow noopener\" target=\"\" aria-label=\"utflagging av sine norske rente- og aksjefond til Sverige\">utflagging av sine norske rente- og aksjefond til Sverige<\/a>.<\/p>\n<p class=\"hyperion-css-1lemvax\">\u2013 Utfallet har blitt veldig bra for bransjen, og jeg tror, \u00e6rlig talt, at vi ikke hadde f\u00e5tt det til om vi ikke hadde v\u00e6rt tydelige og mobilisert. Da v\u00e5knet man ogs\u00e5 p\u00e5 politisk niv\u00e5, sier Saugestad.<\/p>\n<p><img decoding=\"async\" class=\"image-asset hyperion-css-u06ts1\" data-test-tag=\"image-asset\" src=\"https:\/\/www.europesays.com\/no\/wp-content\/uploads\/2025\/11\/d1317acf-989e-4172-b0a2-c36a97c57393\"  alt=\"Saugestad, her fra Finansn\u00e6ringens dag i regi av Finans Norge tidligere i \u00e5r, der han talte om viktige forutsetninger for nordisk kapitalforvaltning og eksport av finansielle tjenester.\"  loading=\"eager\" fetchpriority=\"high\" style=\"aspect-ratio:1900 \/ 1267\"\/>Saugestad, her fra Finansn\u00e6ringens dag i regi av Finans Norge tidligere i \u00e5r, der han talte om viktige forutsetninger for nordisk kapitalforvaltning og eksport av finansielle tjenester. Foto: Skjalg B\u00f8hmer Vold<a data-test-tag=\"teaser-small:link-internal\" href=\"https:\/\/e24.no\/boers-og-finans\/i\/L4po3V\/ai-boblens-regnestykke-gaar-ikke-opp\" class=\"imagePosition-top inline hyperion-css-6238vu\" rel=\"nofollow noopener\" target=\"\" aria-label=\"AI-boblens regnestykke g\u00e5r ikke opp\"><\/p>\n<p>Les p\u00e5 E24+<\/p>\n<p>AI-boblens regnestykke g\u00e5r ikke opp<\/p>\n<p><\/a>\u2013 Har gagnet<\/p>\n<p class=\"hyperion-css-1lemvax\">Endringene kom likevel <a data-test-tag=\"internal-link\" href=\"https:\/\/e24.no\/boers-og-finans\/i\/LM8rvV\/fortsetter-utflaggingen-av-norske-fond\" class=\"hyperion-css-1rezu2g\" rel=\"nofollow noopener\" target=\"\" aria-label=\"for sent for Alfred Berg\">for sent for Alfred Berg<\/a>, som har flyttet sine norske aksje- og rentefond til Sverige. <\/p>\n<p class=\"hyperion-css-1lemvax\">Samtidig har <a data-test-tag=\"internal-link\" href=\"https:\/\/e24.no\/boers-og-finans\/i\/qPxw7O\/nok-en-nisjebank-flagger-ut-instabank-soeker-lisens-i-finland\" class=\"hyperion-css-1rezu2g\" rel=\"nofollow noopener\" target=\"\" aria-label=\"en rekke nisjebanker flyttet samme vei\">en rekke nisjebanker flyttet samme vei<\/a>, p\u00e5 grunn av mer konkurransedyktige rammevilk\u00e5r over grensen.<\/p>\n<p class=\"hyperion-css-1lemvax\">\u2013 I hvilken grad tror du diskusjonen rundt fondsbeskatningen har skadet norsk finans, sett fra utsiden? <\/p>\n<p class=\"hyperion-css-1lemvax\">\u2013 Jeg tror egentlig dette bare har gagnet n\u00e6ringen, og har v\u00e6rt med p\u00e5 \u00e5 synliggj\u00f8re norsk finansn\u00e6ring og kapitalforvaltning spesielt. B\u00e5de viktigheten av \u00e5 ha n\u00e6ringen, viktigheten av at den er konkurransedyktig, og viktigheten at b\u00e5de vi og andre n\u00e6ringer har konkurransedyktige rammevilk\u00e5r, sier Storebrand-toppen. <\/p>\n<p><a data-test-tag=\"teaser-small:link-internal\" href=\"https:\/\/e24.no\/naeringsliv\/i\/L4pnXx\/rir-ai-boomen-i-verste-fall-kan-denne-boblen-briste\" class=\"imagePosition-top inline hyperion-css-6238vu\" rel=\"nofollow noopener\" target=\"\" aria-label=\"Rir AI-boomen: \u2013 I verste fall kan denne boblen briste\"><\/p>\n<p>Les ogs\u00e5<\/p>\n<p>Rir AI-boomen: \u2013 I verste fall kan denne boblen briste<\/p>\n<p><\/a><\/p>\n<p class=\"hyperion-css-1lemvax\">\u2013 Hva sier dine kolleger i Stockholm, K\u00f8benhavn og Helsinki i lunsjen om fondsdebatten i Norge?<\/p>\n<p class=\"hyperion-css-1lemvax\">\u2013 I Danmark oppfatter jeg at de observerer endringene som har skjedd. I Sverige har de v\u00e6rt tettere p\u00e5 saken siden alternativet var \u00e5 flytte v\u00e5re verdipapirfond til Sverige. Det var selvsagt veldig velkommen, s\u00e5 de ble vel kanskje litt skuffet da vi valgte \u00e5 beholde de norske fondene i Norge, sier Saugestad.<\/p>\n<p class=\"hyperion-css-1lemvax\">Storebrand avholder <a class=\"default hyperion-css-1rezu2g\" href=\"https:\/\/www.storebrand.no\/en\/investor-relations\/capital-markets-day-invitation\" rel=\"noopener nofollow noreferrer\" data-test-tag=\"external-link\" target=\"_blank\">kapitalmarkedsdag <\/a>for investorer, analytikere og andre interessenter i selskapets lokaler p\u00e5 Lysaker, Oslo, onsdag 10. desember.<\/p>\n<p><a data-test-tag=\"teaser-small:link-internal\" href=\"https:\/\/e24.no\/boers-og-finans\/i\/wr66ed\/markeder-kommer-og-gaar-teknologien-bestaar\" class=\"imagePosition-top inline hyperion-css-6238vu\" rel=\"nofollow noopener\" target=\"\" aria-label=\"P\u00e5l Ringholm: At et marked er dyrt er ikke det samme som en boble\"><\/p>\n<p>Les p\u00e5 E24+<\/p>\n<p>P\u00e5l Ringholm: At et marked er dyrt er ikke det samme som en boble<\/p>\n<p><\/a><a data-test-tag=\"teaser-small:link-internal\" href=\"https:\/\/e24.no\/naeringsliv\/i\/43jOqE\/bygger-gigantvilla-til-200-mill\" class=\"imagePosition-top inline hyperion-css-6238vu\" rel=\"nofollow noopener\" target=\"\" aria-label=\"River tre boliger og bygger gigantvilla til 200 mill.\"><\/p>\n<p>Les ogs\u00e5<\/p>\n<p>River tre boliger og bygger gigantvilla til 200 mill.<\/p>\n<p><\/a><a data-test-tag=\"teaser-small:link-internal\" href=\"https:\/\/e24.no\/naeringsliv\/i\/rrplpw\/betaler-over-150000-kroner-kvadratmeteren-i-hemsedal\" class=\"imagePosition-top inline hyperion-css-6238vu\" rel=\"nofollow noopener\" target=\"\" aria-label=\"Betaler over 150.000 kroner kvadratmeteren i Hemsedal\"><\/p>\n<p>Les ogs\u00e5<\/p>\n<p>Betaler over 150.000 kroner kvadratmeteren i Hemsedal<\/p>\n<p><\/a><a data-test-tag=\"teaser-small:link-internal\" href=\"https:\/\/e24.no\/naeringsliv\/i\/0Vw672\/spetalen-selger-luksusprosjekt-gjoer-firegangen-paa-tennisbane\" class=\"imagePosition-top inline hyperion-css-6238vu\" rel=\"nofollow noopener\" target=\"\" aria-label=\"Spetalen selger luksusprosjekt: Gj\u00f8r firgangen p\u00e5 tennisbane\"><\/p>\n<p>Les ogs\u00e5<\/p>\n<p>Spetalen selger luksusprosjekt: Gj\u00f8r firgangen p\u00e5 tennisbane<\/p>\n<p><\/a><a data-test-tag=\"teaser-small:link-internal\" href=\"https:\/\/e24.no\/naeringsliv\/i\/V6lk76\/usolgt-i-over-ett-aar-priskutt-paa-over-17-millioner\" class=\"imagePosition-top inline hyperion-css-6238vu\" rel=\"nofollow noopener\" target=\"\" aria-label=\"Usolgt i over ett \u00e5r: Priskutt p\u00e5 over 17 millioner\"><\/p>\n<p>Les ogs\u00e5<\/p>\n<p>Usolgt i over ett \u00e5r: Priskutt p\u00e5 over 17 millioner<\/p>\n<p><\/a><\/p>\n","protected":false},"excerpt":{"rendered":"Storebrand Asset Management-sjefen om b\u00f8rs-euforien og om \u00e5 bli vippet av pinnen som landets st\u00f8rste kapitalforvalter. GIR IKKE&hellip;\n","protected":false},"author":2,"featured_media":100389,"comment_status":"","ping_status":"","sticky":false,"template":"","format":"standard","meta":{"footnotes":""},"categories":[56],"tags":[60,61,62,30,28,29],"class_list":{"0":"post-100388","1":"post","2":"type-post","3":"status-publish","4":"format-standard","5":"has-post-thumbnail","7":"category-naeringsliv","8":"tag-business","9":"tag-economy","10":"tag-naeringsliv","11":"tag-no","12":"tag-norge","13":"tag-norway"},"share_on_mastodon":{"url":"https:\/\/pubeurope.com\/@no\/115637319500453848","error":""},"_links":{"self":[{"href":"https:\/\/www.europesays.com\/no\/wp-json\/wp\/v2\/posts\/100388","targetHints":{"allow":["GET"]}}],"collection":[{"href":"https:\/\/www.europesays.com\/no\/wp-json\/wp\/v2\/posts"}],"about":[{"href":"https:\/\/www.europesays.com\/no\/wp-json\/wp\/v2\/types\/post"}],"author":[{"embeddable":true,"href":"https:\/\/www.europesays.com\/no\/wp-json\/wp\/v2\/users\/2"}],"replies":[{"embeddable":true,"href":"https:\/\/www.europesays.com\/no\/wp-json\/wp\/v2\/comments?post=100388"}],"version-history":[{"count":0,"href":"https:\/\/www.europesays.com\/no\/wp-json\/wp\/v2\/posts\/100388\/revisions"}],"wp:featuredmedia":[{"embeddable":true,"href":"https:\/\/www.europesays.com\/no\/wp-json\/wp\/v2\/media\/100389"}],"wp:attachment":[{"href":"https:\/\/www.europesays.com\/no\/wp-json\/wp\/v2\/media?parent=100388"}],"wp:term":[{"taxonomy":"category","embeddable":true,"href":"https:\/\/www.europesays.com\/no\/wp-json\/wp\/v2\/categories?post=100388"},{"taxonomy":"post_tag","embeddable":true,"href":"https:\/\/www.europesays.com\/no\/wp-json\/wp\/v2\/tags?post=100388"}],"curies":[{"name":"wp","href":"https:\/\/api.w.org\/{rel}","templated":true}]}}