{"id":100390,"date":"2025-11-30T06:50:08","date_gmt":"2025-11-30T06:50:08","guid":{"rendered":"https:\/\/www.europesays.com\/no\/100390\/"},"modified":"2025-11-30T06:50:08","modified_gmt":"2025-11-30T06:50:08","slug":"california-skyting-fire-dode-og-flere-saret-etter-skyting-i-california","status":"publish","type":"post","link":"https:\/\/www.europesays.com\/no\/100390\/","title":{"rendered":"California, Skyting | Fire d\u00f8de og flere s\u00e5ret etter skyting i California"},"content":{"rendered":"\n<p>Lokalt politi opplyser at 14 personer ble truffet av skuddene, og at fire av disse er d\u00f8de. Skadegrad p\u00e5 de ti som er fraktet til sykehus, er ikke kjent.<\/p>\n<p>\u2013 Skytingen fant sted p\u00e5 et barns bursdagsfest, skriver Stocktons viseborgermester Jason Lee i et innlegg p\u00e5 Facebook, if\u00f8lge Reuters.<\/p>\n<p>Det lokale politiet opplyser at b\u00e5de barn og voksne er rammet i skytingen i et selskapslokale i byen klokka 18 lokal tid l\u00f8rdag.<\/p>\n<p>Det er ikke meldt om at noen er p\u00e5grepet. Det opplyses videre at det kan se ut som en m\u00e5lrettet hendelse, men politiet sier de etterforsker alle muligheter.<\/p>\n<p>Stockton er en by p\u00e5 vel 300.000 innbyggere \u00f8st for San Francisco og s\u00f8r for Sacramento i Nord-California.<\/p>\n","protected":false},"excerpt":{"rendered":"Lokalt politi opplyser at 14 personer ble truffet av skuddene, og at fire av disse er d\u00f8de. Skadegrad&hellip;\n","protected":false},"author":2,"featured_media":100391,"comment_status":"","ping_status":"","sticky":false,"template":"","format":"standard","meta":{"footnotes":""},"categories":[12],"tags":[20,21,24,25,15,22,23,13,30,28,29,14,16,26,27,42,43,44,45],"class_list":{"0":"post-100390","1":"post","2":"type-post","3":"status-publish","4":"format-standard","5":"has-post-thumbnail","7":"category-verden","8":"tag-breaking-news","9":"tag-breakingnews","10":"tag-featured-news","11":"tag-featurednews","12":"tag-headlines","13":"tag-latest-news","14":"tag-latestnews","15":"tag-news","16":"tag-no","17":"tag-norge","18":"tag-norway","19":"tag-nyheter","20":"tag-overskrifter","21":"tag-top-stories","22":"tag-topstories","23":"tag-verden","24":"tag-world","25":"tag-world-news","26":"tag-worldnews"},"share_on_mastodon":{"url":"https:\/\/pubeurope.com\/@no\/115637323204578287","error":""},"_links":{"self":[{"href":"https:\/\/www.europesays.com\/no\/wp-json\/wp\/v2\/posts\/100390","targetHints":{"allow":["GET"]}}],"collection":[{"href":"https:\/\/www.europesays.com\/no\/wp-json\/wp\/v2\/posts"}],"about":[{"href":"https:\/\/www.europesays.com\/no\/wp-json\/wp\/v2\/types\/post"}],"author":[{"embeddable":true,"href":"https:\/\/www.europesays.com\/no\/wp-json\/wp\/v2\/users\/2"}],"replies":[{"embeddable":true,"href":"https:\/\/www.europesays.com\/no\/wp-json\/wp\/v2\/comments?post=100390"}],"version-history":[{"count":0,"href":"https:\/\/www.europesays.com\/no\/wp-json\/wp\/v2\/posts\/100390\/revisions"}],"wp:featuredmedia":[{"embeddable":true,"href":"https:\/\/www.europesays.com\/no\/wp-json\/wp\/v2\/media\/100391"}],"wp:attachment":[{"href":"https:\/\/www.europesays.com\/no\/wp-json\/wp\/v2\/media?parent=100390"}],"wp:term":[{"taxonomy":"category","embeddable":true,"href":"https:\/\/www.europesays.com\/no\/wp-json\/wp\/v2\/categories?post=100390"},{"taxonomy":"post_tag","embeddable":true,"href":"https:\/\/www.europesays.com\/no\/wp-json\/wp\/v2\/tags?post=100390"}],"curies":[{"name":"wp","href":"https:\/\/api.w.org\/{rel}","templated":true}]}}