{"id":100394,"date":"2025-11-30T06:59:10","date_gmt":"2025-11-30T06:59:10","guid":{"rendered":"https:\/\/www.europesays.com\/no\/100394\/"},"modified":"2025-11-30T06:59:10","modified_gmt":"2025-11-30T06:59:10","slug":"gaza-dodstallet-passerer-70-000-siden-krigen-startet","status":"publish","type":"post","link":"https:\/\/www.europesays.com\/no\/100394\/","title":{"rendered":"Gaza-d\u00f8dstallet passerer 70.000 siden krigen startet"},"content":{"rendered":"\n<p class=\"_lead_o9xde_2 _lead_xtcu6_50 layout-component text-serif-m layout-normal text-serif-l layout-component layout-wide layout-padded _wide_17hqh_1 layout-padded\">To palestinske barn drept av israelsk drone l\u00f8rdag.<\/p>\n<p><img alt=\" Foto: OMAR AL-QATTAA \/ AFP \/ NTB\" class=\"_image_qp4xg_65 layout-component layout-wide\" data-fullscreen- data-track-element-type=\"Article image fullscreen\" data-track-name=\"ImageFullscreen\" fetchpriority=\"high\" decoding=\"sync\" loading=\"eager\" height=\"3475\" itemprop=\"image\"  src=\"https:\/\/www.europesays.com\/no\/wp-content\/uploads\/2025\/11\/51298daa-3435-4de8-abcf-76b7aa648e77\"  style=\"object-position:0% 0%\" width=\"5213\"\/> Foto: OMAR AL-QATTAA \/ AFP \/ NTB<\/p>\n<ul aria-hidden=\"true\" class=\"_images_1uft6_111\">\n<li><a class=\"_link_1uft6_116\" href=\"https:\/\/www.vg.no\/forfatter\/kari-aarstad-aase\" style=\"z-index:1\" title=\"Kari Aarstad Aase\" rel=\"nofollow noopener\" target=\"_blank\"><img alt=\"Bilde av Kari Aarstad Aase\" class=\"_image_1uft6_93\" fetchpriority=\"low\" loading=\"lazy\" decoding=\"async\" itemprop=\"image\"  src=\"https:\/\/www.europesays.com\/no\/wp-content\/uploads\/2025\/11\/1764485949_170_0dbde33e-6d8e-4680-8e4f-e2a64281e2b8\"  width=\"480\"\/><\/a><\/li>\n<\/ul>\n<p> Oppdatert s\u00f8ndag 30. november kl. 05:18     <\/p>\n<p class=\"_paragraph_o9xde_4 _paragraph_xtcu6_10 layout-component text-serif-m layout-normal text-serif-m layout-padded\">D\u00f8dstallet blant palestinere har n\u00e5 passert 70.000 siden Israel-Hamas-krigen startet, opplyser <a href=\"https:\/\/www.vg.no\/tag\/gaza?utm_source=vg-article&amp;utm_medium=auto-tagger&amp;utm_campaign=0pj8VJ\" class=\"_link_o9xde_39\" rel=\"nofollow noopener\" target=\"_blank\">Gazas<\/a> helsedepartement l\u00f8rdag, if\u00f8lge <a href=\"https:\/\/apnews.com\/article\/israel-palestinians-hamas-ceasefire-a83bba11bc506771aa7233326ab97e42\" class=\"_link_o9xde_39\" rel=\"nofollow noopener\" target=\"_blank\">Associated Press<\/a>.<\/p>\n<p class=\"_paragraph_o9xde_4 _paragraph_xtcu6_10 layout-component text-serif-m layout-normal text-serif-m layout-padded\">Tallet fortsetter \u00e5 stige selv etter at den siste v\u00e5penhvilen tr\u00e5dte i kraft 10. oktober. Israel gjennomf\u00f8rer fortsatt angrep som svar p\u00e5 det de kaller brudd p\u00e5 v\u00e5penhvilen.<\/p>\n<p class=\"_paragraph_o9xde_4 _paragraph_xtcu6_10 layout-component text-serif-m layout-normal text-serif-m layout-padded\">Helsedepartementet, som drives av Hamas-styret, sier det palestinske d\u00f8dstallet n\u00e5 er 70.100. Departementet bemannes av medisinske fagfolk og f\u00f8rer detaljerte registre som anses som generelt p\u00e5litelige av det internasjonale samfunnet.<\/p>\n<p><img alt=\"Foto: EYAD BABA \/ AFP \/ NTB\" class=\"_image_qp4xg_65 layout-component layout-normal\" data-fullscreen- data-track-element-type=\"Article image fullscreen\" data-track-name=\"ImageFullscreen\" decoding=\"async\" loading=\"lazy\" height=\"3648\" itemprop=\"image\"  src=\"https:\/\/www.europesays.com\/no\/wp-content\/uploads\/2025\/11\/2079fcce-e614-4012-b686-f03d55971a26\"  style=\"object-position:0% 0%\" width=\"5472\"\/>Foto: EYAD BABA \/ AFP \/ NTB<\/p>\n<p class=\"_paragraph_o9xde_4 _paragraph_xtcu6_10 layout-component text-serif-m layout-normal text-serif-m layout-padded\">L\u00f8rdag ble to palestinske barn drept da en israelsk drone slo ned n\u00e6r en skole som huser fordrevne i byen Beni Suhaila s\u00f8r i Gaza. Br\u00f8drene var \u00e5tte og elleve \u00e5r gamle, opplyser Nasser-sykehuset som mottok kroppene.<\/p>\n<p class=\"_paragraph_o9xde_4 _paragraph_xtcu6_10 layout-component text-serif-m layout-normal text-serif-m layout-padded\">Israels milit\u00e6re sa de drepte to personer som krysset inn i et israelskkontrollert omr\u00e5de og \u00abgjennomf\u00f8rte mistenkelige aktiviteter\u00bb. Uttalelsen nevnte ikke barn.<\/p>\n<p class=\"_paragraph_o9xde_4 _paragraph_xtcu6_10 layout-component text-serif-m layout-normal text-serif-m layout-padded\">Minst 352 palestinere har blitt drept i Gaza siden v\u00e5penhvilen tr\u00e5dte i kraft, if\u00f8lge helsedepartementet. Hamas oppfordret l\u00f8rdag meglere til \u00e5 presse Israel til \u00e5 stoppe det de kaller v\u00e5penhvilebrudd.<\/p>\n<p class=\"_paragraph_o9xde_4 _paragraph_xtcu6_10 layout-component text-serif-m layout-normal text-serif-m layout-padded\">Krigen startet med Hamas-ledet angrep p\u00e5 S\u00f8r-Israel 7. oktober 2023, der rundt 1.200 mennesker ble drept og over 250 tatt som gisler.<\/p>\n","protected":false},"excerpt":{"rendered":"To palestinske barn drept av israelsk drone l\u00f8rdag. Foto: OMAR AL-QATTAA \/ AFP \/ NTB Oppdatert s\u00f8ndag 30.&hellip;\n","protected":false},"author":2,"featured_media":100395,"comment_status":"","ping_status":"","sticky":false,"template":"","format":"standard","meta":{"footnotes":""},"categories":[12],"tags":[20,21,24,25,53,566,15,52,22,23,13,30,28,29,14,16,26,27,42,46,43,44,45],"class_list":{"0":"post-100394","1":"post","2":"type-post","3":"status-publish","4":"format-standard","5":"has-post-thumbnail","7":"category-verden","8":"tag-breaking-news","9":"tag-breakingnews","10":"tag-featured-news","11":"tag-featurednews","12":"tag-gaza","13":"tag-hamas","14":"tag-headlines","15":"tag-israel","16":"tag-latest-news","17":"tag-latestnews","18":"tag-news","19":"tag-no","20":"tag-norge","21":"tag-norway","22":"tag-nyheter","23":"tag-overskrifter","24":"tag-top-stories","25":"tag-topstories","26":"tag-verden","27":"tag-vgai","28":"tag-world","29":"tag-world-news","30":"tag-worldnews"},"share_on_mastodon":{"url":"https:\/\/pubeurope.com\/@no\/115637358917398289","error":""},"_links":{"self":[{"href":"https:\/\/www.europesays.com\/no\/wp-json\/wp\/v2\/posts\/100394","targetHints":{"allow":["GET"]}}],"collection":[{"href":"https:\/\/www.europesays.com\/no\/wp-json\/wp\/v2\/posts"}],"about":[{"href":"https:\/\/www.europesays.com\/no\/wp-json\/wp\/v2\/types\/post"}],"author":[{"embeddable":true,"href":"https:\/\/www.europesays.com\/no\/wp-json\/wp\/v2\/users\/2"}],"replies":[{"embeddable":true,"href":"https:\/\/www.europesays.com\/no\/wp-json\/wp\/v2\/comments?post=100394"}],"version-history":[{"count":0,"href":"https:\/\/www.europesays.com\/no\/wp-json\/wp\/v2\/posts\/100394\/revisions"}],"wp:featuredmedia":[{"embeddable":true,"href":"https:\/\/www.europesays.com\/no\/wp-json\/wp\/v2\/media\/100395"}],"wp:attachment":[{"href":"https:\/\/www.europesays.com\/no\/wp-json\/wp\/v2\/media?parent=100394"}],"wp:term":[{"taxonomy":"category","embeddable":true,"href":"https:\/\/www.europesays.com\/no\/wp-json\/wp\/v2\/categories?post=100394"},{"taxonomy":"post_tag","embeddable":true,"href":"https:\/\/www.europesays.com\/no\/wp-json\/wp\/v2\/tags?post=100394"}],"curies":[{"name":"wp","href":"https:\/\/api.w.org\/{rel}","templated":true}]}}