{"id":100434,"date":"2025-11-30T08:20:09","date_gmt":"2025-11-30T08:20:09","guid":{"rendered":"https:\/\/www.europesays.com\/no\/100434\/"},"modified":"2025-11-30T08:20:09","modified_gmt":"2025-11-30T08:20:09","slug":"elise-og-janni-var-pa-kvart-sitt-kontinent-og-snakka-saman-via-facetime-da-dei-fekk-svaret-dei-hapa-pa-sogn-avis","status":"publish","type":"post","link":"https:\/\/www.europesays.com\/no\/100434\/","title":{"rendered":"Elise og Janni var p\u00e5 kvart sitt kontinent og snakka saman via Facetime d\u00e5 dei fekk svaret dei h\u00e5pa p\u00e5 &#8211; Sogn Avis"},"content":{"rendered":"<ol>\n<li><a href=\"https:\/\/news.google.com\/rss\/articles\/CBMi2gFBVV95cUxOV2RSemFXVkhKT2dBdkUyRV9iV0dnRldGTkViQ1BtUlhMUVdMc1VsZWs3cElxbFA5WEdicGgzTkVqZmtRLUhtcGFRT1MyTEE4bHJjejFnUzFudG9ueXZvWUJMZVlTSHZqWjcxQVBkZ3ZTNHpnaHRNcmE4cmxzQ1hBdHo1b2RHVXZJQTdNeEhDcWVaUnRMdFhJT2J3bmZlQUpjRGI2Uklick5Sd1oxd3FNcFhXZTJMQVI4S3VwNVVlV2lXUnlYZlZkWjBCRXVGSjhWX1lLY2VYQklRUQ?oc=5\" target=\"_blank\" rel=\"nofollow noopener\">Elise og Janni var p\u00e5 kvart sitt kontinent og snakka saman via Facetime d\u00e5 dei fekk svaret dei h\u00e5pa p\u00e5<\/a>&nbsp;&nbsp;Sogn Avis<\/li>\n<li><a href=\"https:\/\/news.google.com\/rss\/articles\/CBMiX0FVX3lxTE1PUkxaQmZ4YjdRWVF3M1Bvclc1cllhWkxzVS0yWFR0b0JoUk5WZ05fd1gtbnBxallwTFBZUk1hODJTYzRuRVRTZ1JRNWZpVkpCR3ZqaEtLQlFSRzY4b0tF?oc=5\" target=\"_blank\" rel=\"nofollow noopener\">Legger opp<\/a>&nbsp;&nbsp;Dagbladet<\/li>\n<li><a href=\"https:\/\/news.google.com\/rss\/articles\/CBMikgFBVV95cUxPUmtubHVyNmxYUXUzSDI5OXFCTFVobnQ3S2U1eHN4dnBYV1VwUzlmZncxY25NU0JpUmVRUDgyZmtvcjRLa1dxTjZaYkVlNkRlX0U4b2pmbktReUs1VUFqcm5tbEdaMzZRdDIxblQxbEhMeDg2UTdiOEsyaXZTcklrdzdGY2NOWGI1QlpHV0piLW5mUQ?oc=5\" target=\"_blank\" rel=\"nofollow noopener\">Fotball: V\u00e5lerenga-spiller Elise Thorsnes legger opp<\/a>&nbsp;&nbsp;NRK<\/li>\n<li><a href=\"https:\/\/news.google.com\/rss\/articles\/CBMilAFBVV95cUxOeVZUUW5PYU1Rd254b1ZteWNuTm1uSDdYQnBYc0RCeGdpcnE5bjBWT3czbE44aTJ0X1lMTzdNdDJJbVhzQVg4R0QtT3psOENISHJfMUNuSUQ2Z3hsdzNhakgzVlEzVzNiaU5IeGV1UUNudm81dmNKZE5Za0RCRHNtck5xZTBVdzBSeHRDOW9pbVVaVF8t?oc=5\" target=\"_blank\" rel=\"nofollow noopener\">Norsk fotballegende legger opp: \u2013 Etterlater seg dype spor<\/a>&nbsp;&nbsp;TV2.no<\/li>\n<li><a href=\"https:\/\/news.google.com\/rss\/articles\/CBMiwwFBVV95cUxPc2lSRkowb1BFSi1hMFBTTWI3SGh1c3pQQU1uM2RQcHRmNFN2QmtGRHlPb0JhWHNWTnpNQldVT0VnQ0RBQTg0M1NnY3EzZDNGa1Z1MlZXRTVlOGF6RWlfQjR3RnJzdktWcTA5MTZiX21DU3hVR2d5UjhMMjliOTl6SDJIQ3NXR1UzYkY5NWV5MXZ3VnpUQ1ZWVXpVYW9KejFBYS10OTR4T1JGOERXTU0wXzd5WTBCQXhYZTBqVmxFYUkzSnM?oc=5\" target=\"_blank\" rel=\"nofollow noopener\">Stine Brekken og V\u00e5lerenga er cupmestere!<\/a>&nbsp;&nbsp;andalsnes-avis.no<\/li>\n<\/ol>\n","protected":false},"excerpt":{"rendered":"Elise og Janni var p\u00e5 kvart sitt kontinent og snakka saman via Facetime d\u00e5 dei fekk svaret dei&hellip;\n","protected":false},"author":2,"featured_media":100435,"comment_status":"","ping_status":"","sticky":false,"template":"","format":"standard","meta":{"footnotes":""},"categories":[59],"tags":[30,28,29,83,82],"class_list":{"0":"post-100434","1":"post","2":"type-post","3":"status-publish","4":"format-standard","5":"has-post-thumbnail","7":"category-sport","8":"tag-no","9":"tag-norge","10":"tag-norway","11":"tag-sport","12":"tag-sports"},"share_on_mastodon":{"url":"https:\/\/pubeurope.com\/@no\/115637677105950422","error":""},"_links":{"self":[{"href":"https:\/\/www.europesays.com\/no\/wp-json\/wp\/v2\/posts\/100434","targetHints":{"allow":["GET"]}}],"collection":[{"href":"https:\/\/www.europesays.com\/no\/wp-json\/wp\/v2\/posts"}],"about":[{"href":"https:\/\/www.europesays.com\/no\/wp-json\/wp\/v2\/types\/post"}],"author":[{"embeddable":true,"href":"https:\/\/www.europesays.com\/no\/wp-json\/wp\/v2\/users\/2"}],"replies":[{"embeddable":true,"href":"https:\/\/www.europesays.com\/no\/wp-json\/wp\/v2\/comments?post=100434"}],"version-history":[{"count":0,"href":"https:\/\/www.europesays.com\/no\/wp-json\/wp\/v2\/posts\/100434\/revisions"}],"wp:featuredmedia":[{"embeddable":true,"href":"https:\/\/www.europesays.com\/no\/wp-json\/wp\/v2\/media\/100435"}],"wp:attachment":[{"href":"https:\/\/www.europesays.com\/no\/wp-json\/wp\/v2\/media?parent=100434"}],"wp:term":[{"taxonomy":"category","embeddable":true,"href":"https:\/\/www.europesays.com\/no\/wp-json\/wp\/v2\/categories?post=100434"},{"taxonomy":"post_tag","embeddable":true,"href":"https:\/\/www.europesays.com\/no\/wp-json\/wp\/v2\/tags?post=100434"}],"curies":[{"name":"wp","href":"https:\/\/api.w.org\/{rel}","templated":true}]}}