{"id":100444,"date":"2025-11-30T08:30:21","date_gmt":"2025-11-30T08:30:21","guid":{"rendered":"https:\/\/www.europesays.com\/no\/100444\/"},"modified":"2025-11-30T08:30:21","modified_gmt":"2025-11-30T08:30:21","slug":"nyhende-naeringsliv-tok-stor-investering-vi-trengte-et-loft-etter-ni-ar","status":"publish","type":"post","link":"https:\/\/www.europesays.com\/no\/100444\/","title":{"rendered":"Nyhende, N\u00e6ringsliv | Tok stor investering: \u2013 Vi trengte et l\u00f8ft etter ni \u00e5r"},"content":{"rendered":"\n<p>\u2013 Vi har egentlig flyttet p\u00e5 nesten alle varekategoriene. Alt er gjort for at kundene lettere skal finne det de trenger, uten \u00e5 bli guidet gjennom hele butikken, smiler daglig leder, Sigrid M\u00e5ge.<\/p>\n<p><b>Ombyggingen tok rundt halvannen uke og ble gjennomf\u00f8rt tidligere i h\u00f8st. Tre av dagene m\u00e5tte butikken holde stengt, mens resten av arbeidet ble gjort mens kundene fortsatt var innom.<\/b><\/p>\n<p>\u2013 Det var litt kaotisk, ja. Men kundene var blide, og det hjalp mye, sier hun.<\/p>\n<p>   <img decoding=\"async\" width=\"6000\" height=\"4000\" fetchpriority=\"low\"  loading=\"lazy\"  src=\"https:\/\/www.europesays.com\/no\/wp-content\/uploads\/2025\/11\/0C5A4379.JPG\" alt=\"Mekk butikk\" class=\"brick-c-cFOWSL\" style=\"--brick-image-ratio: 6000 \/ 4000;\"\/><\/p>\n<p>      NYE L\u00d8SNINGER: Disken er flyttet og de fleste varer har blitt flyttet p\u00e5 under ombyggingen som  utgj\u00f8r en stor investering for franchisebedriften.<br \/>\n      Foto: Eivind Dahle Sj\u00e5stad\n    <\/p>\n<p>  T\u00f8ft drifts\u00e5r \u2013 men ser tegn til bedring<\/p>\n<p>M\u00e5ge legger ikke skjul p\u00e5 at 2025 har v\u00e6rt krevende.<\/p>\n<p>\u2013 Det har v\u00e6rt et litt t\u00f8ft drifts\u00e5r. Vi ligger litt bak tidligere \u00e5r, men vi jobber oss oppover igjen, sier hun.<\/p>\n<p>Den store oppgraderingen mener hun kommer p\u00e5 riktig tidspunkt.<\/p>\n<p>\u2013 Butikken trengte en \u00abfacelift\u00bb etter ni \u00e5r og vi tror dette vil sl\u00e5 positivt ut for omsetningen.<\/p>\n<p>Mekk-kjeden har bidratt med utforming og planlegging av den nye butikken, men kostnadene ligger p\u00e5 den lokale franchisebedriften. Rundt 300 000 kroner har det kostet \u00e5 bygge om.<\/p>\n<p><b>\u2013 Det er en stor investering for oss, men n\u00f8dvendig. Noen ganger trenger man blanke ark for \u00e5 f\u00e5 litt kontroll igjen, sier hun.<\/b><\/p>\n<p>Selv om turistsesongen gir en del bes\u00f8k, er det lokalbefolkningen som st\u00e5r for mesteparten av salget.<\/p>\n<p>\u2013 Det er egentlig lokale bedrifter og privatkunder som holder oss oppe. Turister handler mest forbruksvarer og sm\u00e5ting, forklarer M\u00e5ge.<\/p>\n<p>Til daglig driver hun butikken med hjelp fra noen deltidsansatte \u2013 og innimellom fra faren, som tar seg av \u00f8konomibiten. Totalt er de fem, der Sigrid er den eneste fulltidsansatte.<\/p>\n<p>   <img decoding=\"async\" width=\"6000\" height=\"4000\" fetchpriority=\"low\"  loading=\"lazy\"  src=\"https:\/\/www.europesays.com\/no\/wp-content\/uploads\/2025\/11\/0C5A4360.JPG\" alt=\"Erika Naarheim Markhus og Sigrid Maage p\u00e5 Mekk\" class=\"brick-c-cFOWSL\" style=\"--brick-image-ratio: 6000 \/ 4000;\"\/><\/p>\n<p>      F\u00c5R GOD HJELP: Erika Naarheim Markhus og Sigrid Maage er ofte \u00e5 se i butikken sammen.<br \/>\n      Foto: Eivind Dahle Sj\u00e5stad\n    <\/p>\n<p>  Julehandelen blir avgj\u00f8rende<\/p>\n<p>For Mekk Odda er julehandelen en helt sentral del av \u00e5rsresultatet.<\/p>\n<p>\u2013 Den perioden er superviktig. Den gir oss den ekstra boosten inn mot de rolige m\u00e5nedene januar og februar, sier hun.<\/p>\n<p>M\u00e5ge merker at folk er mer forsiktige med pengebruken enn tidligere.<\/p>\n<p>\u2013 Under koronaen kom det mye penger inn \u2013 da gjorde alle tiltak hjemme, og pengene satt l\u00f8sere. N\u00e5 kjenner folk p\u00e5 trangere \u00f8konomi, og det merkes hos oss.<\/p>\n<p>Likevel er hun optimist.<\/p>\n<p>\u2013 Julehandelen pleier \u00e5 v\u00e6re en av de tingene folk unner seg. Vi h\u00e5per \u00e5 komme minst p\u00e5 niv\u00e5 med i fjor, sier hun.<\/p>\n<p>Ti \u00e5r neste \u00e5r<\/p>\n<p>I 2026 kan Mekk Odda feire ti \u00e5r i drift. For M\u00e5ge har det v\u00e6rt en reise med b\u00e5de gode og krevende stunder.<\/p>\n<p>\u2013 Det har v\u00e6rt en bratt l\u00e6ringskurve, med b\u00e5de t\u00e5rer og latter. Jeg er litt perfeksjonist, s\u00e5 det tok tid \u00e5 godta at man aldri blir helt ferdig i butikken, sier hun.<\/p>\n<p>N\u00e5 mener hun den oppgraderte butikken gir nytt p\u00e5gangsmot.<\/p>\n<p>\u2013 Det er mye lettere \u00e5 jobbe her n\u00e5. Jeg har troen p\u00e5 framtida.<\/p>\n","protected":false},"excerpt":{"rendered":"\u2013 Vi har egentlig flyttet p\u00e5 nesten alle varekategoriene. Alt er gjort for at kundene lettere skal finne&hellip;\n","protected":false},"author":2,"featured_media":100445,"comment_status":"","ping_status":"","sticky":false,"template":"","format":"standard","meta":{"footnotes":""},"categories":[56],"tags":[36,60,61,62,30,28,29,4966,5415,1510],"class_list":{"0":"post-100444","1":"post","2":"type-post","3":"status-publish","4":"format-standard","5":"has-post-thumbnail","7":"category-naeringsliv","8":"tag-art","9":"tag-business","10":"tag-economy","11":"tag-naeringsliv","12":"tag-no","13":"tag-norge","14":"tag-norway","15":"tag-nyhende","16":"tag-odda","17":"tag-story"},"share_on_mastodon":{"url":"https:\/\/pubeurope.com\/@no\/115637716612720111","error":""},"_links":{"self":[{"href":"https:\/\/www.europesays.com\/no\/wp-json\/wp\/v2\/posts\/100444","targetHints":{"allow":["GET"]}}],"collection":[{"href":"https:\/\/www.europesays.com\/no\/wp-json\/wp\/v2\/posts"}],"about":[{"href":"https:\/\/www.europesays.com\/no\/wp-json\/wp\/v2\/types\/post"}],"author":[{"embeddable":true,"href":"https:\/\/www.europesays.com\/no\/wp-json\/wp\/v2\/users\/2"}],"replies":[{"embeddable":true,"href":"https:\/\/www.europesays.com\/no\/wp-json\/wp\/v2\/comments?post=100444"}],"version-history":[{"count":0,"href":"https:\/\/www.europesays.com\/no\/wp-json\/wp\/v2\/posts\/100444\/revisions"}],"wp:featuredmedia":[{"embeddable":true,"href":"https:\/\/www.europesays.com\/no\/wp-json\/wp\/v2\/media\/100445"}],"wp:attachment":[{"href":"https:\/\/www.europesays.com\/no\/wp-json\/wp\/v2\/media?parent=100444"}],"wp:term":[{"taxonomy":"category","embeddable":true,"href":"https:\/\/www.europesays.com\/no\/wp-json\/wp\/v2\/categories?post=100444"},{"taxonomy":"post_tag","embeddable":true,"href":"https:\/\/www.europesays.com\/no\/wp-json\/wp\/v2\/tags?post=100444"}],"curies":[{"name":"wp","href":"https:\/\/api.w.org\/{rel}","templated":true}]}}