{"id":100446,"date":"2025-11-30T08:32:09","date_gmt":"2025-11-30T08:32:09","guid":{"rendered":"https:\/\/www.europesays.com\/no\/100446\/"},"modified":"2025-11-30T08:32:09","modified_gmt":"2025-11-30T08:32:09","slug":"vaer-trafikk-farevarsel-for-sno-slik-ser-det-ut-pa-veiene-na","status":"publish","type":"post","link":"https:\/\/www.europesays.com\/no\/100446\/","title":{"rendered":"V\u00e6r, Trafikk | Farevarsel for sn\u00f8: Slik ser det ut p\u00e5 veiene n\u00e5"},"content":{"rendered":"\n<p>S\u00f8ndag har meteorologene sendt ut gult farevarsel for sn\u00f8 for store deler av \u00d8stlandet, inkludert Vestoppland. Det er ventet 10-20 centimeter med sn\u00f8, men mengden vil variere lokalt.<\/p>\n<p>\u2013 N\u00e5r det kommer 20 centimeter sn\u00f8 i januar, sender vi ikke ut farevarsel. Da har sn\u00f8en lagt seg fra f\u00f8r, og situasjonen er annerledes. Da er ikke sn\u00f8fallet et faremoment p\u00e5 samme m\u00e5te som n\u00e5. Den f\u00f8rste sn\u00f8en kommer alltid litt overraskende p\u00e5, sa meteorolog Eldbj\u00f8rg Moxnes til \u00d8stlendingen l\u00f8rdag kveld.<\/p>\n<p>Sn\u00f8en som kommer kan gi lokalt vanskelige kj\u00f8reforhold, og meteorologene anbefaler \u00e5 beregne ekstra tid til transport og kj\u00f8ring.<\/p>\n<p>\u2013 Hos dere i gamle Oppland vil ikke nedb\u00f8ren komme f\u00f8r i \u00e5tte-ni tiden p\u00e5 morgenen, men den vil vare hele s\u00f8ndagen og inn i natta igjen, opplyste vakthavende meteorolog Hanne Beate Skatt\u00f8r til OA l\u00f8rdag kveld.<\/p>\n<p><b>Slik ser det ut p\u00e5 veiene n\u00e5: <\/b><\/p>\n","protected":false},"excerpt":{"rendered":"S\u00f8ndag har meteorologene sendt ut gult farevarsel for sn\u00f8 for store deler av \u00d8stlandet, inkludert Vestoppland. Det er&hellip;\n","protected":false},"author":2,"featured_media":100447,"comment_status":"","ping_status":"","sticky":false,"template":"","format":"standard","meta":{"footnotes":""},"categories":[10],"tags":[36,20,21,24,25,15,22,23,13,30,28,29,14,16,1510,26,27,224,553,12794],"class_list":{"0":"post-100446","1":"post","2":"type-post","3":"status-publish","4":"format-standard","5":"has-post-thumbnail","7":"category-norge","8":"tag-art","9":"tag-breaking-news","10":"tag-breakingnews","11":"tag-featured-news","12":"tag-featurednews","13":"tag-headlines","14":"tag-latest-news","15":"tag-latestnews","16":"tag-news","17":"tag-no","18":"tag-norge","19":"tag-norway","20":"tag-nyheter","21":"tag-overskrifter","22":"tag-story","23":"tag-top-stories","24":"tag-topstories","25":"tag-trafikk","26":"tag-vaer","27":"tag-veikamera"},"share_on_mastodon":{"url":"https:\/\/pubeurope.com\/@no\/115637724349260811","error":""},"_links":{"self":[{"href":"https:\/\/www.europesays.com\/no\/wp-json\/wp\/v2\/posts\/100446","targetHints":{"allow":["GET"]}}],"collection":[{"href":"https:\/\/www.europesays.com\/no\/wp-json\/wp\/v2\/posts"}],"about":[{"href":"https:\/\/www.europesays.com\/no\/wp-json\/wp\/v2\/types\/post"}],"author":[{"embeddable":true,"href":"https:\/\/www.europesays.com\/no\/wp-json\/wp\/v2\/users\/2"}],"replies":[{"embeddable":true,"href":"https:\/\/www.europesays.com\/no\/wp-json\/wp\/v2\/comments?post=100446"}],"version-history":[{"count":0,"href":"https:\/\/www.europesays.com\/no\/wp-json\/wp\/v2\/posts\/100446\/revisions"}],"wp:featuredmedia":[{"embeddable":true,"href":"https:\/\/www.europesays.com\/no\/wp-json\/wp\/v2\/media\/100447"}],"wp:attachment":[{"href":"https:\/\/www.europesays.com\/no\/wp-json\/wp\/v2\/media?parent=100446"}],"wp:term":[{"taxonomy":"category","embeddable":true,"href":"https:\/\/www.europesays.com\/no\/wp-json\/wp\/v2\/categories?post=100446"},{"taxonomy":"post_tag","embeddable":true,"href":"https:\/\/www.europesays.com\/no\/wp-json\/wp\/v2\/tags?post=100446"}],"curies":[{"name":"wp","href":"https:\/\/api.w.org\/{rel}","templated":true}]}}