{"id":100450,"date":"2025-11-30T08:37:59","date_gmt":"2025-11-30T08:37:59","guid":{"rendered":"https:\/\/www.europesays.com\/no\/100450\/"},"modified":"2025-11-30T08:37:59","modified_gmt":"2025-11-30T08:37:59","slug":"voldsom-vekst-for-kinesiske-elbiler","status":"publish","type":"post","link":"https:\/\/www.europesays.com\/no\/100450\/","title":{"rendered":"Voldsom vekst for kinesiske elbiler"},"content":{"rendered":"<p class=\"kicker text-red color_mobile_text-red\" style=\"\">Kinesiske elbiler<\/p>\n<p>  N\u00e6rmer seg \u00e5tte millioner produsert elbiler i 2025.<\/p>\n<p>\n    Kinesiske elbiler klare for eksport p\u00e5 kaia i Shanghai i mai i \u00e5r. Foto: AP \/ NTB\n  <\/p>\n<p>Kina regner med \u00e5 produsere 7,9 millioner elbiler i \u00e5r, og befester dermed sin stilling som verdens ledende produsent av slike biler.<\/p>\n<p>If\u00f8lge den tyske bilindustrianalytikeren Ferdinand Dudenh\u00f6ffer rullet det i l\u00f8pet av \u00e5rets ni f\u00f8rste m\u00e5neder 6,5 millioner elbiler ut fra kinesiske fabrikker, en \u00f8kning p\u00e5 45 prosent fra samme periode i fjor.<\/p>\n<p>Tyske bilfabrikker produserte til sammenligning 916.000 elbiler i samme periode, if\u00f8lge den tyske industrigruppen VDA.<\/p>\n<p>    <a itemprop=\"url\" href=\"https:\/\/www.elbil24.no\/pro\/kinesiske-elbiler-dette-gir-eierne-i-terningkast\/83423942\" rel=\"nofollow noopener\" target=\"_blank\"><\/p>\n<p>      <img loading=\"lazy\" decoding=\"async\" src=\"https:\/\/www.europesays.com\/no\/wp-content\/uploads\/2025\/11\/1764491879_223_80299827.webp\" width=\"980\" height=\"441\" title=\"Kinesiske elbiler: Dette gir norske eiere i terningkast\" alt=\"\" class=\"lazyload\" style=\"--aspect-ratio-image: 2.22; \"\/><\/p>\n<p>        Kinesiske elbiler: Dette gir norske eiere i terningkast<\/p>\n<p>    <\/a><\/p>\n<p>Produksjonsveksten er dermed st\u00f8rre enn veksten i salget av elbiler i verden, som if\u00f8lge konsulentselskapet PwC var p\u00e5 36 prosent i samme periode.<\/p>\n<p>Kinesiske BYD er n\u00e5 verdens st\u00f8rste produsent av elbiler og forsynte verden med 1,6 millioner biler i \u00e5rets ni f\u00f8rste m\u00e5neder. Stadig flere av dem selges i Europa.<\/p>\n<p>Kinesiske Geely fulgte p\u00e5 andreplass med 836.000 biler, mens Tesla produserte 603.000 biler, if\u00f8lge Dudenh\u00f6ffer.<\/p>\n","protected":false},"excerpt":{"rendered":"Kinesiske elbiler N\u00e6rmer seg \u00e5tte millioner produsert elbiler i 2025. Kinesiske elbiler klare for eksport p\u00e5 kaia i&hellip;\n","protected":false},"author":2,"featured_media":100451,"comment_status":"","ping_status":"","sticky":false,"template":"","format":"standard","meta":{"footnotes":""},"categories":[56],"tags":[60,61,267,62,30,28,29,14],"class_list":{"0":"post-100450","1":"post","2":"type-post","3":"status-publish","4":"format-standard","5":"has-post-thumbnail","7":"category-naeringsliv","8":"tag-business","9":"tag-economy","10":"tag-elbil","11":"tag-naeringsliv","12":"tag-no","13":"tag-norge","14":"tag-norway","15":"tag-nyheter"},"share_on_mastodon":{"url":"https:\/\/pubeurope.com\/@no\/115637748034482398","error":""},"_links":{"self":[{"href":"https:\/\/www.europesays.com\/no\/wp-json\/wp\/v2\/posts\/100450","targetHints":{"allow":["GET"]}}],"collection":[{"href":"https:\/\/www.europesays.com\/no\/wp-json\/wp\/v2\/posts"}],"about":[{"href":"https:\/\/www.europesays.com\/no\/wp-json\/wp\/v2\/types\/post"}],"author":[{"embeddable":true,"href":"https:\/\/www.europesays.com\/no\/wp-json\/wp\/v2\/users\/2"}],"replies":[{"embeddable":true,"href":"https:\/\/www.europesays.com\/no\/wp-json\/wp\/v2\/comments?post=100450"}],"version-history":[{"count":0,"href":"https:\/\/www.europesays.com\/no\/wp-json\/wp\/v2\/posts\/100450\/revisions"}],"wp:featuredmedia":[{"embeddable":true,"href":"https:\/\/www.europesays.com\/no\/wp-json\/wp\/v2\/media\/100451"}],"wp:attachment":[{"href":"https:\/\/www.europesays.com\/no\/wp-json\/wp\/v2\/media?parent=100450"}],"wp:term":[{"taxonomy":"category","embeddable":true,"href":"https:\/\/www.europesays.com\/no\/wp-json\/wp\/v2\/categories?post=100450"},{"taxonomy":"post_tag","embeddable":true,"href":"https:\/\/www.europesays.com\/no\/wp-json\/wp\/v2\/tags?post=100450"}],"curies":[{"name":"wp","href":"https:\/\/api.w.org\/{rel}","templated":true}]}}