{"id":100454,"date":"2025-11-30T08:40:09","date_gmt":"2025-11-30T08:40:09","guid":{"rendered":"https:\/\/www.europesays.com\/no\/100454\/"},"modified":"2025-11-30T08:40:09","modified_gmt":"2025-11-30T08:40:09","slug":"sende-permitteringsvarsel-no-blir-det-likevel-co%e2%82%82-fritak-for-fiskebatar-i-utanriksfart-nrk-more-og-romsdal-lokale-nyheter-tv-og-radio","status":"publish","type":"post","link":"https:\/\/www.europesays.com\/no\/100454\/","title":{"rendered":"Sende permitteringsvarsel &#8211; no blir det likevel CO\u2082-fritak for fiskeb\u00e5tar i utanriksfart \u2013 NRK M\u00f8re og Romsdal \u2013 Lokale nyheter, TV og radio"},"content":{"rendered":"<p><a href=\"https:\/\/www.nrk.no\/mr\/fiskefartoy-ma-betale-co_-avgift-for-a-fylle-drivstoff-_-klimatiltaket-vekker-kraftige-reaksjonar-1.17480889\" ec-id=\"pp:article:1.17480889\" ec-name=\"Den nye CO\u2082-avgifta p\u00e5 drivstoff til fiskeb\u00e5tar i utanriksfart blei tatt sv\u00e6rt d\u00e5rleg imot av opposisjonen og n\u00e6ringa sj\u00f8lv.\" rel=\"nofollow noopener\" target=\"_blank\">Den nye CO\u2082-avgifta p\u00e5 drivstoff til fiskeb\u00e5tar i utanriksfart blei tatt sv\u00e6rt d\u00e5rleg imot av opposisjonen og n\u00e6ringa sj\u00f8lv.<\/a><\/p>\n<p>Fr\u00e5 1. juli innf\u00f8rte regjeringa ei ny avgift, og d\u00e5 blei det ramaskrik.<\/p>\n<p><a href=\"https:\/\/www.nrk.no\/nordland\/fiskerne-far-gjennomslag-_-regjeringen-snur-i-co_-strid-1.17499497\" ec-id=\"pp:article:1.17499497\" ec-name=\"Etter berre nokre dagar snudde regjeringa.\" rel=\"nofollow noopener\" target=\"_blank\">Etter berre nokre dagar snudde regjeringa.<\/a><\/p>\n<p>Og seint i g\u00e5r kveld blei avgifta p\u00e5 nytt sett p\u00e5 vent.<\/p>\n<p><strong>\u2013 Sv\u00e6rt gledeleg, seier Audun Mar\u00e5k i Fiskeb\u00e5t.<\/strong><\/p>\n<p>Arbeidarpartiet, Senterpartiet og Raudt har blitt samde om eit budsjettforlik som inneber at CO\u2082-fritaket for fiskeb\u00e5tar i utanriksfart blir vidaref\u00f8rt.<\/p>\n<p><img decoding=\"async\"   src=\"data:image\/gif;base64,R0lGODlhAQABAIAAAAAAAP\/\/\/yH5BAEAAAAALAAAAAABAAEAAAIBRAA7\" loading=\"eager\" alt=\"Audun Mar\u00e5k er administrerande direkt\u00f8r i Fiskeb\u00e5t. \" title=\"Foto: NRK\"\/><\/p>\n<p class=\"\">Audun Mar\u00e5k i Fiskeb\u00e5t er sv\u00e6rt godt forn\u00f8gd med forliket som blei inng\u00e5tt seint laurdag kveld.<\/p>\n<p>Foto: NRK<\/p>\n<p>Sende permitteringsvarsel<\/p>\n<p>Fleire selskap fortalte til NRK at dei nye reglane <a href=\"http:\/\/\u2013 Det er bra at myndigheitene har innsett galskapen i dette. Det gir ikkje meining \u00e5 innf\u00f8re eit milj\u00f8tiltak som f\u00f8rer til st\u00f8rre utslepp, seier Kjell-Gunnar Hoddevik. Han er skipper og dagleg leiar av reiarlaget Atlantic Seafish i \u00c5lesund. Han er \u00e9in av mange fiskeb\u00e5treiarar som det siste \u00e5ret har spart utgifter ved \u00e5 fylle drivstoff i utanlandske hamner \u2013 der CO2-avgifta er null.\" rel=\"nofollow\">gjorde at dei heller reiste til Shetland for \u00e5 fylle.<\/a><\/p>\n<p>Gaute Vorren, som er dagleg leiar i energiselskapet MH Service fortalte tidlegare i \u00e5r at han hadde sendt permitteringsvarsel til tre tilsette.<\/p>\n<p>\u00c5rsaka var at fleire b\u00e5tar avbestilte dieselfyllinga etter at avgifta blei innf\u00f8rt.<\/p>\n<p><strong>\u2013 Fantastisk, det ser eg veldig positivt p\u00e5. For ein gangs skuld tenkjer ein fornuftig, seier han til NRK s\u00f8ndag morgon.<\/strong><\/p>\n<p>Tidlegare har fiskefart\u00f8y hatt fritak for avgift dersom dei er registrerte som \u00abskip i utanriksfart\u00bb.<\/p>\n<p>Fryktar for n\u00e6ringa i Finnmark<\/p>\n<p>Ordf\u00f8rar i S\u00f8r-Varanger, Magnus M\u00e6land (H), er <a href=\"https:\/\/www.nrk.no\/mr\/fiskefartoy-ma-betale-co_-avgift-for-a-fylle-drivstoff-_-klimatiltaket-vekker-kraftige-reaksjonar-1.17480889\" ec-id=\"pp:article:1.17480889\" ec-name=\"ein annan som har vore sterkt kritisk til endriga.\" rel=\"nofollow noopener\" target=\"_blank\">ein annan som har vore sterkt kritisk til endriga.<\/a> Han frykta for n\u00e6ringa i Finnmark, og meiner dette vil p\u00e5verke heile Finnmarkskysten.<\/p>\n<p>\u2013 Vi mistar ein heil verdikjede. Det som er eit pennestr\u00f8k fr\u00e5 Finansdepartementet, gjer at vi kan miste arbeidsplassar og moglegheita til \u00e5 f\u00e5 bunkers til b\u00e5tane v\u00e5re, sa han tidlegare i \u00e5r.<\/p>\n<p><img decoding=\"async\"   src=\"data:image\/gif;base64,R0lGODlhAQABAIAAAAAAAP\/\/\/yH5BAEAAAAALAAAAAABAAEAAAIBRAA7\" loading=\"eager\" alt=\"en mann som st\u00e5r foran et gjerde\" title=\"Foto: Gunnar S\u00e6tra \/ NRK\"\/><\/p>\n<p class=\"\">Magnus M\u00e6land er ordf\u00f8rar i S\u00f8r-Varanger.<\/p>\n<p>Foto: Gunnar S\u00e6tra \/ NRK<\/p>\n<p>Publisert<\/p>\n<p>30.11.2025, kl. 08.40<\/p>\n<p>Oppdatert<\/p>\n<p>30.11.2025, kl. 09.39<\/p>\n","protected":false},"excerpt":{"rendered":"Den nye CO\u2082-avgifta p\u00e5 drivstoff til fiskeb\u00e5tar i utanriksfart blei tatt sv\u00e6rt d\u00e5rleg imot av opposisjonen og n\u00e6ringa&hellip;\n","protected":false},"author":2,"featured_media":100455,"comment_status":"","ping_status":"","sticky":false,"template":"","format":"standard","meta":{"footnotes":""},"categories":[10],"tags":[20,21,24,25,15,22,23,13,30,28,29,14,16,26,27],"class_list":{"0":"post-100454","1":"post","2":"type-post","3":"status-publish","4":"format-standard","5":"has-post-thumbnail","7":"category-norge","8":"tag-breaking-news","9":"tag-breakingnews","10":"tag-featured-news","11":"tag-featurednews","12":"tag-headlines","13":"tag-latest-news","14":"tag-latestnews","15":"tag-news","16":"tag-no","17":"tag-norge","18":"tag-norway","19":"tag-nyheter","20":"tag-overskrifter","21":"tag-top-stories","22":"tag-topstories"},"share_on_mastodon":{"url":"https:\/\/pubeurope.com\/@no\/115637755789583257","error":""},"_links":{"self":[{"href":"https:\/\/www.europesays.com\/no\/wp-json\/wp\/v2\/posts\/100454","targetHints":{"allow":["GET"]}}],"collection":[{"href":"https:\/\/www.europesays.com\/no\/wp-json\/wp\/v2\/posts"}],"about":[{"href":"https:\/\/www.europesays.com\/no\/wp-json\/wp\/v2\/types\/post"}],"author":[{"embeddable":true,"href":"https:\/\/www.europesays.com\/no\/wp-json\/wp\/v2\/users\/2"}],"replies":[{"embeddable":true,"href":"https:\/\/www.europesays.com\/no\/wp-json\/wp\/v2\/comments?post=100454"}],"version-history":[{"count":0,"href":"https:\/\/www.europesays.com\/no\/wp-json\/wp\/v2\/posts\/100454\/revisions"}],"wp:featuredmedia":[{"embeddable":true,"href":"https:\/\/www.europesays.com\/no\/wp-json\/wp\/v2\/media\/100455"}],"wp:attachment":[{"href":"https:\/\/www.europesays.com\/no\/wp-json\/wp\/v2\/media?parent=100454"}],"wp:term":[{"taxonomy":"category","embeddable":true,"href":"https:\/\/www.europesays.com\/no\/wp-json\/wp\/v2\/categories?post=100454"},{"taxonomy":"post_tag","embeddable":true,"href":"https:\/\/www.europesays.com\/no\/wp-json\/wp\/v2\/tags?post=100454"}],"curies":[{"name":"wp","href":"https:\/\/api.w.org\/{rel}","templated":true}]}}