{"id":100456,"date":"2025-11-30T08:42:12","date_gmt":"2025-11-30T08:42:12","guid":{"rendered":"https:\/\/www.europesays.com\/no\/100456\/"},"modified":"2025-11-30T08:42:12","modified_gmt":"2025-11-30T08:42:12","slug":"aleksandr-bolsjunov-disket-etter-ny-skandale-helt-skammelig","status":"publish","type":"post","link":"https:\/\/www.europesays.com\/no\/100456\/","title":{"rendered":"Aleksandr Bolsjunov disket etter ny skandale: \u2013 Helt skammelig"},"content":{"rendered":"\n<p class=\"_lead_o9xde_2 _lead_xtcu6_50 layout-component text-serif-m layout-normal text-serif-l layout-component layout-wide layout-padded _wide_17hqh_1 layout-padded\">Det koker rundt langrennsstjernen Aleksandr Bolsjunov (28) i Russland. <\/p>\n<p><img alt=\"Skistjernen Aleksandr Bolsjunov. Foto: KIMMO BRANDT \/ EPA \/ NTB\" class=\"_image_qp4xg_65 layout-component layout-wide\" data-fullscreen- data-track-element-type=\"Article image fullscreen\" data-track-name=\"ImageFullscreen\" fetchpriority=\"high\" decoding=\"sync\" loading=\"eager\" height=\"3321\" itemprop=\"image\"  src=\"https:\/\/www.europesays.com\/no\/wp-content\/uploads\/2025\/11\/4f55ba4c-61c7-45c6-8e54-a0f570d803e7\"  style=\"object-position:0% 0%\" width=\"4982\"\/>Skistjernen Aleksandr Bolsjunov. Foto: KIMMO BRANDT \/ EPA \/ NTB<\/p>\n<ul aria-hidden=\"true\" class=\"_images_1uft6_111\">\n<li><a class=\"_link_1uft6_116\" href=\"https:\/\/www.vg.no\/forfatter\/herman-folvik\" style=\"z-index:1\" title=\"Herman Folvik\" rel=\"nofollow noopener\" target=\"_blank\"><img alt=\"Bilde av Herman Folvik\" class=\"_image_1uft6_93\" fetchpriority=\"low\" loading=\"lazy\" decoding=\"async\" itemprop=\"image\"  src=\"https:\/\/www.europesays.com\/no\/wp-content\/uploads\/2025\/11\/1764492130_675_b8d5eb91-9fa9-460c-b9f0-da310ffe35dd\"  width=\"480\"\/><\/a><\/li>\n<\/ul>\n<p> Oppdatert s\u00f8ndag 30. november kl. 09:36    <\/p>\n<ul class=\"_list_o9xde_3 _list_64s2r_85 _unordered_o9xde_106 text-sans-m\">\n<li class=\"_item_o9xde_30\">Aleksandr Bolsjunov ble diskvalifisert for usportslig oppf\u00f8rsel under russisk skicup.<\/li>\n<li class=\"_item_o9xde_30\">Han havnet i en konflikt med Aleksandr Bakurov som eskalerte med fysisk konfrontasjon etter m\u00e5lgang.<\/li>\n<li class=\"_item_o9xde_30\">Det hagler med reaksjoner etter situasjonen. Bolsjunov forklarte seg s\u00f8ndag morgen. <\/li>\n<li class=\"_item_o9xde_30\">Bolsjunov har flere ganger tidligere v\u00e6rt involvert i lignende episoder.<\/li>\n<\/ul>\n<p>Vis mer <\/p>\n<p class=\"_paragraph_o9xde_4 _paragraph_xtcu6_10 layout-component text-serif-m layout-normal text-serif-m layout-padded\">Under l\u00f8rdagens sesong\u00e5pning i den russiske skicupen ble han disket i semifinalen av sk\u00f8yte-sprinten etter f\u00f8lgende situasjon:<\/p>\n<ul class=\"_list_o9xde_3 _list_xtcu6_9 _unordered_o9xde_106 layout-component text-serif-m layout-normal text-serif-m layout-padded\">\n<li class=\"_item_o9xde_30\">Bolsjunov pr\u00f8vde \u00e5 passere Aleksandr Bakurov i siste sving f\u00f8r oppl\u00f8pet. Duoen gikk i hverandre og Bolsjunov falt, mens Bakurov knakk staven.<\/li>\n<li class=\"_item_o9xde_30\">Etter de fikk karret seg i m\u00e5l skal Bakurov ha viftet oppgitt med den brukne staven i protest, f\u00f8r han lente seg mot et gjerde. <\/li>\n<li class=\"_item_o9xde_30\">Da kom Bolsjunov bort og ga ham en knuff i ryggen, og Bakurov gikk i bakken. Bakurov la senere ut bilde p\u00e5 sosiale medier med et synlig kutt i l\u00e5ret. Han skal ha haltet da han forlot skistadion. <\/li>\n<\/ul>\n<p><img alt=\"Bakurov hevder han p\u00e5dro seg dette s\u00e5ret etter at Bolsjunov knuffet ham og han gikk i bakken.   Foto: Bakurov p\u00e5 Telegram\" class=\"_image_qp4xg_65 layout-component layout-normal\" data-fullscreen- data-track-element-type=\"Article image fullscreen\" data-track-name=\"ImageFullscreen\" decoding=\"async\" loading=\"lazy\" height=\"1280\" itemprop=\"image\"  src=\"https:\/\/www.europesays.com\/no\/wp-content\/uploads\/2025\/11\/0df7bd34-b546-4aa3-bc73-c6f29035f9a8\"  style=\"object-position:0% 0%\" width=\"960\"\/>Bakurov hevder han p\u00e5dro seg dette s\u00e5ret etter at Bolsjunov knuffet ham og han gikk i bakken.   Foto: Bakurov p\u00e5 Telegram<\/p>\n<p class=\"_paragraph_o9xde_4 _paragraph_xtcu6_10 layout-component text-serif-m layout-normal text-serif-m layout-padded\"><strong class=\"_strong_o9xde_25\">Bolsjunov ble diskvalifisert fra l\u00f8pet for usportslig oppf\u00f8rsel, men f\u00e5r ikke noe ytterligere straff.<\/strong><\/p>\n<p class=\"_paragraph_o9xde_4 _paragraph_xtcu6_10 layout-component text-serif-m layout-normal text-serif-m layout-padded\">En rekke russiske medier \u2013 som Championat, Sport Express og Ria Novosti \u2013 beskriver situasjonen likt. VG har sett skjermbilder fra TV-sendingen til Match.<\/p>\n<p class=\"_paragraph_o9xde_4 _paragraph_xtcu6_10 layout-component text-serif-m layout-normal text-serif-m layout-padded\">\u00abOppf\u00f8rselen hans er uforklarlig\u00bb. \u00abHan har mistet det igjen\u00bb, skriver Championat. <\/p>\n<p class=\"_paragraph_o9xde_4 _paragraph_xtcu6_10 layout-component text-serif-m layout-normal text-serif-m layout-padded\">\u00abEt skikkelig sammenbrudd i sitt aller f\u00f8rste renn for sesongen i den russiske cupen. SasjaSasjaKallenavnet til Bolsjunov i Russland., hva driver du med?\u00bb, skriver nettavisen.<\/p>\n<p class=\"_paragraph_o9xde_4 _paragraph_xtcu6_10 layout-component text-serif-m layout-normal text-serif-m layout-padded\">\u2013 Jeg personlig synes det er veldig leit at den store <a href=\"https:\/\/www.vg.no\/tag\/aleksandr-bolsjunov?utm_source=vg-article&amp;utm_medium=auto-tagger&amp;utm_campaign=V6lJdd\" class=\"_link_o9xde_39\" rel=\"nofollow noopener\" target=\"_blank\">Aleksandr Bolsjunov<\/a> ikke holder tilbake f\u00f8lelsene sine, sier Elena V\u00e4lbe, skipresident i Russland, if\u00f8lge Sport Express. <\/p>\n<p><img alt=\"Skipresident V\u00e4lbe og Bolsjunov fra VM i 2019.   Foto: Fredrik Hagen \/ NTB\" class=\"_image_qp4xg_65 layout-component layout-normal\" data-fullscreen- data-track-element-type=\"Article image fullscreen\" data-track-name=\"ImageFullscreen\" decoding=\"async\" loading=\"lazy\" height=\"2209\" itemprop=\"image\"  src=\"https:\/\/www.europesays.com\/no\/wp-content\/uploads\/2025\/11\/7c5cd118-aa21-4e63-a4e7-dd1c4109a0fe\"  style=\"object-position:0% 0%\" width=\"3313\"\/>Skipresident V\u00e4lbe og Bolsjunov fra VM i 2019.   Foto: Fredrik Hagen \/ NTB<\/p>\n<p class=\"_paragraph_o9xde_4 _paragraph_xtcu6_10 layout-component text-serif-m layout-normal text-serif-m layout-padded\">\u00abOg dette er landets stolthet?\u00bb, skrev stortalentet Saveliy Korostelev p\u00e5 Telegram. <\/p>\n<p class=\"_paragraph_o9xde_4 _paragraph_xtcu6_10 layout-component text-serif-m layout-normal text-serif-m layout-padded\"><strong class=\"_strong_o9xde_25\">Bolsjunov har uttalt seg s\u00f8ndag morgen. <\/strong><\/p>\n<p class=\"_paragraph_o9xde_4 _paragraph_xtcu6_10 layout-component text-serif-m layout-normal text-serif-m layout-padded\">\u2013 Jeg \u00f8nsker en rettferdig duell fra start til slutt. Jeg likte ikke Bakurovs holdning under l\u00f8pet, sier Bolsjunov til TV-kanalen Rossija 1.<\/p>\n<p class=\"_paragraph_o9xde_4 _paragraph_xtcu6_10 layout-component text-serif-m layout-normal text-serif-m layout-padded\">Han er p\u00e5meldt s\u00f8ndagens 15 km i den russiske cupen. <\/p>\n<p class=\"_paragraph_o9xde_4 _paragraph_xtcu6_10 layout-component text-serif-m layout-normal text-serif-m layout-padded\">\u2013 De kommer sikkert til \u00e5 diskvalifisere meg fra fem l\u00f8p n\u00e5, fordi jeg er sannsynligvis den ut\u00f8veren alle elsker og vil ta ut ting p\u00e5. Jeg tar st\u00f8yten, uansett hvor vanskelig det er. <\/p>\n<p class=\"_paragraph_o9xde_4 _paragraph_xtcu6_10 layout-component text-serif-m layout-normal text-serif-m layout-padded\">Den kjente TV-kommentatoren Dmitrij Guberniev reagerer kraftig og mener stjernen b\u00f8r f\u00e5 en alvorlig straff.<\/p>\n<p class=\"_paragraph_o9xde_4 _paragraph_xtcu6_10 layout-component text-serif-m layout-normal text-serif-m layout-padded\">\u2013 Bolsjunovs oppf\u00f8rsel er helt skammelig! Men jeg vedder p\u00e5 at han ikke kommer i tr\u00f8bbel for det. Fordi svake personer ikke vil v\u00e6re i stand til \u00e5 rekke opp h\u00e5nden og straffe en nasjonalskatt, sier Guberniev. <\/p>\n<p class=\"_paragraph_o9xde_4 _paragraph_xtcu6_10 layout-component text-serif-m layout-normal text-serif-m layout-padded\">Han og skipresident V\u00e4lbe har i \u00e5revis v\u00e6rt som hund og katt. <\/p>\n<p><img alt=\"Bolsjunov ble OL-konge i 2022 f\u00f8r utestengelsen.   Foto: MAXIM SHEMETOV \/ Reuters \/ NTB\" class=\"_image_qp4xg_65 layout-component layout-normal\" data-fullscreen- data-track-element-type=\"Article image fullscreen\" data-track-name=\"ImageFullscreen\" decoding=\"async\" loading=\"lazy\" height=\"6000\" itemprop=\"image\"  src=\"https:\/\/www.europesays.com\/no\/wp-content\/uploads\/2025\/11\/4078d0e2-4ea5-4f3a-b7e7-56b8ce209e00\"  style=\"object-position:0% 0%\" width=\"4206\"\/>Bolsjunov ble OL-konge i 2022 f\u00f8r utestengelsen.   Foto: MAXIM SHEMETOV \/ Reuters \/ NTB<\/p>\n<p class=\"_paragraph_o9xde_4 _paragraph_xtcu6_10 layout-component text-serif-m layout-normal text-serif-m layout-padded\"><strong class=\"_strong_o9xde_25\">\u2013 Bolsjunovs f\u00f8lelser var fullstendig ute av kontroll. Det skjedde en hendelse som ikke setter ham i godt lys. Jeg kommer ikke med unnskyldninger for ham i denne situasjonen, men det er imidlertid viktig \u00e5 forst\u00e5 at det ikke er lett \u00e5 presse Bolsjunov til dette punktet. Det krever mye innsats. Bakurov pr\u00f8vde tydeligvis \u00e5 irritere ham, sier Jurij Borodavko, treneren til Bolsjunov.<\/strong><\/p>\n<p><strong class=\"_strong_o9xde_25\">Bolsjunov har v\u00e6rt i lignende situasjoner:<\/strong><\/p>\n<ul class=\"_list_o9xde_3 _list_xtcu6_9 _unordered_o9xde_106 layout-component text-serif-m layout-normal text-serif-m layout-padded\">\n<li class=\"_item_o9xde_30\">I 2021 havnet han og Johannes H\u00f8sflot Kl\u00e6bo i kontakt p\u00e5 oppl\u00f8pet under VM-femmila. Kl\u00e6bo endte med \u00e5 bli disket fra gullet, mens Bolsjunov knakk staven og tok s\u00f8lv bak Emil Iversen. <\/li>\n<\/ul>\n<ul class=\"_list_o9xde_3 _list_xtcu6_9 _unordered_o9xde_106 layout-component text-serif-m layout-normal text-serif-m layout-padded\">\n<li class=\"_item_o9xde_30\">I 2022 kj\u00f8rte han ned finske Joni M\u00e4ki i m\u00e5lomr\u00e5det etter en stafett i verdenscupen.<\/li>\n<\/ul>\n<ul class=\"_list_o9xde_3 _list_xtcu6_9 _unordered_o9xde_106 layout-component text-serif-m layout-normal text-serif-m layout-padded\">\n<li class=\"_item_o9xde_30\">Forrige vinter var det knuffing og kontroverser mellom Bolsjunov og den andre store russiske skistjernen Sergej Ustjugov underveis i en sprint. <\/li>\n<\/ul>\n<p class=\"_paragraph_o9xde_4 _paragraph_xtcu6_10 layout-component text-serif-m layout-normal text-serif-m layout-padded\">Bolsjunov og Russland har v\u00e6rt utestengt fra internasjonal langrenn siden mars 2022 etter at landet gikk til krig mot Ukraina. FISFISDet internasjonale ski- og sn\u00f8brettforbundet. besluttet i h\u00f8st at Russland ikke skal f\u00e5 delta i denne OL-sesongen heller. Russland har anket dette til Idrettens voldgiftsrett (CAS)(CAS)CAS er en internasjonal institusjon som l\u00f8ser juridiske tvister knyttet til sport, ofte omtalt som sportens h\u00f8yesterett., som skal behandle saken mandag 1. desember. En avgj\u00f8relse er ventet innen 10. desember. <\/p>\n<p class=\"_paragraph_o9xde_4 _paragraph_xtcu6_10 layout-component text-serif-m layout-normal text-serif-m layout-padded\">Bolsjunov dukket opp i et tur-renn i Italia sist vinter. Da sa han til VG at det var USAs president Donald Trump som ga ham en<a href=\"https:\/\/www.vg.no\/sport\/i\/dRQlrw\/aleksandr-bolsjunov-til-vg-trump-personlig-har-gitt-meg-tillatelse-til-aa-delta-her\" data-track-element-type=\"Link\" data-track-id=\"link:dRQlrw\" class=\"_link_o9xde_39\" rel=\"nofollow noopener\" target=\"_blank\"> personlig tillatelse.<\/a><\/p>\n","protected":false},"excerpt":{"rendered":"Det koker rundt langrennsstjernen Aleksandr Bolsjunov (28) i Russland. Skistjernen Aleksandr Bolsjunov. Foto: KIMMO BRANDT \/ EPA \/&hellip;\n","protected":false},"author":2,"featured_media":100457,"comment_status":"","ping_status":"","sticky":false,"template":"","format":"standard","meta":{"footnotes":""},"categories":[59],"tags":[9502,398,30,28,29,83,82,399],"class_list":{"0":"post-100456","1":"post","2":"type-post","3":"status-publish","4":"format-standard","5":"has-post-thumbnail","7":"category-sport","8":"tag-aleksandr-bolsjunov","9":"tag-langrenn","10":"tag-no","11":"tag-norge","12":"tag-norway","13":"tag-sport","14":"tag-sports","15":"tag-vintersport"},"share_on_mastodon":{"url":"https:\/\/pubeurope.com\/@no\/115637763818041167","error":""},"_links":{"self":[{"href":"https:\/\/www.europesays.com\/no\/wp-json\/wp\/v2\/posts\/100456","targetHints":{"allow":["GET"]}}],"collection":[{"href":"https:\/\/www.europesays.com\/no\/wp-json\/wp\/v2\/posts"}],"about":[{"href":"https:\/\/www.europesays.com\/no\/wp-json\/wp\/v2\/types\/post"}],"author":[{"embeddable":true,"href":"https:\/\/www.europesays.com\/no\/wp-json\/wp\/v2\/users\/2"}],"replies":[{"embeddable":true,"href":"https:\/\/www.europesays.com\/no\/wp-json\/wp\/v2\/comments?post=100456"}],"version-history":[{"count":0,"href":"https:\/\/www.europesays.com\/no\/wp-json\/wp\/v2\/posts\/100456\/revisions"}],"wp:featuredmedia":[{"embeddable":true,"href":"https:\/\/www.europesays.com\/no\/wp-json\/wp\/v2\/media\/100457"}],"wp:attachment":[{"href":"https:\/\/www.europesays.com\/no\/wp-json\/wp\/v2\/media?parent=100456"}],"wp:term":[{"taxonomy":"category","embeddable":true,"href":"https:\/\/www.europesays.com\/no\/wp-json\/wp\/v2\/categories?post=100456"},{"taxonomy":"post_tag","embeddable":true,"href":"https:\/\/www.europesays.com\/no\/wp-json\/wp\/v2\/tags?post=100456"}],"curies":[{"name":"wp","href":"https:\/\/api.w.org\/{rel}","templated":true}]}}