{"id":100469,"date":"2025-11-30T08:59:14","date_gmt":"2025-11-30T08:59:14","guid":{"rendered":"https:\/\/www.europesays.com\/no\/100469\/"},"modified":"2025-11-30T08:59:14","modified_gmt":"2025-11-30T08:59:14","slug":"herman-flesvig-mikkel-niva-og-kevin-vagenes-om-den-nye-julekalenderen-nissene-i-skjul","status":"publish","type":"post","link":"https:\/\/www.europesays.com\/no\/100469\/","title":{"rendered":"Herman Flesvig, Mikkel Niva og Kevin V\u00e5genes om den nye julekalenderen \u00abNissene i skjul\u00bb:"},"content":{"rendered":"<p class=\"kicker \" style=\"\">\u00abNissene i skjul\u00bb:\u00a0<\/p>\n<p>  Kevin V\u00e5genes innr\u00f8mmer at han var spent p\u00e5 \u00e5 jobbe med den veletablerte duoen.<\/p>\n<p>\n    TRIO: Mikkel Niva, Herman Flesvig og Kevin V\u00e5genes medvirker b\u00e5de foran og bak kamera i den nye NRK-julekalenderen \u00abNissene i skjul\u00bb. Foto: Kristin Svorte\/Dagbladet\n  <\/p>\n<p>Julem\u00e5neden er rett rundt hj\u00f8rnet og med det ogs\u00e5 en splitter ny julekalender p\u00e5 NRK.\u00a0<\/p>\n<p>    <a itemprop=\"url\" href=\"https:\/\/www.seher.no\/kjendis\/gir-seg-i-nissene-pa-laven\/82700526\" rel=\"nofollow noopener\" target=\"_blank\"><\/p>\n<p>      <img loading=\"lazy\" decoding=\"async\" src=\"https:\/\/www.europesays.com\/no\/wp-content\/uploads\/2025\/11\/82700456.webp\" width=\"980\" height=\"441\" title=\"Gir seg i \u00abNissene p\u00e5 l\u00e5ven\u00bb\" alt=\"\" class=\"lazyload\" style=\"--aspect-ratio-image: 2.22; \"\/><\/p>\n<p>        Gir seg i \u00abNissene p\u00e5 l\u00e5ven\u00bb<\/p>\n<p>    <\/a><\/p>\n<p>\u00abNissene i skjul\u00bb er en videref\u00f8ring av Espen Eckbos (52)\u00a0\u00abNissene p\u00e5 l\u00e5ven\u00bb-univers, og i hovedrollene\u00a0finner vi\u00a0Herman Flesvig (33), Mikkel Niva (37) og\u00a0Kevin V\u00e5genes (39). <\/p>\n<p class=\"font-weight-bold m-font-weight-bold\" data-lab-font_weight=\"font-weight-bold\">Trioen har samarbeidet tett under innspillingen, og n\u00e5r Se og H\u00f8r m\u00f8ter dem p\u00e5 NRK Marienlyst, r\u00f8per de flere detaljer om prosessen &#8211; b\u00e5de foran og bak kamera.<\/p>\n<p>        KOMMER: 1. desember er det premiere p\u00e5 den nye julekalenderen, \u00abNissene i skjul\u00bb, med Herman Flesvig, Kevin V\u00e5genes og Mikkel Niva i hovedrollene. Video: NRK<\/p>\n<p>&#8211; \u00c6refrykt\t<\/p>\n<p>Suksessen \u00abNissene p\u00e5 l\u00e5ven\u00bb hadde premiere p\u00e5 TVNorge tilbake i 2001, og var en parodi p\u00e5 datidens realitykonsepter. Siden den gang har to oppf\u00f8lgere kommet, \u00abNissene over skog og hei\u00bb\u00a0i 2011 og \u00abNissene i Bingen\u00bb i 2021.\u00a0<\/p>\n<p>    <a itemprop=\"url\" href=\"https:\/\/www.seher.no\/kjendis\/aldri-skjedd-for\/83913272\" rel=\"nofollow noopener\" target=\"_blank\"><\/p>\n<p>      <img loading=\"lazy\" decoding=\"async\" src=\"https:\/\/www.europesays.com\/no\/wp-content\/uploads\/2025\/11\/83913295.webp\" width=\"147\" height=\"98\" title=\"Aldri skjedd f\u00f8r\" alt=\"\" class=\"lazyload\" style=\"--aspect-ratio-image: 1.50; \"\/><\/p>\n<p>        Aldri skjedd f\u00f8r<\/p>\n<p>    <\/a><\/p>\n<p class=\"font-weight-bold m-font-weight-bold\" data-lab-font_weight=\"font-weight-bold\"> N\u00e5, over 20 \u00e5r etter den f\u00f8rste serien, kommer NRK med sin egen oppf\u00f8lger &#8211; \u00abNissene i skjul\u00bb. Kalenderen henter inspirasjon fra realityserier som \u00abForr\u00e6der\u00bb og \u00abSpillet\u00bb.<\/p>\n<p>Niva leder kalenderen som programleder, mens Flesvig og V\u00e5genes spiller fire roller hver.<\/p>\n<p>&#8211; Det er 24 episoder med god gammeldags jul, masse kjendiser og god stemning, sier Niva om kalenderen.\u00a0<\/p>\n<p>          <img loading=\"lazy\" decoding=\"async\" src=\"https:\/\/www.europesays.com\/no\/wp-content\/uploads\/2025\/11\/83914025.webp\" width=\"686\" height=\"398\" title=\"\u00abNISSENE I SKJUL\u00bb: Mikkel Niva spiller rollen som programleder, mens Herman Flesvig og Kevin V\u00e5genes spiller flere roller hver. Foto: Seefood TV \/ NRK\" alt=\"\" class=\"\" style=\"--aspect-ratio-image: 1.72; \"\/><\/p>\n<p>\n          \u00abNISSENE I SKJUL\u00bb: Mikkel Niva spiller rollen som programleder, mens Herman Flesvig og Kevin V\u00e5genes spiller flere roller hver. Foto: Seefood TV \/ NRK\n      <\/p>\n<p> Flesvig innr\u00f8mmer at det er litt \u00e6refrykt knyttet til \u00e5 videref\u00f8re et s\u00e5 popul\u00e6rt konsept: <\/p>\n<p>&#8211; Folk kommer til \u00e5 bli skuffet og synes at dette her er respektl\u00f8st, sier Flesvig humoristisk, f\u00f8r han legger til:\u00a0<\/p>\n<p class=\"font-weight-bold m-font-weight-bold\" data-lab-font_weight=\"font-weight-bold\">&#8211; Det er litt med \u00e6refrykt at\u00a0man tar et konsept som har funka kjempebra, og skal gj\u00f8re noe p\u00e5 det. Jeg tror man kan forvente at det er litt v\u00e5r vri p\u00e5 det, samtidig som man har beholdt mye av de samme tingene som har v\u00e6rt f\u00f8r.\u00a0<\/p>\n<p>        SJOKKERT: Trygve Bennetsen r\u00f8pet seg om at Sophie Elise var p\u00e5 et annet opptak, da f\u00f8rste episode av \u00abMaskorama\u00bb ble sendt. Video: Nora Skavhaug\/R\u00f8d l\u00f8per. Reporter: Thea Hope\/R\u00f8d l\u00f8per<\/p>\n<p>&#8211; Jeg var spent\t<\/p>\n<p>Flesvig og Niva har jobbet sammen i flere \u00e5r, blant annet gjennom podkasten\u00a0\u00abStorefri\u00bb. N\u00e5 har de f\u00e5tt med seg V\u00e5genes p\u00e5 laget.\u00a0<\/p>\n<p>P\u00e5 sp\u00f8rsm\u00e5l om hvordan det er \u00e5 tre inn i en allerede etablert duo, svarer V\u00e5genes:<\/p>\n<p class=\"font-weight-bold m-font-weight-bold\" data-lab-font_weight=\"font-weight-bold\">&#8211; Jeg m\u00e5 innr\u00f8mme at jeg var spent p\u00e5 det, fordi de har \u00e5penbart veldig god humorkjemi. S\u00e5 jeg var spent p\u00e5 om jeg ble veldig femte hjulet p\u00e5 vogna, sier 39-\u00e5ringen.\u00a0<\/p>\n<p>&#8211; Men s\u00e5nn helt oppriktig, i tillegg til at det er g\u00f8y \u00e5 f\u00e5 spille med Herman og Mikkel, tok det veldig kort tid f\u00f8r jeg ble glad i dem. Det har noe \u00e5 gj\u00f8re med at de \u00abbjudar\u00bb p\u00e5, de er lette \u00e5 bli kjent med, og de gjorde fort narr av meg. Og jeg av dem.\u00a0<\/p>\n<p>          <img loading=\"lazy\" decoding=\"async\" src=\"https:\/\/www.europesays.com\/no\/wp-content\/uploads\/2025\/11\/83913539.webp\" width=\"686\" height=\"364\" title=\"GODT SAMARBEID: Herman Flesvig, Kevin V\u00e5genes og Mikkel Niva forteller om samarbeidet med serien. Foto: Kristin Svorte\/Dagbladet\" alt=\"\" class=\"\" style=\"--aspect-ratio-image: 1.88; \"\/><\/p>\n<p>\n          GODT SAMARBEID: Herman Flesvig, Kevin V\u00e5genes og Mikkel Niva forteller om samarbeidet med serien. Foto: Kristin Svorte\/Dagbladet\n      <\/p>\n<p>Han understreker at det har v\u00e6rt lite spisse albuer og mye raushet under samarbeidet &#8211; noe Flesvig ogs\u00e5 trekker frem.<\/p>\n<p>&#8211; Som to karakterskuespillere kan det v\u00e6re veldig fort \u00e5 tr\u00e5kke i hverandres bed. Vi \u00f8nsker at begge skal v\u00e6re best, uten at vi dreper hverandres karakterer. Det synes jeg har funket veldig fint, sier Flesvig om samarbeidet med V\u00e5genes.\u00a0<\/p>\n<p>&#8211; Fra sp\u00f8k til side har det v\u00e6rt veldig bra og g\u00f8y for oss. Du er rett inn i gjengen, s\u00e5 velkommen skal du v\u00e6re, legger Niva til.\u00a0<\/p>\n<p>    <a itemprop=\"url\" href=\"https:\/\/www.seher.no\/kjendis\/roper-kjonnet\/83898474\" rel=\"nofollow noopener\" target=\"_blank\"><\/p>\n<p>      <img loading=\"lazy\" decoding=\"async\" src=\"https:\/\/www.europesays.com\/no\/wp-content\/uploads\/2025\/11\/83897057.webp\" width=\"147\" height=\"98\" title=\"R\u00f8per kj\u00f8nnet\" alt=\"\" class=\"lazyload\" style=\"--aspect-ratio-image: 1.50; \"\/><\/p>\n<p>        R\u00f8per kj\u00f8nnet<\/p>\n<p>    <\/a><\/p>\n<p>&#8211; Fantastisk\t<\/p>\n<p>I starten av \u00e5ret ble det kjent at V\u00e5genes <a href=\"https:\/\/www.seher.no\/kjendis\/avlyser-igjen\/82828503\" rel=\"nofollow noopener\" target=\"_blank\">avlyser alle forestillingene<\/a> sine p\u00e5 showet\u00a0\u00abKevin V\u00e5genes \u2013 En Du Kjenner\u00bb p\u00e5 ubestemt tid, p\u00e5 grunn av personlige \u00e5rsaker.\u00a0<\/p>\n<p>P\u00e5 sp\u00f8rsm\u00e5l om hvordan det er for han \u00e5 v\u00e6re tilbake i offentligheten, svarer han:\u00a0<\/p>\n<p>&#8211; Det har v\u00e6rt fantastisk \u00e5 f\u00e5 hoppe inn i en serie og gj\u00f8re dette. Kjempeg\u00f8y. <\/p>\n<p>Julekalenderen \u00abNissene i skjul\u00bb har premiere p\u00e5 NRK 1.desember, og det kommer \u00e9n ny episode hver dag fram til julaften.\u00a0<\/p>\n","protected":false},"excerpt":{"rendered":"\u00abNissene i skjul\u00bb:\u00a0 Kevin V\u00e5genes innr\u00f8mmer at han var spent p\u00e5 \u00e5 jobbe med den veletablerte duoen. TRIO:&hellip;\n","protected":false},"author":2,"featured_media":100470,"comment_status":"","ping_status":"","sticky":false,"template":"","format":"standard","meta":{"footnotes":""},"categories":[5],"tags":[20,21,24,25,15,10125,19,10124,479,2543,22,23,17,18,10126,13,12798,30,28,29,787,14,16,26,27],"class_list":{"0":"post-100469","1":"post","2":"type-post","3":"status-publish","4":"format-standard","5":"has-post-thumbnail","7":"category-overskrifter","8":"tag-breaking-news","9":"tag-breakingnews","10":"tag-featured-news","11":"tag-featurednews","12":"tag-headlines","13":"tag-herman-flesvig","14":"tag-hovedoppslag","15":"tag-kevin-vagenes","16":"tag-kjendis","17":"tag-kjendisdesken","18":"tag-latest-news","19":"tag-latestnews","20":"tag-main-news","21":"tag-mainnews","22":"tag-mikkel-niva","23":"tag-news","24":"tag-nissene-i-skjul","25":"tag-no","26":"tag-norge","27":"tag-norway","28":"tag-nrk","29":"tag-nyheter","30":"tag-overskrifter","31":"tag-top-stories","32":"tag-topstories"},"share_on_mastodon":{"url":"https:\/\/pubeurope.com\/@no\/115637830991632704","error":""},"_links":{"self":[{"href":"https:\/\/www.europesays.com\/no\/wp-json\/wp\/v2\/posts\/100469","targetHints":{"allow":["GET"]}}],"collection":[{"href":"https:\/\/www.europesays.com\/no\/wp-json\/wp\/v2\/posts"}],"about":[{"href":"https:\/\/www.europesays.com\/no\/wp-json\/wp\/v2\/types\/post"}],"author":[{"embeddable":true,"href":"https:\/\/www.europesays.com\/no\/wp-json\/wp\/v2\/users\/2"}],"replies":[{"embeddable":true,"href":"https:\/\/www.europesays.com\/no\/wp-json\/wp\/v2\/comments?post=100469"}],"version-history":[{"count":0,"href":"https:\/\/www.europesays.com\/no\/wp-json\/wp\/v2\/posts\/100469\/revisions"}],"wp:featuredmedia":[{"embeddable":true,"href":"https:\/\/www.europesays.com\/no\/wp-json\/wp\/v2\/media\/100470"}],"wp:attachment":[{"href":"https:\/\/www.europesays.com\/no\/wp-json\/wp\/v2\/media?parent=100469"}],"wp:term":[{"taxonomy":"category","embeddable":true,"href":"https:\/\/www.europesays.com\/no\/wp-json\/wp\/v2\/categories?post=100469"},{"taxonomy":"post_tag","embeddable":true,"href":"https:\/\/www.europesays.com\/no\/wp-json\/wp\/v2\/tags?post=100469"}],"curies":[{"name":"wp","href":"https:\/\/api.w.org\/{rel}","templated":true}]}}