{"id":100471,"date":"2025-11-30T09:13:13","date_gmt":"2025-11-30T09:13:13","guid":{"rendered":"https:\/\/www.europesays.com\/no\/100471\/"},"modified":"2025-11-30T09:13:13","modified_gmt":"2025-11-30T09:13:13","slug":"bot-etter-dette","status":"publish","type":"post","link":"https:\/\/www.europesays.com\/no\/100471\/","title":{"rendered":"Bot etter dette"},"content":{"rendered":"<p>    Kort fortalt<\/p>\n<ul lang=\"nb-NO\">\n<li>Fugleinfluensaen sprer seg raskt i Europa, med flere tilfeller bekreftet i Sverige.<\/li>\n<li>Svenske helsemyndigheter advarer om at viruset med tida kan tilpasse seg mennesker og for\u00e5rsake en pandemi.<\/li>\n<li>H5N1-viruset har allerede for\u00e5rsaket d\u00f8dsfall blant mennesker og dyr globalt.<\/li>\n<li>FHI i Norge vurderer risikoen og f\u00f8lger med p\u00e5 situasjonen.\u00a0<\/li>\n<\/ul>\n<p class=\"italic ai-disclaimer\" data-lab-italic=\"italic\">Sammendraget er laget av ChatGPT og godkjent av Dagbladet.<\/p>\n<p>      Vis mer<br \/>\n      Vis mindre<\/p>\n<p>Fugleinfluensaen har f\u00e5tt fotfeste i Europa, og flere virustilfeller er n\u00e5 bekreftet i Sverige.\u00a0<\/p>\n<p class=\"font-weight-normal m-font-weight-normal\" data-lab-font_weight=\"font-weight-normal\">Det melder flere medier, blant andre Sveriges st\u00f8rste helsemagasin,\u00a0<a href=\"https:\/\/www.mabra.com\/halsa\/folkhalsomyndigheten-det-kan-bli-nasta-pandemi-sa-skyddar-du-dig\/11160574\" rel=\"nofollow noopener\" target=\"_blank\">M\u00e5Bra<\/a>.\u00a0<\/p>\n<p class=\"font-weight-bold m-font-weight-bold\" data-lab-font_weight=\"font-weight-bold\">\u00abN\u00e5r viruset sprer seg, \u00f8ker risikoen for at det tilpasser seg andre dyrearter &#8211; og da til slutt mennesker\u00bb, skriver magasinet.\u00a0<\/p>\n<p class=\"font-weight-normal m-font-weight-normal\" data-lab-font_weight=\"font-weight-normal\">Det f\u00e5r Klara Sond\u00e9n, assisterende statsepidemilog ved de svenske Folkehelsemyndighetene, til \u00e5 reagere. N\u00e5 tar hun til orde om potensielle farer:<\/p>\n<p>&#8211; Fugleinfluensa og andre influensavirus som sirkulerer blant dyr regnes som de mest sannsynlige kandidatene til \u00e5 for\u00e5rsake neste pandemi, advarer hun i en uttalelse.\u00a0<\/p>\n<p>&#8211; Alvorlig forverring\u00a0<\/p>\n<p>Det var i oktober i \u00e5r at det f\u00f8rste svenske tilfellet av fugleinfluensa ble p\u00e5vist.\u00a0<\/p>\n<p class=\"font-weight-bold m-font-weight-bold\" data-lab-font_weight=\"font-weight-bold\">Siden da har situasjonen forverret seg kraftig, b\u00e5de i Sverige og i flere naboland, melder Svenske Statens veterin\u00e6rinstitutt (SVA).<\/p>\n<p>&#8211; Vi ser en rask og alvorlig forverring av situasjonen. Bildet vi ser n\u00e5 skiller seg fra tidligere \u00e5r, og vi frykter en sesong med mange utbrudd, sier statsepidemiolog Karl St\u00e5hl i en pressemelding.<\/p>\n<p>St\u00e5hl oppfordrer alle til \u00ab\u00e5 gj\u00f8re det de kan\u00bb for \u00e5 redusere spredningen.\u00a0<\/p>\n<p class=\"italic m-italic\" data-lab-italic=\"italic\">Les hva Ingvild Fjeldheim, overlege i FHI, sier om virusets utvikling lenger nedi saken.\u00a0<\/p>\n<p>    Fugleinfluensa<\/p>\n<p>Fugleinfluensa er hovedsakelig et dyrehelseproblem. Smitte til mennesker er sjelden, men det kan skje hvis mennesker har n\u00e6r kontakt med syke eller d\u00f8de dyr.\u00a0<\/p>\n<p class=\"font-weight-bold m-font-weight-bold\" data-lab-font_weight=\"font-weight-bold\">Vanligvis skjer dette ved direkte kontakt med fuglers avf\u00f8ring, spytt eller tils\u00f8lte fj\u00e6r. Men viruset kan ogs\u00e5 finnes p\u00e5 overflater og i st\u00f8v, og kan dermed smitte ved indirekte kontakt, skriver FHI p\u00e5 sine nettsider.<\/p>\n<p>Smitte kan ogs\u00e5 forekomme ved n\u00e6r, ubeskyttet kontakt med andre infiserte dyr. I Norge har det aldri v\u00e6rt p\u00e5vist smitte fra dyr til mennesker.\u00a0<\/p>\n<p>      Vis mer<br \/>\n      Vis mindre<\/p>\n<p>Over halvparten har d\u00f8dd  <\/p>\n<p>Fugleinfluensa er en av de verste dyresykdommene gjennom tidene. Hundrevis av millioner dyr, som kyr, griser, katter og kyllinger, har allerede d\u00f8dd av det verden over.\u00a0<\/p>\n<p class=\"font-weight-bold m-font-weight-bold\" data-lab-font_weight=\"font-weight-bold\">Men viruset, kalt\u00a0<a href=\"https:\/\/www.fhi.no\/ss\/influensa\/fugleinfluensa\/sporsmal-og-svar-om-fugleinfluensa\/#:~:text=H5N1-viruset%20som%20siden%202020,et%20f%C3%A5talls%20tilfeller%20p%C3%A5%20verdensbasis.\" target=\"_blank\" rel=\"nofollow noopener\">H5N1<\/a>, har ogs\u00e5 drept mennesker.\u00a0Og dersom viruset muterer, kan det begynne \u00e5 spre seg mellom oss &#8211; og dermed, potensielt, utl\u00f8se en ny pandemi.<\/p>\n<p>          <img loading=\"lazy\" decoding=\"async\" src=\"https:\/\/www.europesays.com\/no\/wp-content\/uploads\/2025\/11\/83917634.webp\" width=\"980\" height=\"559\" title=\"D\u00d8DE I VADS\u00d8: I 2023 d\u00f8de et stort antall fugler av fugleinfluensa i Vads\u00f8. Landbruks- og matminister Sandra Borch dro p\u00e5 bes\u00f8k for \u00e5 orientere seg om arbeidet. Foto: Jan Langhaug \/ NTB\" alt=\"\" class=\"\" style=\"--aspect-ratio-image: 1.75; \"\/><\/p>\n<p>\n          D\u00d8DE I VADS\u00d8: I 2023 d\u00f8de et stort antall fugler av fugleinfluensa i Vads\u00f8. Landbruks- og matminister Sandra Borch dro p\u00e5 bes\u00f8k for \u00e5 orientere seg om arbeidet. Foto: Jan Langhaug \/ NTB\n      <\/p>\n<p>I Norge ble H5N1-viruset f\u00f8rst registrert<a href=\"https:\/\/www.vetinst.no\/dyr\/vilt\/fugleinfluensa-i-norge\" target=\"_blank\" rel=\"nofollow noopener\">\u00a0i 2020<\/a>. Siden da har virussykdommen for\u00e5rsaket d\u00f8delighet blant villfugl over store deler av landet, og dessuten tilpasset seg til \u00e5 bli av en helt annen kvalitet.\u00a0<\/p>\n<p class=\"font-weight-normal m-font-weight-normal\" data-lab-font_weight=\"font-weight-normal\">&#8211; Fugleinfluensa er i prinsippet n\u00e5 permanent til stede over hele verden, og dette er en bekymringsfull utvikling, skrev J\u00f6rn Klein\u00a0<a href=\"https:\/\/www.aftenposten.no\/meninger\/kronikk\/i\/KnRzAo\/uten-mennesker-ville-sannsynligvis-ikke-farlige-fugleinfluensavirus-eksistert\" rel=\"nofollow noopener\" target=\"_blank\">i Aftenposten<\/a>\u00a0allerede i 2023. Han er professor innen mikrobiologi og smittevern ved Universitetet i S\u00f8r\u00f8st-Norge.\u00a0<\/p>\n<p class=\"italic m-italic\" data-lab-italic=\"italic\"> if\u00f8lge\u00a0<a href=\"https:\/\/www.who.int\/publications\/m\/item\/cumulative-number-of-confirmed-human-cases-for-avian-influenza-a(h5n1)-reported-to-who-2003-2022-5-jan-2023\" rel=\"nofollow noopener\" target=\"_blank\">Verdens helseorganisasjon (WHO)<\/a>\u00a0er det registrert rundt 900 tilfeller av fugleinfluensa hos mennesker siden 2003. Litt over halvparten av de smittede har d\u00f8dd.<\/p>\n<p>    <a itemprop=\"url\" href=\"https:\/\/www.dagbladet.no\/nyheter\/ny-variant-skiller-seg-ut\/83882157\" rel=\"nofollow noopener\" target=\"_blank\"><\/p>\n<p>      <img loading=\"lazy\" decoding=\"async\" src=\"https:\/\/www.europesays.com\/no\/wp-content\/uploads\/2025\/11\/1764493992_625_83883729.webp\" width=\"980\" height=\"441\" title=\"Ny variant skiller seg ut\" alt=\"\" class=\"lazyload\" style=\"--aspect-ratio-image: 2.22; \"\/><\/p>\n<p>        Ny variant skiller seg ut<\/p>\n<p>    <\/a><\/p>\n<p>&#8211; Worst case-scenario\u00a0  <\/p>\n<p>I USA har fugleinfluensaviruset v\u00e6rt et problem i lengre tid. I januar i \u00e5r d\u00f8de en 65 \u00e5r gammel mann fra USA etter \u00e5 ha blitt smittet med fugleinfluensaviruset H5N1.\u00a0<\/p>\n<p>If\u00f8lge\u00a0<a href=\"https:\/\/www.washingtonpost.com\/health\/2025\/01\/06\/bird-flu-first-human-death-us\/\" rel=\"nofollow noopener\" target=\"_blank\">The Washington Post<\/a>\u00a0ble mannen, som hadde underliggende helseproblemer, smittet etter kontakt med infiserte fugler. 65-\u00e5ringen er det f\u00f8rste mennesket som b\u00e5de er blitt smittet &#8211; og har d\u00f8dd &#8211; av denne varianten.<\/p>\n<p class=\"font-weight-bold m-font-weight-bold\" data-lab-font_weight=\"font-weight-bold\">Amerikaneren d\u00f8de kort tid etter at forskere slo alarm om frykten for en global virus-katastrofe:\u00a0<\/p>\n<p>&#8211; Worst case-scenarioet er en global pandemi p\u00e5 rekordfart, sa Sigrid Bratlie<a href=\"https:\/\/www.dagbladet.no\/nyheter\/frykter-ny-pandemi\/82423370\" rel=\"nofollow noopener\" target=\"_blank\">\u00a0til Dagbladet\u00a0<\/a>den gang.\u00a0<\/p>\n<p>Hun er molekyl\u00e6rbiolog og seniorr\u00e5dgiver i tankesmia Langsikt. Bratlie hadde nylig skrevet en kronikk i\u00a0<a href=\"https:\/\/www.aftenposten.no\/meninger\/kronikk\/i\/qP77XO\/fugleinfluensa-vi-kan-ha-en-pandemi-paa-doeren-foer-paaske\" rel=\"nofollow noopener\" target=\"_blank\">Aftenposten<\/a>\u00a0om at hun og kollega Eirik Mofoss, leder i Langsikt, s\u00e5 p\u00e5 utviklingen i Amerika \u00abmed stor bekymring\u00bb.<\/p>\n<p>    &#8211; Store utbrudd i Norge<\/p>\n<p> De omfattende utbruddene av fugleinfluensa blant melkekyr og fj\u00f8rfe i USA kan \u00f8ke risikoen for at fugleinfluensaviruset etter hvert blir smittsomt mellom mennesker.<\/p>\n<p class=\"font-weight-bold m-font-weight-bold\" data-lab-font_weight=\"font-weight-bold\"><a href=\"https:\/\/www.fhi.no\/publ\/2025\/risikovurdering-fugleinfluensa-februar-2025\/\" rel=\"nofollow noopener\" target=\"_blank\">En risikovurdering som ble gjort av Folkehelseinstituttet i februar 2025<\/a>, viste imidlertid at risikoen for at folk i Norge skal bli smittet er veldig liten. Den er litt h\u00f8yere for mennesker som er i kontakt med smittede fugler. For disse vil bruk av beskyttelsesutstyr redusere risikoen betraktelig. <\/p>\n<p>If\u00f8lge\u00a0<a href=\"https:\/\/www.fhi.no\/ss\/influensa\/fugleinfluensa\/sporsmal-og-svar-om-fugleinfluensa\/#kan-mennesker-smittes-av-fugleinfluensa\" rel=\"nofollow noopener\" target=\"_blank\">FHI<\/a>s hjemmesider kan fugleinfluensaviruset f\u00f8re til alvorlige luftveisinfeksjoner som kan resultere i lungesvikt og d\u00f8d. De fleste tilfellene hos mennesker i USA har v\u00e6rt relativt milde.<\/p>\n<p class=\"font-weight-bold m-font-weight-bold\" data-lab-font_weight=\"font-weight-bold\">Sigrid Bratlie frykter likevel at en ny fugleinfluensa-pandemi totalt sett kan bli mer d\u00f8delig enn coronapandemien.<\/p>\n<p>&#8211; Influensapandemier har historisk sett v\u00e6rt blant de mest alvorlige, sa hun til Dagbladet tidligere i \u00e5r.<\/p>\n<p>I tillegg mente biologen at viruset allerede har f\u00f8rt til en milj\u00f8katastrofe:<\/p>\n<p>&#8211; Mer enn 300 milliarder fugler har d\u00f8dd av dette viruset. Matsikkerheten trues, og ogs\u00e5 i Norge har vi hatt store utbrudd blant fj\u00f8rfe, kommenterte hun.<\/p>\n<p>      Vis mer<br \/>\n      Vis mindre<\/p>\n<p>&#8211; Flere har pandemisk potensial  <\/p>\n<p>Med de svenske influensa-tilfellene friskt i minne, tok Dagbladet kontakt med FHI denne uka for \u00e5 h\u00f8re hvordan de vurderer trusselen fra fugleinfluensaen.\u00a0<\/p>\n<p>&#8211; De fugleinfluensavirusene som vi finner hos fugler og enkelte andre dyr n\u00e5, er hovedsakelig tilpasset fugler og smitter sjelden til mennesker, beroliger Ingvild Fjeldheim.<\/p>\n<p>Hun er overlege og spesialist i samfunnsmedisin ved FHI.<\/p>\n<p class=\"font-weight-normal m-font-weight-normal\" data-lab-font_weight=\"font-weight-normal\">For at et virus skal kunne for\u00e5rsake en pandemi, m\u00e5 det kunne smitte effektivt ogs\u00e5 mellom mennesker, forklarer hun:\u00a0<\/p>\n<p>&#8211; Folkehelseinstituttet vurderer risikoen for smitte til mennesker som sv\u00e6rt liten for den generelle befolkningen, og liten for personer som er i kontakt med smittede dyr. Det er ikke p\u00e5vist smitte til mennesker i Norge.<\/p>\n<p>          <img loading=\"lazy\" decoding=\"async\" src=\"https:\/\/www.europesays.com\/no\/wp-content\/uploads\/2025\/11\/83917550.webp\" width=\"980\" height=\"559\" title=\"FLERE D\u00d8DE: I Tyskland har mange fugler d\u00f8dd av influensaviruset som herjer. Her fra en opprydning tidligere i november. Foto: Ebrahim Noroozi \/ AP \/ NTB\" alt=\"\" class=\"\" style=\"--aspect-ratio-image: 1.75; \"\/><\/p>\n<p>\n          FLERE D\u00d8DE: I Tyskland har mange fugler d\u00f8dd av influensaviruset som herjer. Her fra en opprydning tidligere i november. Foto: Ebrahim Noroozi \/ AP \/ NTB\n      <\/p>\n<p data-lab-italic=\"italic\" class=\"italic m-italic\">&#8211; Tror dere, som de svenske helsemyndighetene, at fugleinfluensaen kan bli v\u00e5r neste pandemi?<\/p>\n<p>&#8211; Det er flere virus som har pandemisk potensial, og ulike fugleinfluensavirus er blant disse. Forrige pandemi var for\u00e5rsaket av et coronavirus, s\u00e5 det er vanskelig \u00e5 forutse hvilket virus som vil bli det neste, fortsetter Fjeldheim.<\/p>\n<p>        \u00abALASKAKOPPER\u00bb: Et symptom p\u00e5 viruset er byller og utslett p\u00e5 hudoverflaten. Foto: Alaska Department of Health<\/p>\n<p>&#8211; Rask risikovurdering\u00a0<\/p>\n<p>Overlegen sier at fugleinfluensavirusene vi finner hos fugler og enkelte dyr n\u00e5, \u00abhovedsakelig er tilpasset fugler\u00bb.<\/p>\n<p class=\"font-weight-bold m-font-weight-bold\" data-lab-font_weight=\"font-weight-bold\">&#8211; B\u00e5de dyrehelse- og folkehelsemyndighetene f\u00f8lger n\u00f8ye med p\u00e5 situasjonen, kommenterer hun.<\/p>\n<p>Dersom det skulle vise seg at fugleinfluensavirusene som sirkulerer blant fugler og dyr skulle endre seg, har FHI planen klar, forteller Fjeldheim:<\/p>\n<p>&#8211; Skulle det bli slik at de effektivt smitter mellom mennesker, vil FHI raskt gj\u00f8re en risikovurdering av situasjonen og utarbeide r\u00e5d som er tilpasset situasjonen.\u00a0<\/p>\n","protected":false},"excerpt":{"rendered":"Kort fortalt Fugleinfluensaen sprer seg raskt i Europa, med flere tilfeller bekreftet i Sverige. Svenske helsemyndigheter advarer om&hellip;\n","protected":false},"author":2,"featured_media":100472,"comment_status":"","ping_status":"","sticky":false,"template":"","format":"standard","meta":{"footnotes":""},"categories":[5],"tags":[20,21,24,25,105,9443,15,19,22,23,17,18,13,30,28,29,14,16,83,26,27],"class_list":{"0":"post-100471","1":"post","2":"type-post","3":"status-publish","4":"format-standard","5":"has-post-thumbnail","7":"category-overskrifter","8":"tag-breaking-news","9":"tag-breakingnews","10":"tag-featured-news","11":"tag-featurednews","12":"tag-handball","13":"tag-handball-vm","14":"tag-headlines","15":"tag-hovedoppslag","16":"tag-latest-news","17":"tag-latestnews","18":"tag-main-news","19":"tag-mainnews","20":"tag-news","21":"tag-no","22":"tag-norge","23":"tag-norway","24":"tag-nyheter","25":"tag-overskrifter","26":"tag-sport","27":"tag-top-stories","28":"tag-topstories"},"share_on_mastodon":{"url":"https:\/\/pubeurope.com\/@no\/115637885842455390","error":""},"_links":{"self":[{"href":"https:\/\/www.europesays.com\/no\/wp-json\/wp\/v2\/posts\/100471","targetHints":{"allow":["GET"]}}],"collection":[{"href":"https:\/\/www.europesays.com\/no\/wp-json\/wp\/v2\/posts"}],"about":[{"href":"https:\/\/www.europesays.com\/no\/wp-json\/wp\/v2\/types\/post"}],"author":[{"embeddable":true,"href":"https:\/\/www.europesays.com\/no\/wp-json\/wp\/v2\/users\/2"}],"replies":[{"embeddable":true,"href":"https:\/\/www.europesays.com\/no\/wp-json\/wp\/v2\/comments?post=100471"}],"version-history":[{"count":0,"href":"https:\/\/www.europesays.com\/no\/wp-json\/wp\/v2\/posts\/100471\/revisions"}],"wp:featuredmedia":[{"embeddable":true,"href":"https:\/\/www.europesays.com\/no\/wp-json\/wp\/v2\/media\/100472"}],"wp:attachment":[{"href":"https:\/\/www.europesays.com\/no\/wp-json\/wp\/v2\/media?parent=100471"}],"wp:term":[{"taxonomy":"category","embeddable":true,"href":"https:\/\/www.europesays.com\/no\/wp-json\/wp\/v2\/categories?post=100471"},{"taxonomy":"post_tag","embeddable":true,"href":"https:\/\/www.europesays.com\/no\/wp-json\/wp\/v2\/tags?post=100471"}],"curies":[{"name":"wp","href":"https:\/\/api.w.org\/{rel}","templated":true}]}}