{"id":100479,"date":"2025-11-30T09:33:09","date_gmt":"2025-11-30T09:33:09","guid":{"rendered":"https:\/\/www.europesays.com\/no\/100479\/"},"modified":"2025-11-30T09:33:09","modified_gmt":"2025-11-30T09:33:09","slug":"ukraina-russland-ukraina-skal-produsere-droner-i-norge","status":"publish","type":"post","link":"https:\/\/www.europesays.com\/no\/100479\/","title":{"rendered":"Ukraina, Russland | Ukraina skal produsere droner i Norge"},"content":{"rendered":"\n<p>Norge og Ukraina har inng\u00e5tt en intensjonsavtale om ukrainsk droneproduksjon i Norge. M\u00e5let er \u00e5 f\u00e5 produksjonen i gang i l\u00f8pet av neste \u00e5r.<\/p>\n<p>M\u00e5let er \u00e5 f\u00e5 etablere en produksjonslinje \u00abraskt i 2026\u00bb for s\u00e5 \u00e5 supplere med etablering av utvidet kapasitet i l\u00f8pet av \u00e5ret, opplyser Forsvarsdepartementet i en epost til NTB.<\/p>\n<p>\u2013 Avtalen legger til rette for tettere utvikling og samarbeid mellom norsk og ukrainsk droneindustri. Etter produksjon skal disse dronene doneres til Ukraina, sier forsvarsminister Tore O. Sandvik (Ap).<\/p>\n<p>\u2013 Ukraina vil if\u00f8lge avtalen som er undertegnet, dele teknologi og innovasjon med Norge, og m\u00e5let er \u00e5 f\u00e5 til et tettere og dypere samarbeid med norsk forsvarsindustri for \u00e5 \u00f8ke produksjonsevnen og dermed Europas sikkerhet, legger han til.<\/p>\n<p>Begge parter tjener p\u00e5 avtalen, mener Ukrainas forsvarsminister Denys Sjmyhal.<\/p>\n<p>\u2013 Ukraina deler sin erfaring og teknologi med Norge. Vi f\u00e5r produksjonskapasitet som vil gi v\u00e5re soldater moderne droner. I tillegg \u00e5pner dette nye muligheter for forskning og utvikling, sier Sjmyhal, som legger til at han er takknemlig overfor Sandik.<\/p>\n<p>Regjeringen h\u00e5per avtalen vil bidra til \u00e5 styrke landets dronekompetanse. I prosjektet er det lagt opp til et forsknings- og utviklingsl\u00f8p der Forsvarets forskningsinstitutt (FFI), utviklerbedriften og norsk droneindustri skal samarbeide for \u00e5 styrke kompetansemilj\u00f8et.<\/p>\n<p>Forsvarsminister Sandvik legger mandag fram regjeringens dronestrategi, som har som form\u00e5l \u00e5 styrke landets droneforsvar.<\/p>\n","protected":false},"excerpt":{"rendered":"Norge og Ukraina har inng\u00e5tt en intensjonsavtale om ukrainsk droneproduksjon i Norge. M\u00e5let er \u00e5 f\u00e5 produksjonen i&hellip;\n","protected":false},"author":2,"featured_media":78989,"comment_status":"","ping_status":"","sticky":false,"template":"","format":"standard","meta":{"footnotes":""},"categories":[10],"tags":[20,21,24,25,15,22,23,13,30,28,29,14,16,26,27],"class_list":{"0":"post-100479","1":"post","2":"type-post","3":"status-publish","4":"format-standard","5":"has-post-thumbnail","7":"category-norge","8":"tag-breaking-news","9":"tag-breakingnews","10":"tag-featured-news","11":"tag-featurednews","12":"tag-headlines","13":"tag-latest-news","14":"tag-latestnews","15":"tag-news","16":"tag-no","17":"tag-norge","18":"tag-norway","19":"tag-nyheter","20":"tag-overskrifter","21":"tag-top-stories","22":"tag-topstories"},"share_on_mastodon":{"url":"https:\/\/pubeurope.com\/@no\/115637964150632994","error":""},"_links":{"self":[{"href":"https:\/\/www.europesays.com\/no\/wp-json\/wp\/v2\/posts\/100479","targetHints":{"allow":["GET"]}}],"collection":[{"href":"https:\/\/www.europesays.com\/no\/wp-json\/wp\/v2\/posts"}],"about":[{"href":"https:\/\/www.europesays.com\/no\/wp-json\/wp\/v2\/types\/post"}],"author":[{"embeddable":true,"href":"https:\/\/www.europesays.com\/no\/wp-json\/wp\/v2\/users\/2"}],"replies":[{"embeddable":true,"href":"https:\/\/www.europesays.com\/no\/wp-json\/wp\/v2\/comments?post=100479"}],"version-history":[{"count":0,"href":"https:\/\/www.europesays.com\/no\/wp-json\/wp\/v2\/posts\/100479\/revisions"}],"wp:featuredmedia":[{"embeddable":true,"href":"https:\/\/www.europesays.com\/no\/wp-json\/wp\/v2\/media\/78989"}],"wp:attachment":[{"href":"https:\/\/www.europesays.com\/no\/wp-json\/wp\/v2\/media?parent=100479"}],"wp:term":[{"taxonomy":"category","embeddable":true,"href":"https:\/\/www.europesays.com\/no\/wp-json\/wp\/v2\/categories?post=100479"},{"taxonomy":"post_tag","embeddable":true,"href":"https:\/\/www.europesays.com\/no\/wp-json\/wp\/v2\/tags?post=100479"}],"curies":[{"name":"wp","href":"https:\/\/api.w.org\/{rel}","templated":true}]}}