{"id":100516,"date":"2025-11-30T10:30:48","date_gmt":"2025-11-30T10:30:48","guid":{"rendered":"https:\/\/www.europesays.com\/no\/100516\/"},"modified":"2025-11-30T10:30:48","modified_gmt":"2025-11-30T10:30:48","slug":"populaer-knapp-skjuler-funksjon-fa-kjenner-til-du-far-et-livslangt-tips-dersom-du-holder-den-inne-i-tre-sekunder-3","status":"publish","type":"post","link":"https:\/\/www.europesays.com\/no\/100516\/","title":{"rendered":"Popul\u00e6r knapp skjuler funksjon f\u00e5 kjenner til: Du f\u00e5r et livslangt tips dersom du holder den inne i tre sekunder"},"content":{"rendered":"<p>De fleste trykker p\u00e5 knappen bak p\u00e5 bilen uten \u00e5 tenke videre over det. Den \u00e5pner bagasjerommet, og oppgaven er l\u00f8st. <\/p>\n<p>I mange moderne biler, s\u00e6rlig SUV-er og luksus-sedaner med elektrisk bakluke, finnes det imidlertid en skjult funksjon som kan gj\u00f8re hverdagen merkbart enklere.<\/p>\n<p>Det dreier seg om muligheten til \u00e5 justere hvor h\u00f8yt bagasjerommet \u00e5pner. <\/p>\n<p>Dette kan v\u00e6re nyttig for dem som parkerer i garasjer med lav takh\u00f8yde, i trange parkeringskjellere eller for f\u00f8rere som \u00f8nsker enklere tilgang til bakluken uten \u00e5 m\u00e5tte strekke seg.<\/p>\n<p>Det skriver mediet <a href=\"https:\/\/v.daum.net\/v\/6fMSUkVZKd\" target=\"_blank\" rel=\"noopener nofollow\">v.daum.net<\/a>. <\/p>\n<p>Slik fungerer det<\/p>\n<p>Prosessen er enkel. <\/p>\n<p>\u00c5pne bakluken til \u00f8nsket h\u00f8yde, enten manuelt eller elektrisk. Hold deretter bagasjeromsknappen inne i tre til fem sekunder, og n\u00e5r et kort lydsignal h\u00f8res, er innstillingen lagret. <\/p>\n<p>Fra dette tidspunktet vil bilen \u00e5pne bakluken til den valgte h\u00f8yden hver gang.<\/p>\n<p>Utbredt blant mange bilmerker<\/p>\n<p>Funksjonen finnes i modeller som Tesla Model 3 og Model Y, samt st\u00f8rre SUV-er fra Hyundai og Kia, inkludert Palisade, Sorento og Sportage. <\/p>\n<p>Premiummerker som BMW, Mercedes-Benz og Audi tilbyr tilsvarende l\u00f8sninger, enkelte med justeringer via infotainmentsystemet.<\/p>\n<p>Muligheter for biler uten elektrisk bakluke<\/p>\n<p>Selv biler uten elektrisk bakluke kan tilpasses. Dette kan gj\u00f8res ved \u00e5 bytte gassdempere eller aktivere spesifikke innstillinger i bilens elektroniske kontrollmodul. <\/p>\n<p>Enkelte modeller har ogs\u00e5 sparksensorer og tilh\u00f8rende funksjoner som kan styres via produsentens app.<\/p>\n<p>Situasjoner der funksjonen er mest nyttig<\/p>\n<p>Justering av \u00e5pneh\u00f8yden kan v\u00e6re s\u00e6rlig praktisk i garasjer med lav takh\u00f8yde, n\u00e5r bakluken st\u00e5r i fare for \u00e5 treffe vegger eller porter, eller n\u00e5r bilen brukes av personer som \u00f8nsker enklere rekkevidde. Dette bidrar b\u00e5de til \u00f8kt bekvemmelighet og bedre sikkerhet.<\/p>\n<p>Positive tilbakemeldinger<\/p>\n<p>Bilister som har oppdaget funksjonen, gir gjennomg\u00e5ende gode tilbakemeldinger. <\/p>\n<p>En Tesla-eier beskriver l\u00f8sningen som en betydelig forbedring i hverdagen. Andre forteller at de endelig kan \u00e5pne bakluken uten frykt for \u00e5 skade bilen eller garasjen.<\/p>\n<p>En liten detalj kan vise seg \u00e5 v\u00e6re avgj\u00f8rende for en smidigere hverdag.<\/p>\n","protected":false},"excerpt":{"rendered":"De fleste trykker p\u00e5 knappen bak p\u00e5 bilen uten \u00e5 tenke videre over det. Den \u00e5pner bagasjerommet, og&hellip;\n","protected":false},"author":2,"featured_media":40722,"comment_status":"","ping_status":"","sticky":false,"template":"","format":"standard","meta":{"footnotes":""},"categories":[56],"tags":[60,61,62,30,28,29],"class_list":{"0":"post-100516","1":"post","2":"type-post","3":"status-publish","4":"format-standard","5":"has-post-thumbnail","7":"category-naeringsliv","8":"tag-business","9":"tag-economy","10":"tag-naeringsliv","11":"tag-no","12":"tag-norge","13":"tag-norway"},"share_on_mastodon":{"url":"https:\/\/pubeurope.com\/@no\/115638192315067369","error":""},"_links":{"self":[{"href":"https:\/\/www.europesays.com\/no\/wp-json\/wp\/v2\/posts\/100516","targetHints":{"allow":["GET"]}}],"collection":[{"href":"https:\/\/www.europesays.com\/no\/wp-json\/wp\/v2\/posts"}],"about":[{"href":"https:\/\/www.europesays.com\/no\/wp-json\/wp\/v2\/types\/post"}],"author":[{"embeddable":true,"href":"https:\/\/www.europesays.com\/no\/wp-json\/wp\/v2\/users\/2"}],"replies":[{"embeddable":true,"href":"https:\/\/www.europesays.com\/no\/wp-json\/wp\/v2\/comments?post=100516"}],"version-history":[{"count":0,"href":"https:\/\/www.europesays.com\/no\/wp-json\/wp\/v2\/posts\/100516\/revisions"}],"wp:featuredmedia":[{"embeddable":true,"href":"https:\/\/www.europesays.com\/no\/wp-json\/wp\/v2\/media\/40722"}],"wp:attachment":[{"href":"https:\/\/www.europesays.com\/no\/wp-json\/wp\/v2\/media?parent=100516"}],"wp:term":[{"taxonomy":"category","embeddable":true,"href":"https:\/\/www.europesays.com\/no\/wp-json\/wp\/v2\/categories?post=100516"},{"taxonomy":"post_tag","embeddable":true,"href":"https:\/\/www.europesays.com\/no\/wp-json\/wp\/v2\/tags?post=100516"}],"curies":[{"name":"wp","href":"https:\/\/api.w.org\/{rel}","templated":true}]}}