{"id":100519,"date":"2025-11-30T10:34:07","date_gmt":"2025-11-30T10:34:07","guid":{"rendered":"https:\/\/www.europesays.com\/no\/100519\/"},"modified":"2025-11-30T10:34:07","modified_gmt":"2025-11-30T10:34:07","slug":"harald-ostberg-amundsen-sterkest-i-spurten","status":"publish","type":"post","link":"https:\/\/www.europesays.com\/no\/100519\/","title":{"rendered":"Harald \u00d8stberg Amundsen sterkest i spurten"},"content":{"rendered":"<p>P\u00e5 sv\u00e6rt raske og krevende forhold skapte \u00f8sterrikske Mika Vermeulen og svenske Edvin Anger skapte spenning p\u00e5 den 20 kilometer lange fellesstarten.<\/p>\n<p>Da de var rundt halvveis stakk de to og franske Hugo Lapalus av for \u00e5 pr\u00f8ve \u00e5 strekke feltet. De hadde rundt 10 sekunder i fem kilometer, men etterhvert som m\u00e5lstreken n\u00e6rmet seg satt Harald \u00d8stberg Amundsen og Johannes H\u00f8sflot Kl\u00e6bo fart.<\/p>\n<p>Da ble den svensk\u00f8sterrikske duoen spist opp til slutt.<\/p>\n<p>Da ble det spurtoppgj\u00f8r, og der var Harald \u00d8stberg Amundsen sterkest.<\/p>\n<p>\u2013 Han har g\u00e5tt taktisk lurt hele veien og spart krefter. Han var klart best i den avgj\u00f8rende fasen, sier NRKs ekspert Fredrik Aukland.<\/p>\n<p>Rett bak han kom skiskytter Einar Hedegart som tok en overraskende andreplass.<\/p>\n<p>Svenske Edvin Anger ble nummer tre.<\/p>\n<p>Det var en usedvanlig svak Kl\u00e6bo som m\u00e5tte se seg sl\u00e5tt p\u00e5 en fellesstart.<\/p>\n<p>\u2013 Aldri sett ham svakere i en fellesstart i en avgj\u00f8rende fase, sier NRKs kommentator Jann Post.<\/p>\n","protected":false},"excerpt":{"rendered":"P\u00e5 sv\u00e6rt raske og krevende forhold skapte \u00f8sterrikske Mika Vermeulen og svenske Edvin Anger skapte spenning p\u00e5 den&hellip;\n","protected":false},"author":2,"featured_media":100520,"comment_status":"","ping_status":"","sticky":false,"template":"","format":"standard","meta":{"footnotes":""},"categories":[59],"tags":[30,28,29,83,82],"class_list":{"0":"post-100519","1":"post","2":"type-post","3":"status-publish","4":"format-standard","5":"has-post-thumbnail","7":"category-sport","8":"tag-no","9":"tag-norge","10":"tag-norway","11":"tag-sport","12":"tag-sports"},"share_on_mastodon":{"url":"https:\/\/pubeurope.com\/@no\/115638204048876782","error":""},"_links":{"self":[{"href":"https:\/\/www.europesays.com\/no\/wp-json\/wp\/v2\/posts\/100519","targetHints":{"allow":["GET"]}}],"collection":[{"href":"https:\/\/www.europesays.com\/no\/wp-json\/wp\/v2\/posts"}],"about":[{"href":"https:\/\/www.europesays.com\/no\/wp-json\/wp\/v2\/types\/post"}],"author":[{"embeddable":true,"href":"https:\/\/www.europesays.com\/no\/wp-json\/wp\/v2\/users\/2"}],"replies":[{"embeddable":true,"href":"https:\/\/www.europesays.com\/no\/wp-json\/wp\/v2\/comments?post=100519"}],"version-history":[{"count":0,"href":"https:\/\/www.europesays.com\/no\/wp-json\/wp\/v2\/posts\/100519\/revisions"}],"wp:featuredmedia":[{"embeddable":true,"href":"https:\/\/www.europesays.com\/no\/wp-json\/wp\/v2\/media\/100520"}],"wp:attachment":[{"href":"https:\/\/www.europesays.com\/no\/wp-json\/wp\/v2\/media?parent=100519"}],"wp:term":[{"taxonomy":"category","embeddable":true,"href":"https:\/\/www.europesays.com\/no\/wp-json\/wp\/v2\/categories?post=100519"},{"taxonomy":"post_tag","embeddable":true,"href":"https:\/\/www.europesays.com\/no\/wp-json\/wp\/v2\/tags?post=100519"}],"curies":[{"name":"wp","href":"https:\/\/api.w.org\/{rel}","templated":true}]}}