{"id":100529,"date":"2025-11-30T10:47:09","date_gmt":"2025-11-30T10:47:09","guid":{"rendered":"https:\/\/www.europesays.com\/no\/100529\/"},"modified":"2025-11-30T10:47:09","modified_gmt":"2025-11-30T10:47:09","slug":"vaer-farevarsel-farevarsel-om-kraftig-snofokk","status":"publish","type":"post","link":"https:\/\/www.europesays.com\/no\/100529\/","title":{"rendered":"V\u00e6r, Farevarsel | Farevarsel om kraftig sn\u00f8fokk"},"content":{"rendered":"\n<p>Meteorologisk institutt har sendt ut farevarsel p\u00e5 gult niv\u00e5 om kraftig sn\u00f8fokk i fjellet i S\u00f8r-Norge.<\/p>\n<p>Faren for sn\u00f8v\u00e6r og kraftig vind er ventet \u00e5 \u00f8ke mandag i 19-tiden, og minke tirsdag i 22-tiden.\u00a0<\/p>\n<p>\u2013 Sn\u00f8fokk gir stedvis redusert sikt og sn\u00f8 som pakker seg i veibanen. Veier kan bli stengt og kolonnekj\u00f8ring kan bli innf\u00f8rt p\u00e5 kort varsel, advarer meteorologene om faren p\u00e5 fjellovergangene.\u00a0<\/p>\n<p>De anbefaler bilister \u00e5 bruke riktige dekk og kj\u00f8re etter forholdene, og beregne ekstra tid til transport og kj\u00f8ring.\u00a0<\/p>\n<p>   <img decoding=\"async\" width=\"800\" height=\"600\" fetchpriority=\"low\"  loading=\"lazy\"  src=\"https:\/\/www.europesays.com\/no\/wp-content\/uploads\/2025\/11\/1229001_1.jpg\" alt=\"\" class=\"brick-c-cFOWSL\" style=\"--brick-image-ratio: 800 \/ 600;\"\/><\/p>\n<p>      Slik ser det ut ved Dyranut p\u00e5 Hardangervidda s\u00f8ndag formiddag.<br \/>\n      Foto: Statens vegvesens webkamera\n    <\/p>\n","protected":false},"excerpt":{"rendered":"Meteorologisk institutt har sendt ut farevarsel p\u00e5 gult niv\u00e5 om kraftig sn\u00f8fokk i fjellet i S\u00f8r-Norge. Faren for&hellip;\n","protected":false},"author":2,"featured_media":100530,"comment_status":"","ping_status":"","sticky":false,"template":"","format":"standard","meta":{"footnotes":""},"categories":[10],"tags":[36,20,21,102,24,25,15,22,23,1202,13,30,28,29,14,16,1510,26,27,553],"class_list":{"0":"post-100529","1":"post","2":"type-post","3":"status-publish","4":"format-standard","5":"has-post-thumbnail","7":"category-norge","8":"tag-art","9":"tag-breaking-news","10":"tag-breakingnews","11":"tag-farevarsel","12":"tag-featured-news","13":"tag-featurednews","14":"tag-headlines","15":"tag-latest-news","16":"tag-latestnews","17":"tag-meteorologisk-institutt","18":"tag-news","19":"tag-no","20":"tag-norge","21":"tag-norway","22":"tag-nyheter","23":"tag-overskrifter","24":"tag-story","25":"tag-top-stories","26":"tag-topstories","27":"tag-vaer"},"share_on_mastodon":{"url":"https:\/\/pubeurope.com\/@no\/115638255440342414","error":""},"_links":{"self":[{"href":"https:\/\/www.europesays.com\/no\/wp-json\/wp\/v2\/posts\/100529","targetHints":{"allow":["GET"]}}],"collection":[{"href":"https:\/\/www.europesays.com\/no\/wp-json\/wp\/v2\/posts"}],"about":[{"href":"https:\/\/www.europesays.com\/no\/wp-json\/wp\/v2\/types\/post"}],"author":[{"embeddable":true,"href":"https:\/\/www.europesays.com\/no\/wp-json\/wp\/v2\/users\/2"}],"replies":[{"embeddable":true,"href":"https:\/\/www.europesays.com\/no\/wp-json\/wp\/v2\/comments?post=100529"}],"version-history":[{"count":0,"href":"https:\/\/www.europesays.com\/no\/wp-json\/wp\/v2\/posts\/100529\/revisions"}],"wp:featuredmedia":[{"embeddable":true,"href":"https:\/\/www.europesays.com\/no\/wp-json\/wp\/v2\/media\/100530"}],"wp:attachment":[{"href":"https:\/\/www.europesays.com\/no\/wp-json\/wp\/v2\/media?parent=100529"}],"wp:term":[{"taxonomy":"category","embeddable":true,"href":"https:\/\/www.europesays.com\/no\/wp-json\/wp\/v2\/categories?post=100529"},{"taxonomy":"post_tag","embeddable":true,"href":"https:\/\/www.europesays.com\/no\/wp-json\/wp\/v2\/tags?post=100529"}],"curies":[{"name":"wp","href":"https:\/\/api.w.org\/{rel}","templated":true}]}}