{"id":100531,"date":"2025-11-30T10:48:14","date_gmt":"2025-11-30T10:48:14","guid":{"rendered":"https:\/\/www.europesays.com\/no\/100531\/"},"modified":"2025-11-30T10:48:14","modified_gmt":"2025-11-30T10:48:14","slug":"klaebo-skikkelig-forbanna","status":"publish","type":"post","link":"https:\/\/www.europesays.com\/no\/100531\/","title":{"rendered":"Kl\u00e6bo: &#8211; Skikkelig forbanna"},"content":{"rendered":"<p class=\"italic m-italic\" data-lab-italic=\"italic\">Oppdateres!<\/p>\n<p>Harald \u00d8stberg Amundsen vant 20 kilometeren i Ruka foran Einar Hedegart. Men ikke alle norske var i like godt hum\u00f8r etter rennet.<\/p>\n<p>Johannes H\u00f8sflot Kl\u00e6bo hadde ingen super dag i Finland. Tr\u00f8nderen ble nummer 15. Dermed m\u00e5 han vente p\u00e5 sin seier nummer 100 i verdenscupen.<\/p>\n<p>\u2013 Det var r\u00e6va. Jeg vil bare hjem n\u00e5, sier Kl\u00e6bo til TV 2.<\/p>\n<p class=\"bold m-bold\" data-lab-font_weight=\"bold\">\u2013 Jeg blir skikkelig forbanna. Det er ordentlig d\u00e5rlig.\u00a0<\/p>\n<p class=\"italic m-italic\" data-lab-italic=\"italic\">\u2013 Hvem er du forbanna p\u00e5?<\/p>\n<p>\u2013 P\u00e5 meg selv. Det er ikke noen andre.<\/p>\n<p>Rasende<\/p>\n<p data-lab-font_weight=\"\">Det var flere som var sinte etter den t\u00f8ffe 20 kilometeren. Mattis Stenshagen, som ble nummer syv, var mildt sagt rasende.<\/p>\n<p data-lab-font_weight=\"bold\" class=\"bold m-bold\">\u2013 Jeg er ikke litt forbanna. Jeg p\u00e5 godt norsk er j\u00e6vlig forbanna. Det var uverdige forhold. Jeg er irritert fordi jeg f\u00f8ler jeg har en god dag, sier Stenshagen til TV 2.<\/p>\n<p>\u2013 Jeg skulle gjerne sett at det var bedre forhold. Jeg f\u00f8ler det er uforsvarlig \u00e5 kj\u00f8re i 80 ved siden av hverandre p\u00e5 isete forhold. Du stiller ikke i Kitzb\u00fchel uten kanter p\u00e5 skiene, sier Stenshagen.<\/p>\n<p>        <img class=\"image__img lazyload\" itemprop=\"image\" title=\"Foto: Terje Pedersen \/ NTB\" alt=\"SINT: Mattis Stenshagen var alt annet enn forn\u00f8yd etter s\u00f8ndagens kaosrenn. Foto: Terje Pedersen \/ NTB\" width=\"978\" height=\"551\" bad-src=\"https:\/\/www.europesays.com\/no\/wp-content\/uploads\/2025\/11\/18337495.webp\" fetchpriority=\"auto\" \/><\/p>\n<p>      SINT: Mattis Stenshagen var alt annet enn forn\u00f8yd etter s\u00f8ndagens kaosrenn.<br \/>\n         Foto: Terje Pedersen \/ NTB<\/p>\n<p>Iver Tildheim Andersen mener ogs\u00e5 at forholdene var i det verste laget.<\/p>\n<p>\u2013 Jeg har lyst til \u00e5 bryte. Det er f\u00f8rste gangen i livet jeg har kjent p\u00e5 at det var forsvarlig \u00e5 bryte, sier Tildheim Andersen til TV 2.<\/p>\n<p class=\"bold m-bold\" data-lab-font_weight=\"bold\">\u2013 Jeg ble redd. Det er isete forhold og veldig vanskelig \u00e5 ha kontroll i feltet.<\/p>\n<p data-lab-font_weight=\"\">En annen som kjente p\u00e5 d\u00f8dsangst var Andrew Musgrave.<\/p>\n<p>\u2013 Jeg trodde jeg skulle d\u00f8 i hver eneste sving. Det var sk\u00f8ytebane, sier Musgrave til TV 2.<\/p>\n<p>Briten mener likevel det var riktig \u00e5 gjennomf\u00f8re rennet.<\/p>\n<p>\u2013 Man m\u00e5 kunne g\u00e5 skirenn selv om det er is. Det er utend\u00f8rsidrett.<\/p>\n<p> Jan Thomas Jenssen, som ble nummer tolv, hadde heller ikke sin beste dag. TV-bildene viste at Jenssen bl\u00f8dde fra nesen. <\/p>\n<p>        <img class=\"image__img lazyload\" itemprop=\"image\" title=\"Foto: Terje Pedersen \/ NTB\" alt=\"Jan Thomas Jenssen med blodig nese under 20 km fristil for menn i Ruka s\u00f8ndag. Foto: Terje Pedersen \/ NTB\" width=\"675\" height=\"379\" bad-src=\"https:\/\/www.europesays.com\/no\/wp-content\/uploads\/2025\/11\/18337457.webp\" fetchpriority=\"auto\" \/><\/p>\n<p>      Jan Thomas Jenssen med blodig nese under 20 km fristil for menn i Ruka s\u00f8ndag.<br \/>\n         Foto: Terje Pedersen \/ NTB<\/p>\n<p>Hyller Amundsen etter seieren<\/p>\n<p>Harald \u00d8stberg Amundsen fikk kamp til d\u00f8ren av Mika Vermeulen og Edvin Anger, sistnevnte tok ogs\u00e5 tredjeplassen.<\/p>\n<p>\u2013 For et fantastisk skirenn! Vi m\u00e5 jo bare hylle det Vermeulen og Anger gj\u00f8r i dag, og det at sistnevnte til og med har krefter til \u00e5 spurte om seieren er rett og slett vanvittig imponerende. De to lager jo hele l\u00f8pet, i det som ellers kunne v\u00e6rt 19 kjedelige kilometer i p\u00e5vente av en spurt, sier TV 2-ekspert Petter Soleng Skinstad.<\/p>\n<p>\u2013 Harald \u00d8stberg Amundsen, alts\u00e5. Sjelden har norske skil\u00f8pere g\u00e5tt fortere i verdenscupen enn det han gj\u00f8r i Ruka i dag.<\/p>\n<p>Eksperten lar seg ogs\u00e5 imponere av Hedegart.<\/p>\n<p class=\"bold m-bold\" data-lab-font_weight=\"bold\">\u2013 Han blir bare mer og mer OL-aktuell for hvert renn han g\u00e5r! For en skil\u00f8per han er!<\/p>\n","protected":false},"excerpt":{"rendered":"Oppdateres! Harald \u00d8stberg Amundsen vant 20 kilometeren i Ruka foran Einar Hedegart. Men ikke alle norske var i&hellip;\n","protected":false},"author":2,"featured_media":100532,"comment_status":"","ping_status":"","sticky":false,"template":"","format":"standard","meta":{"footnotes":""},"categories":[5],"tags":[20,21,24,25,15,19,22,23,17,18,13,30,28,29,14,16,26,27],"class_list":{"0":"post-100531","1":"post","2":"type-post","3":"status-publish","4":"format-standard","5":"has-post-thumbnail","7":"category-overskrifter","8":"tag-breaking-news","9":"tag-breakingnews","10":"tag-featured-news","11":"tag-featurednews","12":"tag-headlines","13":"tag-hovedoppslag","14":"tag-latest-news","15":"tag-latestnews","16":"tag-main-news","17":"tag-mainnews","18":"tag-news","19":"tag-no","20":"tag-norge","21":"tag-norway","22":"tag-nyheter","23":"tag-overskrifter","24":"tag-top-stories","25":"tag-topstories"},"share_on_mastodon":{"url":"https:\/\/pubeurope.com\/@no\/115638259135168488","error":""},"_links":{"self":[{"href":"https:\/\/www.europesays.com\/no\/wp-json\/wp\/v2\/posts\/100531","targetHints":{"allow":["GET"]}}],"collection":[{"href":"https:\/\/www.europesays.com\/no\/wp-json\/wp\/v2\/posts"}],"about":[{"href":"https:\/\/www.europesays.com\/no\/wp-json\/wp\/v2\/types\/post"}],"author":[{"embeddable":true,"href":"https:\/\/www.europesays.com\/no\/wp-json\/wp\/v2\/users\/2"}],"replies":[{"embeddable":true,"href":"https:\/\/www.europesays.com\/no\/wp-json\/wp\/v2\/comments?post=100531"}],"version-history":[{"count":0,"href":"https:\/\/www.europesays.com\/no\/wp-json\/wp\/v2\/posts\/100531\/revisions"}],"wp:featuredmedia":[{"embeddable":true,"href":"https:\/\/www.europesays.com\/no\/wp-json\/wp\/v2\/media\/100532"}],"wp:attachment":[{"href":"https:\/\/www.europesays.com\/no\/wp-json\/wp\/v2\/media?parent=100531"}],"wp:term":[{"taxonomy":"category","embeddable":true,"href":"https:\/\/www.europesays.com\/no\/wp-json\/wp\/v2\/categories?post=100531"},{"taxonomy":"post_tag","embeddable":true,"href":"https:\/\/www.europesays.com\/no\/wp-json\/wp\/v2\/tags?post=100531"}],"curies":[{"name":"wp","href":"https:\/\/api.w.org\/{rel}","templated":true}]}}