{"id":100535,"date":"2025-11-30T10:58:11","date_gmt":"2025-11-30T10:58:11","guid":{"rendered":"https:\/\/www.europesays.com\/no\/100535\/"},"modified":"2025-11-30T10:58:11","modified_gmt":"2025-11-30T10:58:11","slug":"barn-tar-selfie-i-jernbanesporet-bane-nor-skriver-til-1600-skoler-for-a-forebygge-hendelser","status":"publish","type":"post","link":"https:\/\/www.europesays.com\/no\/100535\/","title":{"rendered":"Barn tar selfie i jernbanesporet \u2013 Bane Nor skriver til 1600 skoler for \u00e5 forebygge hendelser"},"content":{"rendered":"\n<p class=\"_lead_o9xde_2 _lead_xtcu6_50 layout-component text-serif-m layout-normal text-serif-l layout-component layout-wide layout-padded _wide_17hqh_1 layout-padded\">Barn og unge tar selfies i jernbanespor og r\u00e5kj\u00f8rer med elsparkesykler p\u00e5 perronger. Bane Nor har n\u00e5 sendt ut brev til 1600 skoler for \u00e5 forebygge hendelser.<\/p>\n<p><img alt=\"Tog har lang bremselengde og kan ikke svinge unna. Det fors\u00f8ker Bane Nor n\u00e5 \u00e5 l\u00e6re skoleelever etter en \u00f8kning i hendelser med barn ved jernbanen. Arkivfoto av VY-tog mellom Sk\u00f8yen og Lysaker.  Foto: Lise \u00c5serud \/ NTB\" class=\"_image_qp4xg_65 layout-component layout-wide\" data-fullscreen- data-track-element-type=\"Article image fullscreen\" data-track-name=\"ImageFullscreen\" fetchpriority=\"high\" decoding=\"sync\" loading=\"eager\" height=\"3797\" itemprop=\"image\"  src=\"https:\/\/www.europesays.com\/no\/wp-content\/uploads\/2025\/11\/a1a3b089-9ffd-4f18-b53c-0d00490f2ad3\"  style=\"object-position:0% 0%\" width=\"5696\"\/>Tog har lang bremselengde og kan ikke svinge unna. Det fors\u00f8ker Bane Nor n\u00e5 \u00e5 l\u00e6re skoleelever etter en \u00f8kning i hendelser med barn ved jernbanen. Arkivfoto av VY-tog mellom Sk\u00f8yen og Lysaker.  Foto: Lise \u00c5serud \/ NTB<\/p>\n<ul aria-hidden=\"true\" class=\"_images_1uft6_111\">\n<li><a class=\"_link_1uft6_116\" href=\"https:\/\/www.vg.no\/forfatter\/ntb\" style=\"z-index:1\" title=\"NTB\" rel=\"nofollow noopener\" target=\"_blank\"><img alt=\"Bilde av NTB\" class=\"_image_1uft6_93\" fetchpriority=\"low\" loading=\"lazy\" decoding=\"async\" itemprop=\"image\"  src=\"https:\/\/www.europesays.com\/no\/wp-content\/uploads\/2025\/11\/1764500291_975_c33980b0-5d07-4027-84a1-813f90a7c8d6\"  width=\"480\"\/><\/a><\/li>\n<\/ul>\n<p> Oppdatert s\u00f8ndag 30. november kl. 08:11     <\/p>\n<p class=\"_paragraph_o9xde_4 _paragraph_xtcu6_10 layout-component text-serif-m layout-normal text-serif-m layout-padded\"> Hittil i \u00e5r er det rapportert om 78 u\u00f8nskede hendelser som involverer barn ved jernbanen, skriver <a href=\"https:\/\/www.nrk.no\/sorlandet\/tiktok-trender-og-elsparkesykler_-farlige-situasjoner-ved-jernbanespor-oker-1.17667099\" class=\"_link_o9xde_39\" rel=\"nofollow noopener\" target=\"_blank\">NRK<\/a>. <\/p>\n<p class=\"_paragraph_o9xde_4 _paragraph_xtcu6_10 layout-component text-serif-m layout-normal text-serif-m layout-padded\">Nylig sendte Bane Nor ut brev til rundt 1600 skoler som ligger i n\u00e6rheten av jernbanespor, og de kommer p\u00e5 skolebes\u00f8k. <\/p>\n<p class=\"_paragraph_o9xde_4 _paragraph_xtcu6_10 layout-component text-serif-m layout-normal text-serif-m layout-padded\">Seniorr\u00e5dgiver Camilla Halvorsen forteller til NRK at de gj\u00f8r dette fordi de ser en bekymringsfull \u00f8kning i antall barn og unge i eller tett p\u00e5 jernbanesporene.<\/p>\n<p class=\"_paragraph_o9xde_4 _paragraph_xtcu6_10 layout-component text-serif-m layout-normal text-serif-m layout-padded\">En ting som gjentar seg, er Tiktok-trender, for eksempel barn og ungdom som tar selfier p\u00e5 togsporet.<\/p>\n<p class=\"_paragraph_o9xde_4 _paragraph_xtcu6_10 layout-component text-serif-m layout-normal text-serif-m layout-padded\">\u2013 De skal t\u00f8ffe seg i sporet og vet ikke hvor farlig det er. Et tog kan ikke br\u00e5bremse, selv ikke i lav fart, sier Halvorsen i Bane Nor.<\/p>\n","protected":false},"excerpt":{"rendered":"Barn og unge tar selfies i jernbanespor og r\u00e5kj\u00f8rer med elsparkesykler p\u00e5 perronger. Bane Nor har n\u00e5 sendt&hellip;\n","protected":false},"author":2,"featured_media":100536,"comment_status":"","ping_status":"","sticky":false,"template":"","format":"standard","meta":{"footnotes":""},"categories":[10],"tags":[20,21,24,25,15,22,23,13,30,28,29,14,16,26,27],"class_list":{"0":"post-100535","1":"post","2":"type-post","3":"status-publish","4":"format-standard","5":"has-post-thumbnail","7":"category-norge","8":"tag-breaking-news","9":"tag-breakingnews","10":"tag-featured-news","11":"tag-featurednews","12":"tag-headlines","13":"tag-latest-news","14":"tag-latestnews","15":"tag-news","16":"tag-no","17":"tag-norge","18":"tag-norway","19":"tag-nyheter","20":"tag-overskrifter","21":"tag-top-stories","22":"tag-topstories"},"share_on_mastodon":{"url":"https:\/\/pubeurope.com\/@no\/115638298665447622","error":""},"_links":{"self":[{"href":"https:\/\/www.europesays.com\/no\/wp-json\/wp\/v2\/posts\/100535","targetHints":{"allow":["GET"]}}],"collection":[{"href":"https:\/\/www.europesays.com\/no\/wp-json\/wp\/v2\/posts"}],"about":[{"href":"https:\/\/www.europesays.com\/no\/wp-json\/wp\/v2\/types\/post"}],"author":[{"embeddable":true,"href":"https:\/\/www.europesays.com\/no\/wp-json\/wp\/v2\/users\/2"}],"replies":[{"embeddable":true,"href":"https:\/\/www.europesays.com\/no\/wp-json\/wp\/v2\/comments?post=100535"}],"version-history":[{"count":0,"href":"https:\/\/www.europesays.com\/no\/wp-json\/wp\/v2\/posts\/100535\/revisions"}],"wp:featuredmedia":[{"embeddable":true,"href":"https:\/\/www.europesays.com\/no\/wp-json\/wp\/v2\/media\/100536"}],"wp:attachment":[{"href":"https:\/\/www.europesays.com\/no\/wp-json\/wp\/v2\/media?parent=100535"}],"wp:term":[{"taxonomy":"category","embeddable":true,"href":"https:\/\/www.europesays.com\/no\/wp-json\/wp\/v2\/categories?post=100535"},{"taxonomy":"post_tag","embeddable":true,"href":"https:\/\/www.europesays.com\/no\/wp-json\/wp\/v2\/tags?post=100535"}],"curies":[{"name":"wp","href":"https:\/\/api.w.org\/{rel}","templated":true}]}}