{"id":100539,"date":"2025-11-30T11:01:07","date_gmt":"2025-11-30T11:01:07","guid":{"rendered":"https:\/\/www.europesays.com\/no\/100539\/"},"modified":"2025-11-30T11:01:07","modified_gmt":"2025-11-30T11:01:07","slug":"dette-er-supertrioen-sine-eigne-kalenderfavorittar-nrk-kultur-og-underholdning","status":"publish","type":"post","link":"https:\/\/www.europesays.com\/no\/100539\/","title":{"rendered":"Dette er supertrioen sine eigne kalenderfavorittar \u2013 NRK Kultur og underholdning"},"content":{"rendered":"<p>Nordisk TV-tradisjon<\/p>\n<ul>\n<li>Julekalenderseriar er ein djupt rotfesta og kj\u00e6r skikk i heile Norden, og det er faktisk Sverige som vert rekna som opphavslandet.<\/li>\n<li>Medan Noreg, Sverige og Danmark er dei som kanskje er best kjende for produksjonen av \u00e5rlege kalenderseriar, er tradisjonen \u00f2g til stades i b\u00e5de Finland (Joulukalenteri) og p\u00e5 Island (J\u00f3ladagatal)<\/li>\n<li>\n<p>Den svenske serien \u00abTitteliture\u00bb hadde premiere 27. november 1960. F\u00f8r dette hadde svenskane sendt julekalender p\u00e5 radio sidan 1957.<\/p>\n<\/li>\n<li>\n<p>Noreg (NRK): Den fyrste norske TV-julekalenderen var \u00abJul i Skomakergata\u00bb, som hadde premiere i 1979.<\/p>\n<\/li>\n<li>\n<p>Danmark (DR): Danmark starta sin TV-julekalender-tradisjon tidleg p\u00e5 1960-talet, med \u00abHistorier fra hele verden \u00bbi 1962.<\/p>\n<\/li>\n<\/ul>\n<p>Humortrioen Herman Flesvig, Kevin V\u00e5genes og Mikkel Niva er aktuelle med f\u00f8rste sesong av <a href=\"https:\/\/tv.nrk.no\/serie\/nissene-i-skjul\" ec-id=\"tv:series:nissene-i-skjul\" ec-name=\"\u00abNissene i skjul\u00bb\" rel=\"nofollow noopener\" target=\"_blank\">\u00abNissene i skjul\u00bb<\/a> i NRK TV fr\u00e5 1. desember.<\/p>\n<p>Der spelar dei ei rekkje ulike karakterar i eit ellevilt nisseunivers.<\/p>\n<p>Men n\u00e5r vi sp\u00f8r dei om kva dei sj\u00f8lv s\u00e5g p\u00e5 som barn, kjem nostalgien fram.<\/p>\n<p><strong>\u2013 Eg har sterke minne fr\u00e5 \u00abAmalies jul\u00bb, den var eg veldig glad i, seier Herman Flesvig.<\/strong><\/p>\n<p>Komikaren legg ikkje skjul p\u00e5 at han som barn ogs\u00e5 elska \u00abJul i Bl\u00e5fjell\u00bb, serien som blei sendt p\u00e5 NRK f\u00f8rste gong i 1999.<\/p>\n<p>\u2013 Det var hyggeleg d\u00e5 vi var sm\u00e5, og det som kanskje \u00f2g var hyggeleg med det, var at d\u00e5 var det ikkje s\u00e5 mykje anna \u00e5 sj\u00e5 p\u00e5, seier Flesvig.<\/p>\n<p><img decoding=\"async\"   src=\"data:image\/gif;base64,R0lGODlhAQABAIAAAAAAAP\/\/\/yH5BAEAAAAALAAAAAABAAEAAAIBRAA7\" loading=\"eager\" alt=\"Susanne Palg\u00e5rd som Turte i Bl\u00e5fjell\" title=\"\"\/><\/p>\n<p class=\"no-credit\">Susanne Palg\u00e5rd blei kjend for heile Noreg i rolla som Turte i \u00abJul i Bl\u00e5fjell\u00bb.<\/p>\n<p>Skapte eigen tradisjon<\/p>\n<p>Medan deira nye serie \u00abNissene i skjul\u00bb er ellevill karakterdriven humor, har ofte kalenderseriane vore mest for barn.<\/p>\n<p>Mikkel Niva har gode minner fr\u00e5 den tida.<\/p>\n<p><strong>\u2013 Det er veldig koseleg \u00e5 ha noko du kan sitje og sj\u00e5 p\u00e5, og f\u00f8lgje gjennom s\u00e5nne m\u00f8rke tider.<\/strong><\/p>\n<p>Sj\u00f8lv har han og kona skapt sin eigen julekalendertradisjon.<\/p>\n<p>\u2013 Fram mot julaftan ser vi alle Harry Potter-filmane, det er har blitt ein tradisjon at vi ser dei gjennom desember, fortel Niva.<\/p>\n<p>Julekalendarar p\u00e5 TV i \u00e5r<\/p>\n<p><strong>NRK TV:<\/strong><\/p>\n<p><a href=\"https:\/\/tv.nrk.no\/serie\/nissene-i-skjul\" ec-id=\"tv:series:nissene-i-skjul\" ec-name=\"\u00abNissene i skjul\u00bb\" rel=\"nofollow noopener\" target=\"_blank\">\u00abNissene i skjul\u00bb<\/a>, NRK TV og NRK1<\/p>\n<p><a href=\"https:\/\/tv.nrk.no\/serie\/stjernestoev\" ec-id=\"tv:series:stjernestoev\" ec-name=\"\u00abStjernest\u00f8v\u00bb\" rel=\"nofollow noopener\" target=\"_blank\">\u00abStjernest\u00f8v\u00bb<\/a>, reprise fra 2020<\/p>\n<p><a href=\"https:\/\/tv.nrk.no\/serie\/gjoer-det-sjoel\" ec-id=\"tv:series:gjoer-det-sjoel\" ec-name=\"\u00abGj\u00f8r det sj\u00f8l\u00bb\" rel=\"nofollow noopener\" target=\"_blank\">\u00abGj\u00f8r det sj\u00f8l\u00bb<\/a>, NRK Super<\/p>\n<p><a href=\"https:\/\/tv.nrk.no\/serie\/trolltider\" ec-id=\"tv:series:trolltider\" ec-name=\"\u00abTrolltider\u00bb\" rel=\"nofollow noopener\" target=\"_blank\">\u00abTrolltider\u00bb<\/a>, NRK Super<\/p>\n<p><strong>TV 2 \/ TV 2 Play:<\/strong><\/p>\n<p>\u00abAsbj\u00f8rns Julekalender\u00bb (Sesong 3)<\/p>\n<p>\u00abTinka og sjelens speil\u00bb, dansk fantasyserie<\/p>\n<p>\u00abVazelina Hjulkalender\u00bb (f\u00f8rste gong sendt i 2000)<\/p>\n<p><strong>TVNorge \/ HBO:<\/strong><\/p>\n<p>\u00abNissesvingen\u00bb (reprise fr\u00e5 2024)<\/p>\n<p>\u00abJul i Blodfjell\u00bb (f\u00f8rste gong sendt i 2017)<\/p>\n<p>Skummel type p\u00e5 TV<\/p>\n<p>Dei tre komikarane er samde om at den norske julekalender-tradisjonen er b\u00e5de viktig og bra, uansett om seriane er retta mot barn eller vaksne.<\/p>\n<p><strong>\u2013 Den f\u00f8rste eg hugsar at eg s\u00e5g p\u00e5 var \u00abThe Julekalender\u00bb, seier Kevin V\u00e5genes.<\/strong><\/p>\n<p>For han \u2013 og tusenvis av andre \u2013 var s\u00e6rleg figuren n\u00e5s\u00e5en ein skummel karakter. Denne zombieliknande typen som var p\u00e5 jakt etter nissane.<\/p>\n<p>\u2013 Men eg m\u00e5 jo ha sett barneseriar f\u00f8r det, seier V\u00e5genes og ler.<\/p>\n<p><img decoding=\"async\"   src=\"data:image\/gif;base64,R0lGODlhAQABAIAAAAAAAP\/\/\/yH5BAEAAAAALAAAAAABAAEAAAIBRAA7\" loading=\"eager\" alt=\"Tre personer st\u00e5r rundt et pyntet juletre. De holder hender og ser ut til \u00e5 delta i en tradisjonell julefeiring. Omgivelsene har juletrelys, dekorasjoner og en koselig stueinnredning. Klesstilen varierer fra formelt til uformelt.\" title=\"Foto: TV 2 \/ TV 2 \/ NTB\"\/><\/p>\n<p class=\"\">Erling Mulius (t.v) spelte rolla som n\u00e5s\u00e5en Benny i TV 2 sin legendariske \u00abThe Julekalender\u00bb. Tore Johansen. spelte rolla som Gjertrud, Ivar Gafseth rolla som Olaf.<\/p>\n<p>Foto: TV 2 \/ TV 2 \/ NTB<\/p>\n<p>Ber arven vidare<\/p>\n<p>N\u00e5r dei tre no g\u00e5r p\u00e5 skjermen med \u00abNissene i skjul\u00bb, er det med solid arv fr\u00e5 Espen Eckbo og Kristian \u00d8deg\u00e5rd.<\/p>\n<p><strong>Dei skapte \u00abNissene p\u00e5 l\u00e5ven\u00bb i 2001 og serien har g\u00e5tt sin sigersgang b\u00e5de i originalversjon og med ulike oppf\u00f8lgarar dei siste ti\u00e5ra.<\/strong><\/p>\n<p>D\u00e5 NRK snakka med Eckbo om dette tidlegare i haust, fortalde han at han gler seg til \u00e5 sj\u00e5 den nye serien \u00abNissene i skjul\u00bb.<\/p>\n<p>\u2013 Det er jo ei blanding av stoltheit og skrekk, p\u00e5 ein m\u00e5te. Men eg gler meg til \u00e5 sj\u00e5 serien, sa Eckbo.<\/p>\n<p><img decoding=\"async\"   src=\"data:image\/gif;base64,R0lGODlhAQABAIAAAAAAAP\/\/\/yH5BAEAAAAALAAAAAABAAEAAAIBRAA7\" loading=\"eager\" alt=\"Siw Anita Andersen som Synne i &quot;Nissene p\u00e5 l\u00e5ven&quot;\" title=\"Foto: TV Norge\"\/><\/p>\n<p class=\"\">Siw Anita Andersen i rolla som Synne i \u00abNissene p\u00e5 l\u00e5ven\u00bb er favoritten til Kevin V\u00e5genes.<\/p>\n<p>Foto: TV Norge<\/p>\n<p>Trudde det var ekte<\/p>\n<p>For Herman Flesvig var \u00abNissene p\u00e5 l\u00e5ven\u00bb ei heilt spesiell oppleving d\u00e5 han sj\u00f8lv var barn.<\/p>\n<p>\u2013 Eg forstod ikkje at det var skodespelarar, s\u00e5 eg tykte det var heilt vilt at dei sl\u00e5st p\u00e5 TV, seier Flesvig lattermildt.<\/p>\n<p><strong>No gler han seg til at publikum f\u00e5r sj\u00e5 det han og dei andre komikarane har skapt gjennom \u00abNissene i skjul\u00bb.<\/strong><\/p>\n<p>\u2013 Eg h\u00e5par at folk ler og kosar seg med det. Vi har ikkje halde igjen p\u00e5 noko, vi har berre \u00abg\u00f8nna\u00bb p\u00e5 med vi synest er g\u00f8y.<\/p>\n<p>\u00abNissene p\u00e5 l\u00e5ven\u00bb<\/p>\n<ul>\n<li>\u00abNissene p\u00e5 l\u00e5ven\u00bb blei skapt av Espen Eckbo og Kristian \u00d8deg\u00e5rd.<\/li>\n<li>Serien hadde premiere p\u00e5 TVNorge i 2001 og vart ein stor suksess som parodierte reality-TV i form av ein julekalender.<\/li>\n<li>Eckbo og \u00d8deg\u00e5rd stod b\u00e5de bak og framfor kamera, og serien vart produsert av produksjonsselskapet Seefood TV som dei sj\u00f8lve var med p\u00e5 \u00e5 starte.<\/li>\n<\/ul>\n<p>Publisert<\/p>\n<p>30.11.2025, kl. 11.23<\/p>\n","protected":false},"excerpt":{"rendered":"Nordisk TV-tradisjon Julekalenderseriar er ein djupt rotfesta og kj\u00e6r skikk i heile Norden, og det er faktisk Sverige&hellip;\n","protected":false},"author":2,"featured_media":100540,"comment_status":"","ping_status":"","sticky":false,"template":"","format":"standard","meta":{"footnotes":""},"categories":[58],"tags":[71,30,28,29,72],"class_list":{"0":"post-100539","1":"post","2":"type-post","3":"status-publish","4":"format-standard","5":"has-post-thumbnail","7":"category-underholdning","8":"tag-entertainment","9":"tag-no","10":"tag-norge","11":"tag-norway","12":"tag-underholdning"},"share_on_mastodon":{"url":"https:\/\/pubeurope.com\/@no\/115638310267758868","error":""},"_links":{"self":[{"href":"https:\/\/www.europesays.com\/no\/wp-json\/wp\/v2\/posts\/100539","targetHints":{"allow":["GET"]}}],"collection":[{"href":"https:\/\/www.europesays.com\/no\/wp-json\/wp\/v2\/posts"}],"about":[{"href":"https:\/\/www.europesays.com\/no\/wp-json\/wp\/v2\/types\/post"}],"author":[{"embeddable":true,"href":"https:\/\/www.europesays.com\/no\/wp-json\/wp\/v2\/users\/2"}],"replies":[{"embeddable":true,"href":"https:\/\/www.europesays.com\/no\/wp-json\/wp\/v2\/comments?post=100539"}],"version-history":[{"count":0,"href":"https:\/\/www.europesays.com\/no\/wp-json\/wp\/v2\/posts\/100539\/revisions"}],"wp:featuredmedia":[{"embeddable":true,"href":"https:\/\/www.europesays.com\/no\/wp-json\/wp\/v2\/media\/100540"}],"wp:attachment":[{"href":"https:\/\/www.europesays.com\/no\/wp-json\/wp\/v2\/media?parent=100539"}],"wp:term":[{"taxonomy":"category","embeddable":true,"href":"https:\/\/www.europesays.com\/no\/wp-json\/wp\/v2\/categories?post=100539"},{"taxonomy":"post_tag","embeddable":true,"href":"https:\/\/www.europesays.com\/no\/wp-json\/wp\/v2\/tags?post=100539"}],"curies":[{"name":"wp","href":"https:\/\/api.w.org\/{rel}","templated":true}]}}