{"id":100543,"date":"2025-11-30T11:05:13","date_gmt":"2025-11-30T11:05:13","guid":{"rendered":"https:\/\/www.europesays.com\/no\/100543\/"},"modified":"2025-11-30T11:05:13","modified_gmt":"2025-11-30T11:05:13","slug":"slar-alarm-om-eus-ai-regler-e24","status":"publish","type":"post","link":"https:\/\/www.europesays.com\/no\/100543\/","title":{"rendered":"Sl\u00e5r alarm om EUs AI-regler \u2013 E24"},"content":{"rendered":"<p class=\"fullWidthDesktop hyperion-css-71ztg2\" data-test-tag=\"lead-text\">Europeiske teknologiselskaper presser for et \u00abdrastisk forenklet\u00bb AI-regelverk. Eksperter advarer om at forbrukerne kan sitte igjen med regningen.<\/p>\n<p><img decoding=\"async\" class=\"image-asset hyperion-css-f8ks0f\" data-test-tag=\"image-asset\" src=\"https:\/\/www.europesays.com\/no\/wp-content\/uploads\/2025\/11\/0f4fd1f3-a2ff-403c-81e8-91f8c4670764\"  alt=\"Flere europeiske ledere m\u00f8tte \u00abEU AI Champions Initiative\u00bb 18. november. Dette initiativet, best\u00e5ende av mange av de st\u00f8rste europeiske selskapene, har pushet for forenklinger i regelverket.\"  loading=\"eager\" fetchpriority=\"high\" style=\"aspect-ratio:1900 \/ 1275\"\/>Flere europeiske ledere m\u00f8tte \u00abEU AI Champions Initiative\u00bb 18. november. Dette initiativet, best\u00e5ende av mange av de st\u00f8rste europeiske selskapene, har pushet for forenklinger i regelverket. Foto: JOHN MACDOUGALL \/ Reuters \/ NTBPublisert: <\/p>\n<p>For mindre enn 50 minutter siden<\/p>\n<p>Oppdatert for mindre enn 30 minutter siden<\/p>\n<p>Kortversjonen<\/p>\n<ul class=\"hyperion-css-pkq1ci\" data-test-tag=\"list\">\n<li class=\"hyperion-css-12h2ush\">Europeiske teknologiselskaper presser p\u00e5 for enklere AI-regler. <\/li>\n<li class=\"hyperion-css-12h2ush\">Karianne Tung mener forenkling ikke skal bety svekkede rettigheter eller d\u00e5rligere personvern. <\/li>\n<li class=\"hyperion-css-12h2ush\">Eksperter advarer mot at forbrukerne kan miste rettigheter.<\/li>\n<li class=\"hyperion-css-12h2ush\">Amerikanske selskaper og den amerikanske regjeringen har ogs\u00e5 pushet for endringer i EUs regelverket rundt teknologiselskaper.<\/li>\n<\/ul>\n<p class=\"hyperion-css-10lbhat\">Oppsummeringen er laget av AI-verkt\u00f8yet ChatGPT og kvalitetssikret av E24s journalister<\/p>\n<p>Vis mer <\/p>\n<ul class=\"hyperion-css-pte5x0\">\n<li aria-label=\"link\" class=\"narrow-button hyperion-css-1sz7d3n\">Kopier lenke<\/li>\n<li aria-label=\"link\" class=\"wide-button hyperion-css-1sz7d3n\">Kopier lenke<\/li>\n<li aria-label=\"facebook\" class=\"narrow-button hyperion-css-1sz7d3n\">Del p\u00e5 Facebook<\/li>\n<li aria-label=\"facebook\" class=\"wide-button hyperion-css-1sz7d3n\">Del p\u00e5 Facebook<\/li>\n<li aria-label=\"email\" class=\"narrow-button hyperion-css-1sz7d3n\">Del med e-post<\/li>\n<li aria-label=\"email\" class=\"wide-button hyperion-css-1sz7d3n\">Del med e-post<\/li>\n<\/ul>\n<p class=\"hyperion-css-1lemvax\">\u2013 Det er mange deler av forslaget som er sv\u00e6rt alvorlig, skriver fagdirekt\u00f8r i Forbrukerr\u00e5det Finn Myrstad til E24.<\/p>\n<p class=\"hyperion-css-1lemvax\">EUs \u00abDigital Omnibus Package\u00bb har som m\u00e5l \u00e5 forenkle AI-regelverket og andre digitale lovverk innenfor EU.<\/p>\n<p class=\"hyperion-css-1lemvax\">Dette inkluderer \u00e5 utsette regler for h\u00f8yrisiko-AI-systemerh\u00f8yrisiko-AI-systemerEU-lovgivningen opererer med en risikobasert klassifisering av AI-systemer, fra minimal til uakseptabel risiko. H\u00f8yrisiko gjelder blant annet systemer som er brukt i kritiske sektorer som utdanning og helse, og skal v\u00e6re underlagt visse krav. i opptil 16 m\u00e5neder, samt lettelser i personvernforskriften, noe som kan gj\u00f8re det lettere \u00e5 oppl\u00e6re AI-modeller. <\/p>\n<p class=\"hyperion-css-1lemvax\">Forbrukerr\u00e5det, sammen med en rekke andre organisasjoner, har sendt et \u00e5pent brev til regjeringen vedr\u00f8rende forslaget.<\/p>\n<p class=\"hyperion-css-1lemvax\">\u2013 Vi er bekymret for at dette lovtillegget kan uthule grunnleggende forbruker- og menneskerettigheter, skriver Myrstad.<\/p>\n<p><img decoding=\"async\" class=\"image-asset hyperion-css-n6kkq1\" data-test-tag=\"image-asset\" src=\"https:\/\/www.europesays.com\/no\/wp-content\/uploads\/2025\/11\/fe92e4b4-7b40-4fcf-8a4d-173582eaf86f\"  alt=\"\"  fetchpriority=\"auto\" style=\"aspect-ratio:1900 \/ 1267\"\/>Finn Myrstad<\/p>\n<p class=\"hyperion-css-1lemvax\">Fagdirekt\u00f8r i Forbrukerr\u00e5det<\/p>\n<p class=\"hyperion-css-1lemvax\">Han peker p\u00e5 at det er vanskelig \u00e5 se for seg egne norske regler, ettersom forslaget gjelder et fullharmonisert regelverk.<\/p>\n<p class=\"hyperion-css-1lemvax\">\u2013 Derfor er det ogs\u00e5 veldig viktig at regjeringen jobber for sterkest mulig regler p\u00e5 EU-niv\u00e5.<\/p>\n<p class=\"hyperion-css-1lemvax\">EU-kommisjonen sender n\u00e5 forslaget til Europarlamentet og R\u00e5detEuroparlamentet og R\u00e5detEuropaparlamentet og R\u00e5det er EUs to lovgivende organer som behandler og vedtar lover sammen til gjennomgang, endring og vedtagelse.<\/p>\n<p>\u2013 Vil ikke m\u00e5tte be om samtykke<\/p>\n<p class=\"hyperion-css-1lemvax\">Ettersom mye av regelverket tidligere utformet av EU, inkludert regler for h\u00f8yrisiko-AI-systemer, fortsatt ikke er gjeldende, mener Myrstad at det er for tidlig \u00e5 foresl\u00e5 tilbaketrekking av \u00abhelt grunnleggende krav\u00bb.<\/p>\n<p class=\"hyperion-css-1lemvax\">\u2013 Vi er bekymret for endringene i ekom-direktivet, og en bred adgang til \u00e5 bruke all slags personopplysninger, som helse, seksuell orientering og religi\u00f8s tilknytning til \u00e5 trene og drifte AI-systemer.<\/p>\n<p class=\"hyperion-css-1lemvax\">\u2013 Meta vil ikke lenger m\u00e5tte be om samtykke f\u00f8r de bruker alt vi noensinne har lagt ut p\u00e5 Facebook og Instagram til \u00e5 trene opp kunstig intelligens, p\u00e5 tross av at norske forbrukere i flere runder har gitt tydelig beskjed om at de ikke \u00f8nsker dette.<\/p>\n<p class=\"hyperion-css-1lemvax\">\u2013 Det vil legitimere at selskaper driver med inngripende overv\u00e5kning av norske forbrukere, mener han.<\/p>\n<p><img decoding=\"async\" class=\"image-asset hyperion-css-18t7m0z\" data-test-tag=\"image-asset\" src=\"https:\/\/www.europesays.com\/no\/wp-content\/uploads\/2025\/11\/0fb729c7-b38b-4129-9b8d-0fc47f2c4ffc\"  alt=\"Meta Platforms nektet i juli \u00e5 signere EUs retningslinjer for kunstig intelligens, da de mente det er en overskridelse som kan strupe utviklingen, if\u00f8lge CNBC.\"  loading=\"eager\" fetchpriority=\"high\" style=\"aspect-ratio:1900 \/ 1267\"\/>Meta Platforms nektet i juli \u00e5 signere EUs retningslinjer for kunstig intelligens, da de mente det er en overskridelse som kan strupe utviklingen, if\u00f8lge CNBC. Foto: Nic Coury \/ AP \/ NTB<\/p>\n<p class=\"hyperion-css-1lemvax\">Peter Norwood, seniorforsker og p\u00e5virkningsmedarbeider i Finance WatchFinance WatchFinance Watch er en uavhengig europeisk ideell organisasjon som driver forskning og p\u00e5virkningsarbeid innen finansiell regulering.<br \/>\n, peker p\u00e5 hvordan forbrukerne til slutt kan ende opp med \u00e5 betale prisen for dereguleringen.<\/p>\n<p class=\"hyperion-css-1lemvax\">\u2013 I henhold til disse forslagene kan en person bli nektet l\u00e5n p\u00e5 grunn av en partisk AI-modell, eller bli belastet h\u00f8yere forsikringspremier basert p\u00e5 forventet helsetilstand, alt uten sin viten eller samtykke, sier Norwood, til <a aria-label=\"EuroNews.\" class=\"default hyperion-css-1rezu2g\" href=\"https:\/\/www.euronews.com\/my-europe\/2025\/11\/19\/european-commission-delays-full-implementation-of-ai-act-to-2027\" rel=\"noopener nofollow noreferrer\" data-test-tag=\"external-link\" target=\"_blank\">EuroNews.<\/a><\/p>\n<p>\u2013 Forenkling skal ikke bety svekkede rettigheter<\/p>\n<p class=\"hyperion-css-1lemvax\">Digitaliserings- og forvaltningsministeren Karianne Tung sier at regjeringen er opptatt av at norske bedrifter ikke skal havne bakp\u00e5 sammenlignet med europeiske konkurrenter. <\/p>\n<p><img decoding=\"async\" class=\"image-asset hyperion-css-n6kkq1\" data-test-tag=\"image-asset\" src=\"https:\/\/www.europesays.com\/no\/wp-content\/uploads\/2025\/11\/61d8bb34-a568-4469-8089-848b7d86d1af\"  alt=\"\"  fetchpriority=\"auto\" style=\"aspect-ratio:1900 \/ 1267\"\/>Karianne Tung<\/p>\n<p class=\"hyperion-css-1lemvax\">Digitaliserings- og forvaltningsminister<\/p>\n<p class=\"hyperion-css-1lemvax\">Tung mener at det er mange bedrifter, s\u00e6rlig sm\u00e5 og mellomstore, som opplever at det er krevende \u00e5 forholde seg til flere digitale regelverk.<\/p>\n<p class=\"hyperion-css-1lemvax\">\u2013 Det er positivt at EU vil gj\u00f8re det enklere \u00e5 drive virksomhet i det indre markedet, men mitt klare utgangspunkt er at forenkling ikke skal bety svekkede rettigheter for folk flest eller d\u00e5rligere personvern.<\/p>\n<p class=\"hyperion-css-1lemvax\">\u2013 Jeg har merket meg reaksjonene p\u00e5 flere av forslagene knyttet til revidering av personvernforordningen her hjemme, og merker meg at lignende synspunkter kommer fra Europaparlamentet, skriver hun til E24. <\/p>\n<p class=\"hyperion-css-1q1vls4\">Er det viktig at EU fokuserer p\u00e5 \u00e5 gj\u00f8re AI-regelverk enklere?<\/p>\n<p>Bedrifter jobber for et \u00abdrastisk forenklet regelverk\u00bb<\/p>\n<p class=\"hyperion-css-1lemvax\">Forenklingsforslaget kommer etter kritikk om at EUs AI-regler er for kompliserte og motstridende, og at EU dermed kan falle lenger bak USA og Kina innenfor AI, if\u00f8lge <a aria-label=\"Bloomberg\" class=\"default hyperion-css-1rezu2g\" href=\"https:\/\/www.bloomberg.com\/news\/articles\/2025-11-19\/eu-proposes-streamlined-digital-rules-to-boost-competitiveness\" rel=\"noopener nofollow noreferrer\" data-test-tag=\"external-link\" target=\"_blank\">Bloomberg<\/a>.<\/p>\n<p class=\"hyperion-css-1lemvax\">Det virker som om Europa n\u00e5 beveger seg med hast. Europas f\u00e5 teknologigiganter har forpliktet milliarder av euro til europeiske AI-oppstartsbedrifter og -tjenester. Samtidig har statsledere gitt store l\u00f8fter om \u00e5 investere i massive datasentre som de fremstiller som kritiske for nasjonal sikkerhet og vekst, if\u00f8lge <a aria-label=\"Bloomberg.\" class=\"default hyperion-css-1rezu2g\" href=\"https:\/\/www.bloomberg.com\/news\/articles\/2025-10-14\/europe-aims-for-ai-independence-to-avoid-reliance-on-us-and-china\" rel=\"noopener nofollow noreferrer\" data-test-tag=\"external-link\" target=\"_blank\">Bloomberg.<\/a><\/p>\n<p class=\"hyperion-css-1lemvax\">Flere europeiske AI-bedrifter har ogs\u00e5 pushet for en forenkling av EUs regelverk rundt AI.<\/p>\n<p class=\"hyperion-css-1lemvax\">Dette inkluderer 110 organisasjoner, best\u00e5ende av ledende europeiske AI-selskaper som Mistral AI og ElevenLabs, men ogs\u00e5 selskaper som Novo Nordisk og Spotify, som st\u00f8tter et initiativ som kaller seg selv for \u00abEU Champions AI Initiative\u00bb, f\u00f8rst lansert i <a aria-label=\"februar\" class=\"default hyperion-css-1rezu2g\" href=\"https:\/\/www.techmonitor.ai\/digital-economy\/ai-and-automation\/european-companies-ai-initiative-e150bn-investor-commitments?utm_source=chatgpt.com&amp;cf-view\" rel=\"noopener nofollow noreferrer\" data-test-tag=\"external-link\" target=\"_blank\">februar<\/a>.<\/p>\n<p class=\"hyperion-css-1lemvax\">I et offentlig <a aria-label=\"brev\" class=\"default hyperion-css-1rezu2g\" href=\"https:\/\/files.elfsightcdn.com\/eafe4a4d-3436-495d-b748-5bdce62d911d\/9dc25764-5c0a-4c04-b55e-6be1d26f625f\/EU-AI-Champions-Initiative-Media-Release.pdf\" rel=\"noopener nofollow noreferrer\" data-test-tag=\"external-link\" target=\"_blank\">brev<\/a> skrev initiativet at de s\u00f8ker \u00e5 samarbeide med EU-kommisjonen og medlemslandenes regjeringer for \u00e5 lage et \u00abdrastisk forenklet regelverk for kunstig intelligens\u00bb <\/p>\n<p class=\"hyperion-css-1lemvax\">Samtidig som de st\u00f8tter \u00abeksisterende tiltak for \u00e5 lansere en omfattende kunstig intelligens-strategi for Europa\u00bb.<\/p>\n<p class=\"hyperion-css-1lemvax\">EU AICIEU AICIEU Champions AI Initiative vil forel\u00f8pig ikke kommentere det nye EU-forslaget, ettersom det ikke er utviklet en offisiell posisjon sammen med medlemsbedriftene, forteller kontaktperson Christa Pfeffer til E24.<\/p>\n<p><a data-test-tag=\"teaser-small:link-internal\" href=\"https:\/\/e24.no\/teknologi\/i\/QMpBw4\/ai-haap-for-europa\" class=\"imagePosition-top inline hyperion-css-6238vu\" rel=\"nofollow noopener\" target=\"\" aria-label=\"AI-h\u00e5p for Europa\"><\/p>\n<p>Les ogs\u00e5<\/p>\n<p>AI-h\u00e5p for Europa<\/p>\n<p><\/a>Legger tollgrep p\u00e5 bordet<\/p>\n<p class=\"hyperion-css-1lemvax\">Amerikanske selskaper og den amerikanske regjeringen har ogs\u00e5 presset p\u00e5 for endringer i regelverket rundt teknologiselskaper.<\/p>\n<p class=\"hyperion-css-1lemvax\">USAs handelsrepresentant Jamieson Greer og USAs handelsminister Howard Lutnick sier USA vil ha endringer i europeiske regelverk for teknologiselskaper i bytte mot endringer i de amerikanske metalltollene, if\u00f8lge <a aria-label=\"BBC\" class=\"default hyperion-css-1rezu2g\" href=\"https:\/\/www.bbc.com\/news\/articles\/clydjnlm54po\" rel=\"noopener nofollow noreferrer\" data-test-tag=\"external-link\" target=\"_blank\">BBC<\/a>.<\/p>\n<p class=\"hyperion-css-1lemvax\">I august ble over <a aria-label=\"400 produkter\" class=\"default hyperion-css-1rezu2g\" href=\"https:\/\/www.politico.eu\/article\/us-steel-tariff-relief-eu-digital-concessions\/\" rel=\"noopener nofollow noreferrer\" data-test-tag=\"external-link\" target=\"_blank\">400 produkter<\/a> som inneholdt st\u00e5l og aluminium belagt med 50 prosent toll.<\/p>\n<p class=\"hyperion-css-1lemvax\">Lutnick beskrev oppmykning av regler som en mulighet for EU, og tilb\u00f8d amerikanske investeringer i retur, hovedsakelig gjennom datasentre som kan drive kunstig intelligens. Europeiske lovgivere og sivilsamfunnsgrupper har de siste ukene uttrykt bekymring for at EUs digitale forenklingsinitiativ er ment \u00e5 blidgj\u00f8re USA, noe EU har avvist, if\u00f8lge <a aria-label=\"Politico\" class=\"default hyperion-css-1rezu2g\" href=\"https:\/\/www.politico.eu\/article\/us-steel-tariff-relief-eu-digital-concessions\/\" rel=\"noopener nofollow noreferrer\" data-test-tag=\"external-link\" target=\"_blank\">Politico<\/a>.<\/p>\n","protected":false},"excerpt":{"rendered":"Europeiske teknologiselskaper presser for et \u00abdrastisk forenklet\u00bb AI-regelverk. Eksperter advarer om at forbrukerne kan sitte igjen med regningen.&hellip;\n","protected":false},"author":2,"featured_media":100544,"comment_status":"","ping_status":"","sticky":false,"template":"","format":"standard","meta":{"footnotes":""},"categories":[12],"tags":[20,21,24,25,15,22,23,13,30,28,29,14,16,26,27,42,43,44,45],"class_list":{"0":"post-100543","1":"post","2":"type-post","3":"status-publish","4":"format-standard","5":"has-post-thumbnail","7":"category-verden","8":"tag-breaking-news","9":"tag-breakingnews","10":"tag-featured-news","11":"tag-featurednews","12":"tag-headlines","13":"tag-latest-news","14":"tag-latestnews","15":"tag-news","16":"tag-no","17":"tag-norge","18":"tag-norway","19":"tag-nyheter","20":"tag-overskrifter","21":"tag-top-stories","22":"tag-topstories","23":"tag-verden","24":"tag-world","25":"tag-world-news","26":"tag-worldnews"},"share_on_mastodon":{"url":"https:\/\/pubeurope.com\/@no\/115638326246890406","error":""},"_links":{"self":[{"href":"https:\/\/www.europesays.com\/no\/wp-json\/wp\/v2\/posts\/100543","targetHints":{"allow":["GET"]}}],"collection":[{"href":"https:\/\/www.europesays.com\/no\/wp-json\/wp\/v2\/posts"}],"about":[{"href":"https:\/\/www.europesays.com\/no\/wp-json\/wp\/v2\/types\/post"}],"author":[{"embeddable":true,"href":"https:\/\/www.europesays.com\/no\/wp-json\/wp\/v2\/users\/2"}],"replies":[{"embeddable":true,"href":"https:\/\/www.europesays.com\/no\/wp-json\/wp\/v2\/comments?post=100543"}],"version-history":[{"count":0,"href":"https:\/\/www.europesays.com\/no\/wp-json\/wp\/v2\/posts\/100543\/revisions"}],"wp:featuredmedia":[{"embeddable":true,"href":"https:\/\/www.europesays.com\/no\/wp-json\/wp\/v2\/media\/100544"}],"wp:attachment":[{"href":"https:\/\/www.europesays.com\/no\/wp-json\/wp\/v2\/media?parent=100543"}],"wp:term":[{"taxonomy":"category","embeddable":true,"href":"https:\/\/www.europesays.com\/no\/wp-json\/wp\/v2\/categories?post=100543"},{"taxonomy":"post_tag","embeddable":true,"href":"https:\/\/www.europesays.com\/no\/wp-json\/wp\/v2\/tags?post=100543"}],"curies":[{"name":"wp","href":"https:\/\/api.w.org\/{rel}","templated":true}]}}