{"id":100553,"date":"2025-11-30T11:17:16","date_gmt":"2025-11-30T11:17:16","guid":{"rendered":"https:\/\/www.europesays.com\/no\/100553\/"},"modified":"2025-11-30T11:17:16","modified_gmt":"2025-11-30T11:17:16","slug":"dua-lipa-valgte-ut-ingvild-rishoi-til-bokklubben-sin","status":"publish","type":"post","link":"https:\/\/www.europesays.com\/no\/100553\/","title":{"rendered":"Dua Lipa valgte ut Ingvild Rish\u00f8i til bokklubben sin"},"content":{"rendered":"\n<ul class=\"_list_o9xde_3 _list_64s2r_85 _unordered_o9xde_106 text-sans-m\">\n<li class=\"_item_o9xde_30\">Superstjernen Dua Lipa har valgt Ingvild Rish\u00f8is roman \u00abStargate\u00bb som hovedbok i sin bokklubb Service95 i desember.<\/li>\n<li class=\"_item_o9xde_30\">Rish\u00f8i n\u00e5r dermed ut til Dua Lipas 88,8 millioner f\u00f8lgere.<\/li>\n<li class=\"_item_o9xde_30\">Boken har ogs\u00e5 tidligere f\u00e5tt ros fra superstjernen, samt Oprah Winfrey, og har blitt b\u00e5de teater og film.<\/li>\n<li class=\"_item_o9xde_30\">Filmen g\u00e5r p\u00e5 kino n\u00e5 og er sett av over 71.000.<\/li>\n<\/ul>\n<p>Vis mer <\/p>\n<p class=\"_paragraph_o9xde_4 _paragraph_xtcu6_10 layout-component text-serif-m layout-normal text-serif-m layout-padded\">Dermed n\u00e5r Ingvild Rish\u00f8i (47) ut til de 88,8 millioner f\u00f8lgerne Dua Lipa har p\u00e5 Instagram.<\/p>\n<p class=\"_paragraph_o9xde_4 _paragraph_xtcu6_10 layout-component text-serif-m layout-normal text-serif-m layout-padded\">For Dua Lipa er ikke bare en av verdens st\u00f8rste popstjerner, hun driver ogs\u00e5 bokklubben Service95 der hun hver m\u00e5ned velger ut en bok og m\u00f8ter forfatteren i en lengre podkast, som ogs\u00e5 filmes.<\/p>\n<p class=\"_paragraph_o9xde_4 _paragraph_xtcu6_10 layout-component text-serif-m layout-normal text-serif-m layout-padded\">I november var det Margaret Atwood. I desember er det Ingvild Rish\u00f8i \u2013 som visstnok er f\u00f8rste skandinaviske forfatter som er valgt til bokklubben. <\/p>\n<p class=\"_paragraph_o9xde_4 _paragraph_xtcu6_10 layout-component text-serif-m layout-normal text-serif-m layout-padded\"><strong class=\"_strong_o9xde_25\">\u2013 I desember har jeg noe helt spesielt til dere, skriver Dua Lipa p\u00e5 bokklubben <a href=\"https:\/\/www.service95.com\/book-club\" class=\"_link_o9xde_39\" rel=\"nofollow noopener\" target=\"_blank\">Service95<\/a>.<\/strong><\/p>\n<p><img alt=\"Foto:  Drew Gurian \/ AP \/ NTBText\" class=\"_image_qp4xg_65 layout-component layout-normal\" data-fullscreen- data-track-element-type=\"Article image fullscreen\" data-track-name=\"ImageFullscreen\" decoding=\"async\" loading=\"lazy\" height=\"1668\" itemprop=\"image\"  src=\"https:\/\/www.europesays.com\/no\/wp-content\/uploads\/2025\/11\/0d93c720-05e5-4928-aaab-d2da9fa55274\"  style=\"object-position:0% 0%\" width=\"2500\"\/>Foto:  Drew Gurian \/ AP \/ NTBText<\/p>\n<p class=\"_paragraph_o9xde_4 _paragraph_xtcu6_10 layout-component text-serif-m layout-normal text-serif-m layout-padded\"><strong class=\"_strong_o9xde_25\"> <\/strong>Lipa beskriver \u00abBrightly Shining\u00bb, som boken heter p\u00e5 engelsk, som \u00abstille forbl\u00f8ffende\u00bb og kaller den en moderne vinterhistorie med f\u00f8lelsesmessig kraft som en klassiker.<\/p>\n<p class=\"_paragraph_o9xde_4 _paragraph_xtcu6_10 layout-component text-serif-m layout-normal text-serif-m layout-padded\">\u2013 Den er \u00f8m og \u00f8deleggende p\u00e5 samme tid, skriver Lipa om boken.<\/p>\n<p class=\"_paragraph_o9xde_4 _paragraph_xtcu6_10 layout-component text-serif-m layout-normal text-serif-m layout-padded\">Hun har allerede spilt inn podcasten med Ingvild Rish\u00f8i &#8211; som sier til VG:<\/p>\n<p class=\"_paragraph_o9xde_4 _paragraph_xtcu6_10 layout-component text-serif-m layout-normal text-serif-m layout-padded\"><strong class=\"_strong_o9xde_25\">\u2013 Merkelig nok blir jeg alts\u00e5 intervjuet av Dua Lipa. P\u00e5 link, da, men et langt intervju, sier Rish\u00f8i til VG.<\/strong><\/p>\n<p class=\"_paragraph_o9xde_4 _paragraph_xtcu6_10 layout-component text-serif-m layout-normal text-serif-m layout-padded\">\u2013 Hvordan er det \u00e5 bli utvalgt av Dua Lipa? <\/p>\n<p><img alt=\"Ingvild Rish\u00f8is roman om de to s\u00f8strene Ronja og Melissa \u2013 som lever med en far med rusproblemer \u2013 kom ut i 2021, men fortsetter sin seiersgang rundt i verden.   Foto: Hallgeir V\u00e5genes \/ VG\" class=\"_image_qp4xg_65 layout-component layout-normal\" data-fullscreen- data-track-element-type=\"Article image fullscreen\" data-track-name=\"ImageFullscreen\" decoding=\"async\" loading=\"lazy\" height=\"4000\" itemprop=\"image\"  src=\"https:\/\/www.europesays.com\/no\/wp-content\/uploads\/2025\/11\/892a6902-2505-49e2-a317-1afa87366bad\"  style=\"object-position:0% 0%\" width=\"6000\"\/>Ingvild Rish\u00f8is roman om de to s\u00f8strene Ronja og Melissa \u2013 som lever med en far med rusproblemer \u2013 kom ut i 2021, men fortsetter sin seiersgang rundt i verden.   Foto: Hallgeir V\u00e5genes \/ VG<\/p>\n<p class=\"_paragraph_o9xde_4 _paragraph_xtcu6_10 layout-component text-serif-m layout-normal text-serif-m layout-padded\">\u2013 Jeg har tenkt mye p\u00e5 det siden jeg fikk vite det i sommer. Det tar opp mye plass i hodet. Det er skikkelig stas, samtidig er det umulig \u00e5 se det for seg. <\/p>\n<p class=\"_paragraph_o9xde_4 _paragraph_xtcu6_10 layout-component text-serif-m layout-normal text-serif-m layout-padded\">Hennes svenske agent, Karin Ekblom i Paloma agency, bruker litt st\u00f8rre ord: <\/p>\n<p class=\"_paragraph_o9xde_4 _paragraph_xtcu6_10 layout-component text-serif-m layout-normal text-serif-m layout-padded\"><strong class=\"_strong_o9xde_25\">\u2013 Dette er gigantisk! <\/strong><\/p>\n<p class=\"_paragraph_o9xde_4 _paragraph_xtcu6_10 layout-component text-serif-m layout-normal text-serif-m layout-padded\">Hun trekker frem at boken gjennom bokklubben og Dua Lipas egen Instagram-konto vil n\u00e5 ut til ekstremt mange:<\/p>\n<p><img alt=\"Like f\u00f8r opptak! Ingvild satt p\u00e5 Gyldendal i Oslo, mens Dua Lipa satt p\u00e5 et hotell i Buenos Aires - der hun hadde konsert tidligere i h\u00f8st.   Foto: Gyldendal\" class=\"_image_qp4xg_65 layout-component layout-normal\" data-fullscreen- data-track-element-type=\"Article image fullscreen\" data-track-name=\"ImageFullscreen\" decoding=\"async\" loading=\"lazy\" height=\"2063\" itemprop=\"image\"  src=\"https:\/\/www.europesays.com\/no\/wp-content\/uploads\/2025\/11\/d1068ca5-935f-4257-aac6-494ba4529d93\"  style=\"object-position:0% 0%\" width=\"2952\"\/>Like f\u00f8r opptak! Ingvild satt p\u00e5 Gyldendal i Oslo, mens Dua Lipa satt p\u00e5 et hotell i Buenos Aires &#8211; der hun hadde konsert tidligere i h\u00f8st.   Foto: Gyldendal<\/p>\n<p class=\"_paragraph_o9xde_4 _paragraph_xtcu6_10 layout-component text-serif-m layout-normal text-serif-m layout-padded\">\u2013 Det inneb\u00e6rer en global eksponering som man nesten aldri ser, der boken n\u00e5r potensielle lesere verden over &#8211; noe som selvsagt kommer til \u00e5 avspeile seg i salget, sier Ekblom og fortsetter: <\/p>\n<p class=\"_paragraph_o9xde_4 _paragraph_xtcu6_10 layout-component text-serif-m layout-normal text-serif-m layout-padded\">\u2013  Det er ogs\u00e5 et kvalitetsstempel uten like for Ingvilds forfatterskap og for boken som jo n\u00e5 havner i selskap med navn som Margaret Atwood, Patti Smith og Douglas Stuart. Ja, det er rett og slett ekstraordin\u00e6rt, sier Ekblom.<\/p>\n<p class=\"_paragraph_o9xde_4 _paragraph_xtcu6_10 layout-component text-serif-m layout-normal text-serif-m layout-padded\"><strong class=\"_strong_o9xde_25\"> Ingvild Rish\u00f8i selv understreker: <\/strong><\/p>\n<p class=\"_paragraph_o9xde_4 _paragraph_xtcu6_10 layout-component text-serif-m layout-normal text-serif-m layout-padded\">\u2013 Jeg f\u00f8ler meg kjempeheldig, men det viktigste for meg er at selve skrivejobben, den forandrer seg overhodet ikke. <\/p>\n<p class=\"_paragraph_o9xde_4 _paragraph_xtcu6_10 layout-component text-serif-m layout-normal text-serif-m layout-padded\">Det vil si, litt har den forandret seg. For i motsetning til da hun skrev \u00abStargate\u00bb, og blant annet <a href=\"https:\/\/www.vg.no\/rampelys\/i\/8QymLE\/fra-juletreselger-i-2020-til-stor-kamp-om-filmrettigheter\" data-track-element-type=\"Link\" data-track-id=\"link:8QymLE\" class=\"_link_o9xde_39\" rel=\"nofollow noopener\" target=\"_blank\">solgte juletr\u00e6r for \u00e5 spe p\u00e5 forfatterl\u00f8nnen<\/a>, kan hun n\u00e5 leve av \u00e5 skrive. <\/p>\n<p><img alt=\"Foto: Hallgeir V\u00e5genes \/ VG\" class=\"_image_qp4xg_65 layout-component layout-normal\" data-fullscreen- data-track-element-type=\"Article image fullscreen\" data-track-name=\"ImageFullscreen\" decoding=\"async\" loading=\"lazy\" height=\"4000\" itemprop=\"image\"  src=\"https:\/\/www.europesays.com\/no\/wp-content\/uploads\/2025\/11\/ddcfcc4c-06c9-48f6-b1e6-d1d0651bcf7b\"  style=\"object-position:0% 0%\" width=\"5628\"\/>Foto: Hallgeir V\u00e5genes \/ VG<\/p>\n<p class=\"_paragraph_o9xde_4 _paragraph_xtcu6_10 layout-component text-serif-m layout-normal text-serif-m layout-padded\">For siden boken \u00abStargate. En julefortelling\u00bb kom ut p\u00e5 norsk i 2021, har det skjedd mye: <\/p>\n<p class=\"_paragraph_o9xde_4 _paragraph_xtcu6_10 layout-component text-serif-m layout-normal text-serif-m layout-padded\">Boken er blitt film, den g\u00e5r i skrivende stund sin seiersgangseiersgangPer n\u00e5 sett av over 71.000 p\u00e5 kino. p\u00e5 norske kinoer, det er blitt teater, boken er solgt til 30 land, og talkshowdronningen Oprah Winfrey hadde med boken p\u00e5 sin liste over <a href=\"https:\/\/www.vg.no\/rampelys\/i\/4BxzB9\/ingvild-rishoei-er-oprah-winfreys-favoritt-helt-absurd\" data-track-element-type=\"Link\" data-track-id=\"link:4BxzB9\" class=\"_link_o9xde_39\" rel=\"nofollow noopener\" target=\"_blank\">fjor\u00e5rets beste b\u00f8ker<\/a>. <\/p>\n<p class=\"_paragraph_o9xde_4 _paragraph_xtcu6_10 layout-component text-serif-m layout-normal text-serif-m layout-padded\">Filmen fikk <a href=\"https:\/\/www.vg.no\/rampelys\/i\/kwAn16\/anmeldelse-stargate-en-julefortelling\" data-track-element-type=\"Link\" data-track-id=\"link:kwAn16\" class=\"_link_o9xde_39\" rel=\"nofollow noopener\" target=\"_blank\">terningkast 5 av VGs anmelder<\/a>.<\/p>\n<p class=\"_paragraph_o9xde_4 _paragraph_xtcu6_10 layout-component text-serif-m layout-normal text-serif-m layout-padded\"><strong class=\"_strong_o9xde_25\">Og s\u00e5 er det alts\u00e5 slik at superstjernen Dua Lipa ikke f\u00e5r nok av denne lille boken. <\/strong><\/p>\n<p class=\"_paragraph_o9xde_4 _paragraph_xtcu6_10 layout-component text-serif-m layout-normal text-serif-m layout-padded\">Allerede i fjor <a href=\"https:\/\/www.vg.no\/rampelys\/i\/gwzeVJ\/artisten-dua-lipa-roser-norsk-forfatter-paa-instagram\" data-track-element-type=\"Link\" data-track-id=\"link:gwzeVJ\" class=\"_link_o9xde_39\" rel=\"nofollow noopener\" target=\"_blank\">roste hun f\u00f8rst boken<\/a> p\u00e5 Instagram, for deretter \u00e5 skrive at hun ville <a href=\"https:\/\/www.vg.no\/rampelys\/i\/Gye4Wm\/dua-lipa-gir-bort-norsk-bok-til-jul-helt-koko\" data-track-element-type=\"Link\" data-track-id=\"link:Gye4Wm\" class=\"_link_o9xde_39\" rel=\"nofollow noopener\" target=\"_blank\">gi den i julegave<\/a> til sine n\u00e6rmeste. <\/p>\n<p><img alt=\"Foto: Skjermbilde Instagram \/ Skjermbilde Instagram\" class=\"_image_qp4xg_65 layout-component layout-normal\" data-fullscreen- data-track-element-type=\"Article image fullscreen\" data-track-name=\"ImageFullscreen\" decoding=\"async\" loading=\"lazy\" height=\"1253\" itemprop=\"image\"  src=\"https:\/\/www.europesays.com\/no\/wp-content\/uploads\/2025\/11\/427179c3-bdf6-46cb-90fd-6ad65f07bb6f\"  style=\"object-position:0% 0%\" width=\"703\"\/>Foto: Skjermbilde Instagram \/ Skjermbilde Instagram<\/p>\n<p class=\"_paragraph_o9xde_4 _paragraph_xtcu6_10 layout-component text-serif-m layout-normal text-serif-m layout-padded\">\u2013 Dette f\u00f8rte til at boka solgte mye mer i Norge, og det ble utsolgt flere ganger,  forteller Ingvild &#8211; som ikke bruker sosiale medier og har ikke forholdt seg til influencere. <\/p>\n<p class=\"_paragraph_o9xde_4 _paragraph_xtcu6_10 layout-component text-serif-m layout-normal text-serif-m layout-padded\">\u2013 Jeg har aldri tenkt noe s\u00e6rlig over at de faktisk har innflytelse. N\u00e5 merket jeg den makten de har. Det er litt rart at det betyr s\u00e5 mye.<\/p>\n<p class=\"_paragraph_o9xde_4 _paragraph_xtcu6_10 layout-component text-serif-m layout-normal text-serif-m layout-padded\">Hun ble fortalt at hvis hun ble valgt ut til Dua Lipas bokklubb ville det bety enda mer. For ikke bare legger superstjernen dette ut p\u00e5 bokklubben sinbokklubben sinBokklubben har 244 000 f\u00f8lgere p\u00e5 instagram og Service95 har 513 000 f\u00f8lgere p\u00e5 plattformen. , hun teaser det ogs\u00e5 p\u00e5 sin hovedkonto p\u00e5 Instagram. <\/p>\n<p class=\"_paragraph_o9xde_4 _paragraph_xtcu6_10 layout-component text-serif-m layout-normal text-serif-m layout-padded\">\u2013 Jeg kan kanskje ikke si at jeg h\u00e5pet p\u00e5 det, men jo: Jeg h\u00e5pet veldig p\u00e5 det. Herregud, tenk om hun valgte meg til bokklubben ogs\u00e5. <\/p>\n<p class=\"_paragraph_o9xde_4 _paragraph_xtcu6_10 layout-component text-serif-m layout-normal text-serif-m layout-padded\">Et \u00e5r senere skjer det. Det vil si: Podkasten med Dua Lipa er allerede spilt inn og filmet online \u2013 og slippes 3. desember. Men strengt hemmelig inntil da, forteller Rish\u00f8i.<\/p>\n<p class=\"_paragraph_o9xde_4 _paragraph_xtcu6_10 layout-component text-serif-m layout-normal text-serif-m layout-padded\">\u2013 Jeg er ikke s\u00e5 god p\u00e5 \u00e5 holde p\u00e5 hemmeligheter, s\u00e5 jeg har egentlig holdt meg litt unna folk denne h\u00f8sten. <\/p>\n<p class=\"_paragraph_o9xde_4 _paragraph_xtcu6_10 layout-component text-serif-m layout-normal text-serif-m layout-padded\">\u2013 Men det jeg kan si, er at det er ikke s\u00e5nn at Dua Lipa bare er \u00e9n person, dette er en kjempemaskin. Hun har masse folk under seg. Det har v\u00e6rt g\u00f8y og litt underlig \u00e5 f\u00e5 et innblikk i denne verdenen.<\/p>\n<p> \u00d8vde med tr\u00e6r<img alt=\"Foto: Hallgeir V\u00e5genes \/ VG\" class=\"_image_qp4xg_65 layout-component layout-normal\" data-fullscreen- data-track-element-type=\"Article image fullscreen\" data-track-name=\"ImageFullscreen\" decoding=\"async\" loading=\"lazy\" height=\"3915\" itemprop=\"image\"  src=\"https:\/\/www.europesays.com\/no\/wp-content\/uploads\/2025\/11\/1fd3d425-4012-42a9-a1ba-31f2839a1293\"  style=\"object-position:0% 0%\" width=\"5733\"\/>Foto: Hallgeir V\u00e5genes \/ VG<\/p>\n<p class=\"_paragraph_o9xde_4 _paragraph_xtcu6_10 layout-component text-serif-m layout-normal text-serif-m layout-padded\">Ingvild kan ogs\u00e5 fortelle at hun har v\u00e6rt kjempenerv\u00f8s f\u00f8r podkastinnspillingen \u2013 og at hun i flere m\u00e5neder \u00f8vde seg til Dua Lipa-intervjuet i skogen rett ved blokken hun bor i p\u00e5 Tonsenhagen. <\/p>\n<p class=\"_paragraph_o9xde_4 _paragraph_xtcu6_10 layout-component text-serif-m layout-normal text-serif-m layout-padded\">\u2013 Jeg er nemlig ikke s\u00e5 god i engelsk, og jeg har ikke snakket det p\u00e5 kjempelenge. S\u00e5 jeg har g\u00e5tt i skogen og snakket med tr\u00e6r og forestilt meg sp\u00f8rsm\u00e5l fra Dua Lipa. Det funket en stund, for tr\u00e6rne var s\u00e5 positive.<\/p>\n<p class=\"_paragraph_o9xde_4 _paragraph_xtcu6_10 layout-component text-serif-m layout-normal text-serif-m layout-padded\">Men da det n\u00e6rmet seg innspilling med den ekte Dua Lipa, trengte hun mer motstand og engasjerte en engelskl\u00e6rer, nemlig forfatterkollega og oversetter Jan Christopher N\u00e6ss.<\/p>\n<p class=\"_paragraph_o9xde_4 _paragraph_xtcu6_10 layout-component text-serif-m layout-normal text-serif-m layout-padded\">\u2013 Jeg fikk ham til \u00e5 late som han var Dua Lipa og stille litt mer skikkelige og vanskelige sp\u00f8rsm\u00e5l. Jeg \u00f8vde ogs\u00e5 veldig p\u00e5 \u00e5 si: Thank you for having me. <\/p>\n<p class=\"_paragraph_o9xde_4 _paragraph_xtcu6_10 layout-component text-serif-m layout-normal text-serif-m layout-padded\"><strong class=\"_strong_o9xde_25\">\u2013 Det fikk jeg sagt ogs\u00e5: hele tre ganger, tror jeg, ler Ingvild.<\/strong><\/p>\n<p class=\"_paragraph_o9xde_4 _paragraph_xtcu6_10 layout-component text-serif-m layout-normal text-serif-m layout-padded\">\u2013 Hvordan er ditt forhold til Dua Lipa?<\/p>\n<p class=\"_paragraph_o9xde_4 _paragraph_xtcu6_10 layout-component text-serif-m layout-normal text-serif-m layout-padded\">\u2013 Jeg har h\u00f8rt mye p\u00e5 henne siden i fjor, ler Ingvild.<\/p>\n<p><img alt=\"Siste, akutte engelskleksjon med Jan Christopher N\u00e6ss blir dokumentert av Gyldendals SoMe-ansvarlig Signe Elise Stenersen.  Foto: Gyldendal\" class=\"_image_qp4xg_65 layout-component layout-normal\" data-fullscreen- data-track-element-type=\"Article image fullscreen\" data-track-name=\"ImageFullscreen\" decoding=\"async\" loading=\"lazy\" height=\"2107\" itemprop=\"image\"  src=\"https:\/\/www.europesays.com\/no\/wp-content\/uploads\/2025\/11\/f1152b83-ad60-4eed-829b-e009e526be96\"  style=\"object-position:0% 0%\" width=\"3004\"\/>Siste, akutte engelskleksjon med Jan Christopher N\u00e6ss blir dokumentert av Gyldendals SoMe-ansvarlig Signe Elise Stenersen.  Foto: Gyldendal<\/p>\n<p class=\"_paragraph_o9xde_4 _paragraph_xtcu6_10 layout-component text-serif-m layout-normal text-serif-m layout-padded\">\u2013 N\u00e5r jeg for eksempel h\u00f8rer henne p\u00e5 treningssenteret, s\u00e5 blir jeg litt s\u00e5nn: Juhu! Det lyser litt opp inni meg n\u00e5r jeg h\u00f8rer musikken hennes.<\/p>\n<p class=\"_paragraph_o9xde_4 _paragraph_xtcu6_10 layout-component text-serif-m layout-normal text-serif-m layout-padded\">\u2013 For n\u00e5 har dere et slags b\u00e5nd? <\/p>\n<p class=\"_paragraph_o9xde_4 _paragraph_xtcu6_10 layout-component text-serif-m layout-normal text-serif-m layout-padded\">\u2013 Kanskje ikke b\u00e5nd, men hun er blitt som en mesen for meg. Jeg f\u00f8ler hun har hjulpet meg veldig.<\/p>\n<p class=\"_paragraph_o9xde_4 _paragraph_xtcu6_10 layout-component text-serif-m layout-normal text-serif-m layout-padded\">Ingvild meldte seg inn i bokklubben til Lipa etter \u00e5 ha blitt fremsnakket av henne i fjor. <\/p>\n<p class=\"_paragraph_o9xde_4 _paragraph_xtcu6_10 layout-component text-serif-m layout-normal text-serif-m layout-padded\">\u2013 Jeg ble imponert over hvor bra det var. Jeg synes det er kult at hun bruker den enorme posisjonen hun har, til \u00e5 fronte b\u00e5de lesing og politiske saker.<\/p>\n<p class=\"_paragraph_o9xde_4 _paragraph_xtcu6_10 layout-component text-serif-m layout-normal text-serif-m layout-padded\">\u2013 Jeg liker konseptet med en bokklubb der du ikke trenger \u00e5 m\u00f8te opp fysisk. Lesing for meg er en privatsak, men jeg liker m\u00e5ten Dua Lipa intervjuer forfatterne p\u00e5. Hun stiller sp\u00f8rsm\u00e5l som en vanlig leser \u2013 og man f\u00e5r mye tilleggsinformasjon.<\/p>\n<p class=\"_paragraph_o9xde_4 _paragraph_xtcu6_10 layout-component text-serif-m layout-normal text-serif-m layout-padded\">For i likhet med forfattere f\u00f8r henne, som Margaret Atwood og nobelprisvinner Olga Tokarczuk, m\u00e5tte Ingvild sende inn noen lister som skal brukes i bokklubben.<\/p>\n<p><img alt=\"Dua Lipa med tidligere utvalgte til det som kalles \u00abDua Lipas monthly read\u00bb.  Foto: Skjermbilder fra Dua Lipas bokklubb Service95 p\u00e5 Instagram\" class=\"_image_qp4xg_65 layout-component layout-normal\" data-fullscreen- data-track-element-type=\"Article image fullscreen\" data-track-name=\"ImageFullscreen\" decoding=\"async\" loading=\"lazy\" height=\"1668\" itemprop=\"image\"  src=\"https:\/\/www.europesays.com\/no\/wp-content\/uploads\/2025\/11\/78c75fbb-9cfc-4041-92ff-6d06103d0248\"  style=\"object-position:0% 0%\" width=\"2500\"\/>Dua Lipa med tidligere utvalgte til det som kalles \u00abDua Lipas monthly read\u00bb.  Foto: Skjermbilder fra Dua Lipas bokklubb Service95 p\u00e5 Instagram<\/p>\n<p class=\"_paragraph_o9xde_4 _paragraph_xtcu6_10 layout-component text-serif-m layout-normal text-serif-m layout-padded\">\u2013 Det er b\u00e5de en liste over b\u00f8ker som har inspirert \u00abStargate\u00bb, liste over mine nordiske yndlingsforfattere, liste over norske \u00abrising stars\u00bb \u2013 og en spilleliste p\u00e5 Spotify. <\/p>\n<p class=\"_paragraph_o9xde_4 _paragraph_xtcu6_10 layout-component text-serif-m layout-normal text-serif-m layout-padded\">\u2013 Den spillelista har jeg jobbet med i et halv\u00e5r, det var litt skummelt \u00e5 skulle presentere den for Dua Lipa, synes jeg.<\/p>\n<p class=\"_paragraph_o9xde_4 _paragraph_xtcu6_10 layout-component text-serif-m layout-normal text-serif-m layout-padded\"><strong class=\"_strong_o9xde_25\">Egentlig var hun i ferd med \u00e5 gi opp hele forfatterkarrieren f\u00f8r \u00abStargate\u00bb kom ut i 2021. <\/strong><\/p>\n<p class=\"_paragraph_o9xde_4 _paragraph_xtcu6_10 layout-component text-serif-m layout-normal text-serif-m layout-padded\">\u2013 Jeg hadde egentlig gitt opp, for jeg fikk ikke ferdig noen bok. Det var en vanskelig periode, men som ogs\u00e5 fikk meg til \u00e5 skj\u00f8nne hvor viktig det var for meg \u00e5 skrive. <\/p>\n<p><img alt=\"Foto: Hallgeir V\u00e5genes \/ VG\" class=\"_image_qp4xg_65 layout-component layout-normal\" data-fullscreen- data-track-element-type=\"Article image fullscreen\" data-track-name=\"ImageFullscreen\" decoding=\"async\" loading=\"lazy\" height=\"4000\" itemprop=\"image\"  src=\"https:\/\/www.europesays.com\/no\/wp-content\/uploads\/2025\/11\/ac76ce12-f257-4022-bb1b-7e1a9d00ba82\"  style=\"object-position:0% 0%\" width=\"6000\"\/>Foto: Hallgeir V\u00e5genes \/ VG<\/p>\n<p class=\"_paragraph_o9xde_4 _paragraph_xtcu6_10 layout-component text-serif-m layout-normal text-serif-m layout-padded\">\u2013 For jeg har alltid tenkt at jeg kan ha andre jobber ved siden av skrivingen, men p\u00e5 det tidspunktet virket det som om jeg n\u00e5 bare skulle ha andre jobber. Og det gjorde meg skikkelig lei meg, forteller Ingvild. <\/p>\n<p class=\"_paragraph_o9xde_4 _paragraph_xtcu6_10 layout-component text-serif-m layout-normal text-serif-m layout-padded\">Hun vet ikke hva det var som gjorde at hun klarte \u00e5 f\u00e5 ferdig \u00abStargate\u00bb, for alt det andre hun skrev p\u00e5, ble ikke noe av. <\/p>\n<p class=\"_paragraph_o9xde_4 _paragraph_xtcu6_10 layout-component text-serif-m layout-normal text-serif-m layout-padded\">\u2013 Det var mye med skriveprosessen som var utenfor kontroll, men til slutt var det viktige for meg bare \u00e5 bli ferdig. <\/p>\n<p class=\"_paragraph_o9xde_4 _paragraph_xtcu6_10 layout-component text-serif-m layout-normal text-serif-m layout-padded\">\u2013 Og da forlaget ville gi den ut, s\u00e5 var det bare godt \u00e5 vite at jeg klarte \u00e5 skrive b\u00f8ker igjen.<\/p>\n<p class=\"_paragraph_o9xde_4 _paragraph_xtcu6_10 layout-component text-serif-m layout-normal text-serif-m layout-padded\">N\u00e5 er hun p\u00e5 et tryggere sted \u2013 og lever godt p\u00e5 suksessen til \u00abStargate\u00bb.<\/p>\n<p><img alt=\"Filmen basert p\u00e5 Ingvild Rish\u00f8is roman g\u00e5r n\u00e5 p\u00e5 kino \u2013 og er sett av over 71.000 s\u00e5 langt.   Foto: Motlys \/ SF Norge\" class=\"_image_qp4xg_65 layout-component layout-normal\" data-fullscreen- data-track-element-type=\"Article image fullscreen\" data-track-name=\"ImageFullscreen\" decoding=\"async\" loading=\"lazy\" height=\"628\" itemprop=\"image\"  src=\"https:\/\/www.europesays.com\/no\/wp-content\/uploads\/2025\/11\/d7182c10-cc77-48bf-af26-0446baf67243\"  style=\"object-position:0% 0%\" width=\"1500\"\/>Filmen basert p\u00e5 Ingvild Rish\u00f8is roman g\u00e5r n\u00e5 p\u00e5 kino \u2013 og er sett av over 71.000 s\u00e5 langt.   Foto: Motlys \/ SF Norge<\/p>\n<p class=\"_paragraph_o9xde_4 _paragraph_xtcu6_10 layout-component text-serif-m layout-normal text-serif-m layout-padded\">\u2013 Jeg er s\u00e5 glad for alle som har lest, og for de mange som har sett filmen, og jeg stresser ikke fordi det har g\u00e5tt fire \u00e5r siden jeg ga ut bok.<\/p>\n<p class=\"_paragraph_o9xde_4 _paragraph_xtcu6_10 layout-component text-serif-m layout-normal text-serif-m layout-padded\">Hun avsl\u00f8rer at hun er i gang med ny bok: <\/p>\n<p class=\"_paragraph_o9xde_4 _paragraph_xtcu6_10 layout-component text-serif-m layout-normal text-serif-m layout-padded\">\u2013 Det holder p\u00e5 \u00e5 bli en kjempetjukk bok om en som er veldig god i basket. N\u00e5 lurer jeg p\u00e5 om jeg m\u00e5 hugge den opp i mange b\u00f8ker \u2013 til en slags serie. <\/p>\n<p class=\"_paragraph_o9xde_4 _paragraph_xtcu6_10 layout-component text-serif-m layout-normal text-serif-m layout-padded\">\u2013 Jeg vet ikke n\u00e5r den skal ut, det tar den tiden det tar, og det g\u00e5r bra fordi jeg p\u00e5 grunn av \u00abStargate\u00bb kan leve av dette. Det viktigste med det jeg skriver n\u00e5, er at jeg skriver fordi jeg liker \u00e5 skrive, sier hun. <\/p>\n","protected":false},"excerpt":{"rendered":"Superstjernen Dua Lipa har valgt Ingvild Rish\u00f8is roman \u00abStargate\u00bb som hovedbok i sin bokklubb Service95 i desember. Rish\u00f8i&hellip;\n","protected":false},"author":2,"featured_media":100554,"comment_status":"","ping_status":"","sticky":false,"template":"","format":"standard","meta":{"footnotes":""},"categories":[10],"tags":[150,20,21,24,25,460,15,22,23,152,13,30,28,29,14,16,26,27],"class_list":{"0":"post-100553","1":"post","2":"type-post","3":"status-publish","4":"format-standard","5":"has-post-thumbnail","7":"category-norge","8":"tag-bok","9":"tag-breaking-news","10":"tag-breakingnews","11":"tag-featured-news","12":"tag-featurednews","13":"tag-film","14":"tag-headlines","15":"tag-latest-news","16":"tag-latestnews","17":"tag-litteratur","18":"tag-news","19":"tag-no","20":"tag-norge","21":"tag-norway","22":"tag-nyheter","23":"tag-overskrifter","24":"tag-top-stories","25":"tag-topstories"},"share_on_mastodon":{"url":"https:\/\/pubeurope.com\/@no\/115638373252131121","error":""},"_links":{"self":[{"href":"https:\/\/www.europesays.com\/no\/wp-json\/wp\/v2\/posts\/100553","targetHints":{"allow":["GET"]}}],"collection":[{"href":"https:\/\/www.europesays.com\/no\/wp-json\/wp\/v2\/posts"}],"about":[{"href":"https:\/\/www.europesays.com\/no\/wp-json\/wp\/v2\/types\/post"}],"author":[{"embeddable":true,"href":"https:\/\/www.europesays.com\/no\/wp-json\/wp\/v2\/users\/2"}],"replies":[{"embeddable":true,"href":"https:\/\/www.europesays.com\/no\/wp-json\/wp\/v2\/comments?post=100553"}],"version-history":[{"count":0,"href":"https:\/\/www.europesays.com\/no\/wp-json\/wp\/v2\/posts\/100553\/revisions"}],"wp:featuredmedia":[{"embeddable":true,"href":"https:\/\/www.europesays.com\/no\/wp-json\/wp\/v2\/media\/100554"}],"wp:attachment":[{"href":"https:\/\/www.europesays.com\/no\/wp-json\/wp\/v2\/media?parent=100553"}],"wp:term":[{"taxonomy":"category","embeddable":true,"href":"https:\/\/www.europesays.com\/no\/wp-json\/wp\/v2\/categories?post=100553"},{"taxonomy":"post_tag","embeddable":true,"href":"https:\/\/www.europesays.com\/no\/wp-json\/wp\/v2\/tags?post=100553"}],"curies":[{"name":"wp","href":"https:\/\/api.w.org\/{rel}","templated":true}]}}