{"id":100566,"date":"2025-11-30T11:30:34","date_gmt":"2025-11-30T11:30:34","guid":{"rendered":"https:\/\/www.europesays.com\/no\/100566\/"},"modified":"2025-11-30T11:30:34","modified_gmt":"2025-11-30T11:30:34","slug":"okonomi-og-naeringsliv-personlig-okonomi-salgsrush-for-momssjokk-uten-tvil-vart-beste-kvartal-budstikka","status":"publish","type":"post","link":"https:\/\/www.europesays.com\/no\/100566\/","title":{"rendered":"\u00d8konomi og n\u00e6ringsliv, Personlig \u00f8konomi | Salgsrush f\u00f8r momssjokk: \u2013 Uten tvil v\u00e5rt beste kvartal &#8211; Budstikka"},"content":{"rendered":"<ol>\n<li><a href=\"https:\/\/news.google.com\/rss\/articles\/CBMilwFBVV95cUxPWDY5Qk5JVFZCQlgzc0hOMklXa0pacEtMRW92THRWM25MaFRmS2NUNHBwa3hReS12WVpGMWRVaGNwYk1MQlBnSnZNeEEyd25XX3BHbi1HSmpxYVVZc1R2TGpKTmREWGEzaS01LUN0NkRlVmdTcjlRdDhVWWcyNGpHU0R4RVU3cjhQcnREX3lFUlcxNEpqZ2c0?oc=5\" target=\"_blank\" rel=\"nofollow noopener\">\u00d8konomi og n\u00e6ringsliv, Personlig \u00f8konomi | Salgsrush f\u00f8r momssjokk: \u2013 Uten tvil v\u00e5rt beste kvartal<\/a>&nbsp;&nbsp;Budstikka<\/li>\n<li><a href=\"https:\/\/news.google.com\/rss\/articles\/CBMiigFBVV95cUxPVjUzaGtBX3pxRGVHbTVDUG5iNHozaUlVcXplSjRTQTltNUdubzVTaW9pSHZLZVVFREJJYUNwai1kQ1RmbUtwQTZIUXhhdnNSdUx2UXRBTUZuNnlLRmkzZmxTbGpieFV1bEdsR2xKSkFiWjZLeXlRWE1jUUF6QThlaGVBZTltdW44TGc?oc=5\" target=\"_blank\" rel=\"nofollow noopener\">(+) Elbil og bensinbil: Slik er de p\u00e5 glatt f\u00f8re<\/a>&nbsp;&nbsp;VG<\/li>\n<li><a href=\"https:\/\/news.google.com\/rss\/articles\/CBMiekFVX3lxTFBod3BCZ3ZBbnI1bHVZN001U0hCalNSdkkzQXg3RS1YZF83RzU0Q1lyTWpZb2ZHRDRhMTE1XzZfTFRLcEVVMDg5RDF0WlF5TTkzcVNSY3FPTXZBczlfeVRFcjRMeXJiWHhXSXhuQ2ZGUjNCd2xtQkVmUmxR?oc=5\" target=\"_blank\" rel=\"nofollow noopener\">Advarer: Her har elbilene et problem<\/a>&nbsp;&nbsp;TV2.no<\/li>\n<li><a href=\"https:\/\/news.google.com\/rss\/articles\/CBMigwFBVV95cUxNdjFVTzdtN210M1AzT1YtZVFqRE52MllTeFNCRkRSeWVXT1JpSnl5c19zTnFzbWdBMGF1LUt2TnVDcWpjNVFVVVhUMDIwSWdDTnZMekFfeV9pdVlqZEZXeVp1UGJqbzlFN3oxQ0RaMExiVUJZMm11OGRlbW1Pc282MjBJVQ?oc=5\" target=\"_blank\" rel=\"nofollow noopener\">(+) Gir r\u00e5d til bilkj\u00f8pere: \u2013 Ikke verdt \u00e5 l\u00f8pe skoene av seg<\/a>&nbsp;&nbsp;fvn.no<\/li>\n<li><a href=\"https:\/\/news.google.com\/rss\/articles\/CBMilAFBVV95cUxNd21qVnp6SWREMWdVdFJ0U0dnTUNYQ2tPWlFrMU1qSFFzLUN2b09ZMG5objR6a0JJSDBhQnVzZUtpSmRZLTZfcTF2VWhDVV9RaE5UT3lwVHBpeUs3bG1Fci1ZcHJHTjNtdkEtS0RsRW5BQmhfVlpHTE5naE9wbVhBSHhlN1dHVEVoMUlPQ2dtck1wSlB1?oc=5\" target=\"_blank\" rel=\"nofollow noopener\">Tomt p\u00e5 lager &#8211; denne bilen er den siste<\/a>&nbsp;&nbsp;innherred.no<\/li>\n<\/ol>\n","protected":false},"excerpt":{"rendered":"\u00d8konomi og n\u00e6ringsliv, Personlig \u00f8konomi | Salgsrush f\u00f8r momssjokk: \u2013 Uten tvil v\u00e5rt beste kvartal&nbsp;&nbsp;Budstikka (+) Elbil og&hellip;\n","protected":false},"author":2,"featured_media":100567,"comment_status":"","ping_status":"","sticky":false,"template":"","format":"standard","meta":{"footnotes":""},"categories":[56],"tags":[36,222,60,61,62,30,28,29,216,2336,3858,1510],"class_list":{"0":"post-100566","1":"post","2":"type-post","3":"status-publish","4":"format-standard","5":"has-post-thumbnail","7":"category-naeringsliv","8":"tag-art","9":"tag-bil","10":"tag-business","11":"tag-economy","12":"tag-naeringsliv","13":"tag-no","14":"tag-norge","15":"tag-norway","16":"tag-okonomi-og-naeringsliv","17":"tag-personlig-okonomi","18":"tag-rud","19":"tag-story"},"share_on_mastodon":{"url":"https:\/\/pubeurope.com\/@no\/115638424306453395","error":""},"_links":{"self":[{"href":"https:\/\/www.europesays.com\/no\/wp-json\/wp\/v2\/posts\/100566","targetHints":{"allow":["GET"]}}],"collection":[{"href":"https:\/\/www.europesays.com\/no\/wp-json\/wp\/v2\/posts"}],"about":[{"href":"https:\/\/www.europesays.com\/no\/wp-json\/wp\/v2\/types\/post"}],"author":[{"embeddable":true,"href":"https:\/\/www.europesays.com\/no\/wp-json\/wp\/v2\/users\/2"}],"replies":[{"embeddable":true,"href":"https:\/\/www.europesays.com\/no\/wp-json\/wp\/v2\/comments?post=100566"}],"version-history":[{"count":0,"href":"https:\/\/www.europesays.com\/no\/wp-json\/wp\/v2\/posts\/100566\/revisions"}],"wp:featuredmedia":[{"embeddable":true,"href":"https:\/\/www.europesays.com\/no\/wp-json\/wp\/v2\/media\/100567"}],"wp:attachment":[{"href":"https:\/\/www.europesays.com\/no\/wp-json\/wp\/v2\/media?parent=100566"}],"wp:term":[{"taxonomy":"category","embeddable":true,"href":"https:\/\/www.europesays.com\/no\/wp-json\/wp\/v2\/categories?post=100566"},{"taxonomy":"post_tag","embeddable":true,"href":"https:\/\/www.europesays.com\/no\/wp-json\/wp\/v2\/tags?post=100566"}],"curies":[{"name":"wp","href":"https:\/\/api.w.org\/{rel}","templated":true}]}}