{"id":100572,"date":"2025-11-30T11:43:51","date_gmt":"2025-11-30T11:43:51","guid":{"rendered":"https:\/\/www.europesays.com\/no\/100572\/"},"modified":"2025-11-30T11:43:51","modified_gmt":"2025-11-30T11:43:51","slug":"hva-haredim-tenker-om-seg-selv-og-idf","status":"publish","type":"post","link":"https:\/\/www.europesays.com\/no\/100572\/","title":{"rendered":"Hva haredim tenker om seg selv og IDF"},"content":{"rendered":"<p>Yisrael Friedman, er redakt\u00f8r av avisen Yated Ne\u2019eman, en av de mest innflytelsesrike ultraortodokse avisene i Israel. Han ga nylig et \u00e5penhjertig intervju med Akiva Weisz, journalist i Makor Rishon. MIFF gjengir noen hovedpoeng slik det er gjengitt av Amit Segal.<\/p>\n<p>Hvorfor tjenestegj\u00f8r ikke haredim (ultraortodokse) i de israelske forsvarsstyrkene?<\/p>\n<p>\u00abDe som redder staten er de som l\u00e6rer Tora, s\u00e5 noen som skader Tora-elever skader statens sikkerhet\u00bb, svarer Friedman. \u00abMatematisk sett, hva er galt med det? Vi bevarer det j\u00f8diske folket, og i denne saken om \u00e5 bevare det j\u00f8diske folket er det ingen likestilling i byrden \u2013 bare vi bidrar.\u00bb<\/p>\n<p>S\u00e5 \u00e5 kjempe i Gaza, Libanon og Iran teller ikke?<\/p>\n<p>\u00abDet er ikke \u00e5 bevare det j\u00f8diske folket, det er \u00e5 bevare det israelske folket\u00bb, svarer han.<\/p>\n<p>Friedman mener ikke n\u00f8dvendigvis at IDF er overfl\u00f8dig, men han sier: \u00abHvis yeshiva-studentene (de j\u00f8diske bibelskolene) ikke studerer, vil ikke stridsvognene starte. Flyene vil ikke ta av.\u00bb<\/p>\n<p>Friedman sier \u00abH\u00e6ren har aldri vunnet p\u00e5 grunn av antallet soldater\u00bb. \u00abP\u00e5 West Point studerer de kriger fra hele verden, men ikke Israels kriger \u2013 vet du hvorfor? Fordi krigens regler ikke gjelder her. Det er ingen logikk her.\u00bb<\/p>\n<p>Det stemmer ikke at Israels kriger ikke blir studert p\u00e5 USAs fremste skole for milit\u00e6re studier West Point.<\/p>\n<p>Weisz pr\u00f8vde \u00e5 ta opp med Friedman at IDF mangler 10.000-12.000 soldater \u00e5rlig.<\/p>\n<p>L\u00f8sningen Freidman peker p\u00e5 er ikke at flere haredim g\u00e5r fra skolebenken til milit\u00e6rtjeneste, men heller omvendt.<\/p>\n<p>\u00abVi m\u00e5 \u00f8ke studiene i yeshivaene enda mer, og da vil 15 eldre soldater vinne alle disse krigene, og jeg tror p\u00e5 dette med full tro.\u00bb<\/p>\n<p>Weisz pr\u00f8vde \u00e5 p\u00e5peke at mange religi\u00f8se j\u00f8der i Israel avtjener verneplikten samtidig som de gj\u00f8r seri\u00f8se torah-studier.<\/p>\n<p>Friedman avfeier dem som \u00abfolk som har kippa p\u00e5 hodet bare som et sosialt identitetsmerke, knapt knyttet til noen religi\u00f8s virkelighet\u00bb.<\/p>\n<p>For Friedman og hans likesinnede er statusen som j\u00f8de \u2013 et \u00abpass de fikk for 3.300 \u00e5r siden\u00bb, mye viktigere enn et snart 80 \u00e5r gammelt israelsk pass. Derfor avviser de blant annet bestemt presset mot \u00e5 avtjene verneplikt p\u00e5 bekostning av torah-studier.<\/p>\n<p>Amit Segal kommenterer slik: \u00abDet er imidlertid et sp\u00f8rsm\u00e5l som Friedman ikke svarte p\u00e5: Tror haredimene virkelig p\u00e5 denne historien han nettopp solgte oss? Noen gj\u00f8r det absolutt, og noen gj\u00f8r det mest sannsynlig ikke. Og selv om de forskjellige sektene innenfor den ultraortodokse verden alle vil tilby forskjellige perspektiver p\u00e5 det du nettopp har lest, har du kanskje n\u00e5 en bedre forst\u00e5else av sinnet (for \u00e5 si det mildt) som andre israelere f\u00f8ler mot de ultraortodokse.\u00bb<\/p>\n<p>Friedman er s\u00e5 sikker i sitt verdensbilde at han gir en kraftig advarsel til alle som vil pr\u00f8ve \u00e5 forstyrre haredims livsstil og verdier: \u00abDenne levem\u00e5ten kan ikke stoppes, for den dagen den stopper, vil verken vi eller de bli igjen. Det vil ikke v\u00e6re noen stat her, intet folk her, og Israels land vil ligge \u00f8de.\u00bb<\/p>\n<p>\u00abFor \u00e5 v\u00e6re \u00e6rlig, kan Friedman godt ha rett. Men ikke av den grunnen han tror,\u00bb kommenterer Segal.<\/p>\n","protected":false},"excerpt":{"rendered":"Yisrael Friedman, er redakt\u00f8r av avisen Yated Ne\u2019eman, en av de mest innflytelsesrike ultraortodokse avisene i Israel. Han&hellip;\n","protected":false},"author":2,"featured_media":100573,"comment_status":"","ping_status":"","sticky":false,"template":"","format":"standard","meta":{"footnotes":""},"categories":[12],"tags":[12804,20,21,24,25,12805,15,22,23,12806,13,30,28,29,14,16,26,27,42,43,44,45],"class_list":{"0":"post-100572","1":"post","2":"type-post","3":"status-publish","4":"format-standard","5":"has-post-thumbnail","7":"category-verden","8":"tag-amit-segal","9":"tag-breaking-news","10":"tag-breakingnews","11":"tag-featured-news","12":"tag-featurednews","13":"tag-haredim","14":"tag-headlines","15":"tag-latest-news","16":"tag-latestnews","17":"tag-makor-rishon","18":"tag-news","19":"tag-no","20":"tag-norge","21":"tag-norway","22":"tag-nyheter","23":"tag-overskrifter","24":"tag-top-stories","25":"tag-topstories","26":"tag-verden","27":"tag-world","28":"tag-world-news","29":"tag-worldnews"},"share_on_mastodon":{"url":"https:\/\/pubeurope.com\/@no\/115638479301928679","error":""},"_links":{"self":[{"href":"https:\/\/www.europesays.com\/no\/wp-json\/wp\/v2\/posts\/100572","targetHints":{"allow":["GET"]}}],"collection":[{"href":"https:\/\/www.europesays.com\/no\/wp-json\/wp\/v2\/posts"}],"about":[{"href":"https:\/\/www.europesays.com\/no\/wp-json\/wp\/v2\/types\/post"}],"author":[{"embeddable":true,"href":"https:\/\/www.europesays.com\/no\/wp-json\/wp\/v2\/users\/2"}],"replies":[{"embeddable":true,"href":"https:\/\/www.europesays.com\/no\/wp-json\/wp\/v2\/comments?post=100572"}],"version-history":[{"count":0,"href":"https:\/\/www.europesays.com\/no\/wp-json\/wp\/v2\/posts\/100572\/revisions"}],"wp:featuredmedia":[{"embeddable":true,"href":"https:\/\/www.europesays.com\/no\/wp-json\/wp\/v2\/media\/100573"}],"wp:attachment":[{"href":"https:\/\/www.europesays.com\/no\/wp-json\/wp\/v2\/media?parent=100572"}],"wp:term":[{"taxonomy":"category","embeddable":true,"href":"https:\/\/www.europesays.com\/no\/wp-json\/wp\/v2\/categories?post=100572"},{"taxonomy":"post_tag","embeddable":true,"href":"https:\/\/www.europesays.com\/no\/wp-json\/wp\/v2\/tags?post=100572"}],"curies":[{"name":"wp","href":"https:\/\/api.w.org\/{rel}","templated":true}]}}