{"id":100578,"date":"2025-11-30T11:50:08","date_gmt":"2025-11-30T11:50:08","guid":{"rendered":"https:\/\/www.europesays.com\/no\/100578\/"},"modified":"2025-11-30T11:50:08","modified_gmt":"2025-11-30T11:50:08","slug":"israel-palestina-netanyahu-ber-president-herzog-om-a-benade-ham","status":"publish","type":"post","link":"https:\/\/www.europesays.com\/no\/100578\/","title":{"rendered":"Israel, Palestina | Netanyahu ber president Herzog om \u00e5 ben\u00e5de ham"},"content":{"rendered":"\n<p>Det er presidentens kontor som melder at de har mottatt den formelle s\u00f8knaden om ben\u00e5dning. De sier de at en slik s\u00f8knad er uvanlig og kan inneb\u00e6re betydelige konsekvenser, men at de p\u00e5 ansvarlig vis skal vurdere den.<\/p>\n<p>Netanyahus kontor har forel\u00f8pig ikke kommentert saken. <\/p>\n<p>Netanyahu har siden 2019 v\u00e6rt siktet for korrupsjon, men rettssaken har v\u00e6rt stilt i bero s\u00e5 lenge Gazakrigen varte. <\/p>\n<p>Han er blant annet anklaget for \u00e5 ha mottatt bestikkelser og verdifulle gaver fra politiske st\u00f8ttespillere, blant annet champagneflasker og sigarer, i noen tilfeller med tilknytning til Qatar. <\/p>\n<p>Han er den f\u00f8rste israelske statsminister som er blitt siktet. Selv sier han at han er uskyldig, og kaller saken en politisk motivert heksejakt.<\/p>\n<p>(\u00a9NTB)<\/p>\n","protected":false},"excerpt":{"rendered":"Det er presidentens kontor som melder at de har mottatt den formelle s\u00f8knaden om ben\u00e5dning. De sier de&hellip;\n","protected":false},"author":2,"featured_media":88917,"comment_status":"","ping_status":"","sticky":false,"template":"","format":"standard","meta":{"footnotes":""},"categories":[12],"tags":[20,21,24,25,15,22,23,13,30,28,29,14,16,26,27,42,43,44,45],"class_list":{"0":"post-100578","1":"post","2":"type-post","3":"status-publish","4":"format-standard","5":"has-post-thumbnail","7":"category-verden","8":"tag-breaking-news","9":"tag-breakingnews","10":"tag-featured-news","11":"tag-featurednews","12":"tag-headlines","13":"tag-latest-news","14":"tag-latestnews","15":"tag-news","16":"tag-no","17":"tag-norge","18":"tag-norway","19":"tag-nyheter","20":"tag-overskrifter","21":"tag-top-stories","22":"tag-topstories","23":"tag-verden","24":"tag-world","25":"tag-world-news","26":"tag-worldnews"},"share_on_mastodon":{"url":"https:\/\/pubeurope.com\/@no\/115638502984287286","error":""},"_links":{"self":[{"href":"https:\/\/www.europesays.com\/no\/wp-json\/wp\/v2\/posts\/100578","targetHints":{"allow":["GET"]}}],"collection":[{"href":"https:\/\/www.europesays.com\/no\/wp-json\/wp\/v2\/posts"}],"about":[{"href":"https:\/\/www.europesays.com\/no\/wp-json\/wp\/v2\/types\/post"}],"author":[{"embeddable":true,"href":"https:\/\/www.europesays.com\/no\/wp-json\/wp\/v2\/users\/2"}],"replies":[{"embeddable":true,"href":"https:\/\/www.europesays.com\/no\/wp-json\/wp\/v2\/comments?post=100578"}],"version-history":[{"count":0,"href":"https:\/\/www.europesays.com\/no\/wp-json\/wp\/v2\/posts\/100578\/revisions"}],"wp:featuredmedia":[{"embeddable":true,"href":"https:\/\/www.europesays.com\/no\/wp-json\/wp\/v2\/media\/88917"}],"wp:attachment":[{"href":"https:\/\/www.europesays.com\/no\/wp-json\/wp\/v2\/media?parent=100578"}],"wp:term":[{"taxonomy":"category","embeddable":true,"href":"https:\/\/www.europesays.com\/no\/wp-json\/wp\/v2\/categories?post=100578"},{"taxonomy":"post_tag","embeddable":true,"href":"https:\/\/www.europesays.com\/no\/wp-json\/wp\/v2\/tags?post=100578"}],"curies":[{"name":"wp","href":"https:\/\/api.w.org\/{rel}","templated":true}]}}