{"id":100589,"date":"2025-11-30T12:05:10","date_gmt":"2025-11-30T12:05:10","guid":{"rendered":"https:\/\/www.europesays.com\/no\/100589\/"},"modified":"2025-11-30T12:05:10","modified_gmt":"2025-11-30T12:05:10","slug":"krf-senterpartiet-krf-lederen-ber-sps-vedum-komme-over-til-bla-side","status":"publish","type":"post","link":"https:\/\/www.europesays.com\/no\/100589\/","title":{"rendered":"KrF, Senterpartiet | KrF-lederen ber Sps Vedum komme over til bl\u00e5 side"},"content":{"rendered":"\n<p>KrF-leder Dag Inge Ulstein kommer med en invitasjon til Senterpartiet om at \u00abdet finnes et annet flertall\u00bb.<\/p>\n<p>\u2013 N\u00e5 er vi vitne til et r\u00f8dgr\u00f8nt kaos, som vi har advart mot hele valgkampen. Budsjettkrisen som utspiller seg p\u00e5 Stortinget er nok et eksempel p\u00e5 at dagens flertall ikke evner \u00e5 lede landet p\u00e5 en ansvarlig m\u00e5te, skriver Ulstein i en epost til NTB.<\/p>\n<p>\u2013 Flytter norsk politikk til venstre<\/p>\n<p>KrF-lederen mener at Senterpartiet holder egne velgere for narr n\u00e5r de g\u00e5r sammen med R\u00f8dt.<\/p>\n<p>\u2013 De bidrar til \u00e5 flytte norsk politikk lenger ut til venstre. Senterpartiet b\u00f8r innse at det finnes et annet flertall, som ligger hos sentrum-h\u00f8yre i norsk politikk. Det vil v\u00e6re et langt bedre alternativ for \u00e5 f\u00e5 neste \u00e5rs statsbudsjett p\u00e5 rett kj\u00f8l, sier Ulstein.<\/p>\n<p><b>Les ogs\u00e5: <a class=\"simple-relation related-teaser article--c-eRUmMG article--c-eRUmMG-fZoQSp-design-nettavisen article--c-eRUmMG-gwthdJ-cv\" href=\"https:\/\/www.nettavisen.no\/ukraina-skal-produsere-droner-i-norge\/s\/5-95-2754907\" rel=\"nofollow noopener\" target=\"_blank\">Ukraina skal produsere droner i Norge<\/a><\/b><\/p>\n<p>\u2013 Vi har f\u00e5tt til gode l\u00f8sninger<\/p>\n<p>NTB har forelagt Ulsteins invitasjon til Sp-leder Trygve Slagsvold Vedum. Vedum lar seg ikke friste over p\u00e5 bl\u00e5 side.<\/p>\n<p>\u2013 Ulstein kritiserer uten \u00e5 vise til konkrete saker. I Senterpartiet er vi opptatt av \u00e5 finne l\u00f8sninger som gj\u00f8r livet til folk i hele Norge bedre. N\u00e5 har vi f\u00e5tt gjennomslag for \u00e5 styrke barnehager, skoler og helse- og omsorgstjenester i lokalsamfunn over hele Norge, f\u00e5tt fjernet Aps kraftige \u00f8kning i drivstoffavgiftene og sikret olje- og gassn\u00e6ringen forutsigbarhet, skriver Vedum i en epost til NTB.<\/p>\n<p>Han peker ogs\u00e5 p\u00e5 at Senterpartiet har f\u00e5tt fjernet kuttet i stipendet til elever ved folkeh\u00f8yskoler og at KrF tradisjonelt har v\u00e6rt enige med dem i dette.<\/p>\n<p>\u2013 Vi har f\u00e5tt til gode l\u00f8sninger for Norge, og vi kommer til \u00e5 stemme for den budsjettenigheten i Stortinget, sl\u00e5r han fast.<\/p>\n<p>    Vil du se neste video?<\/p>\n<p>    <a href=\"https:\/\/www.nettavisen.no\/fredrik-solvang\/jonas-gahr-store\/debatten\/fredrik-solvang-himler-av-jonas-gahr-store-men-i-alle\/v\/5-95-2751917\" class=\"recommend-poster\" data-adp-clicklabel=\"video-recommend\" data-adp-clickvalue=\"poster\" rel=\"nofollow noopener\" target=\"_blank\"><br \/>\n      <img decoding=\"async\" width=\"200\" height=\"200\" loading=\"lazy\" src=\"https:\/\/www.europesays.com\/no\/wp-content\/uploads\/2025\/11\/Solvang+bredde.jpg\" alt=\"\" class=\"brick-c-cFOWSL\" style=\"--brick-image-ratio: 200 \/ 200;\"\/><\/p>\n<p>Himler av St\u00f8re: \u2013 Men i alle\u20261:06<\/p>\n<p>    <\/a><\/p>\n","protected":false},"excerpt":{"rendered":"KrF-leder Dag Inge Ulstein kommer med en invitasjon til Senterpartiet om at \u00abdet finnes et annet flertall\u00bb. \u2013&hellip;\n","protected":false},"author":2,"featured_media":100590,"comment_status":"","ping_status":"","sticky":false,"template":"","format":"standard","meta":{"footnotes":""},"categories":[10],"tags":[20,21,24,25,15,22,23,13,30,28,29,14,16,26,27],"class_list":{"0":"post-100589","1":"post","2":"type-post","3":"status-publish","4":"format-standard","5":"has-post-thumbnail","7":"category-norge","8":"tag-breaking-news","9":"tag-breakingnews","10":"tag-featured-news","11":"tag-featurednews","12":"tag-headlines","13":"tag-latest-news","14":"tag-latestnews","15":"tag-news","16":"tag-no","17":"tag-norge","18":"tag-norway","19":"tag-nyheter","20":"tag-overskrifter","21":"tag-top-stories","22":"tag-topstories"},"share_on_mastodon":{"url":"https:\/\/pubeurope.com\/@no\/115638562039714285","error":""},"_links":{"self":[{"href":"https:\/\/www.europesays.com\/no\/wp-json\/wp\/v2\/posts\/100589","targetHints":{"allow":["GET"]}}],"collection":[{"href":"https:\/\/www.europesays.com\/no\/wp-json\/wp\/v2\/posts"}],"about":[{"href":"https:\/\/www.europesays.com\/no\/wp-json\/wp\/v2\/types\/post"}],"author":[{"embeddable":true,"href":"https:\/\/www.europesays.com\/no\/wp-json\/wp\/v2\/users\/2"}],"replies":[{"embeddable":true,"href":"https:\/\/www.europesays.com\/no\/wp-json\/wp\/v2\/comments?post=100589"}],"version-history":[{"count":0,"href":"https:\/\/www.europesays.com\/no\/wp-json\/wp\/v2\/posts\/100589\/revisions"}],"wp:featuredmedia":[{"embeddable":true,"href":"https:\/\/www.europesays.com\/no\/wp-json\/wp\/v2\/media\/100590"}],"wp:attachment":[{"href":"https:\/\/www.europesays.com\/no\/wp-json\/wp\/v2\/media?parent=100589"}],"wp:term":[{"taxonomy":"category","embeddable":true,"href":"https:\/\/www.europesays.com\/no\/wp-json\/wp\/v2\/categories?post=100589"},{"taxonomy":"post_tag","embeddable":true,"href":"https:\/\/www.europesays.com\/no\/wp-json\/wp\/v2\/tags?post=100589"}],"curies":[{"name":"wp","href":"https:\/\/api.w.org\/{rel}","templated":true}]}}