{"id":100595,"date":"2025-11-30T12:12:17","date_gmt":"2025-11-30T12:12:17","guid":{"rendered":"https:\/\/www.europesays.com\/no\/100595\/"},"modified":"2025-11-30T12:12:17","modified_gmt":"2025-11-30T12:12:17","slug":"tostatslosning-eneste-vei-til-fred","status":"publish","type":"post","link":"https:\/\/www.europesays.com\/no\/100595\/","title":{"rendered":"\u2013 Tostatsl\u00f8sning eneste vei til fred"},"content":{"rendered":"<p><strong>Utenriksminister Espen Barth Eide (Ap) markerer FNs internasjonale solidaritetsdag med det palestinske folk med en tydelig oppfordring om at en varig l\u00f8sning p\u00e5 konflikten m\u00e5 bygge p\u00e5 to stater. Det melder <a href=\"https:\/\/www.dagsavisen.no\/nyheter\/utenriksministeren-pa-fns-solidaritetsdag-for-palestina-bare-tostatslosning-kan-gi-varig-fred\/10083489\" rel=\"nofollow noopener\" target=\"_blank\">Dagsavisen<\/a>.<\/strong><\/p>\n<p>I en uttalelse viser han til den sv\u00e6rt alvorlige humanit\u00e6re situasjonen i Gaza og p\u00e5 Vestbredden, og mener det internasjonale arbeidet m\u00e5 rettes mot \u00e5 realisere en palestinsk stat.<\/p>\n<p>Flere organisasjoner markerte dagen over hele landet l\u00f8rdag. Palestinakomiteen, som st\u00e5r bak en rekke arrangementer, beskriver situasjonen som dramatisk for sivilbefolkningen. <\/p>\n<p>\u2013 Det er viktigere enn noensinne \u00e5 markere solidaritet med palestinerne som er utsatt for folkemord, fordrivelse og okkupasjon, sier leder Line Khateeb i en pressemelding.<\/p>\n<p>If\u00f8lge tall som brukes i markeringene, skal titusener ha mistet livet i Gaza de siste to \u00e5rene. Eide omtaler lidelsene som enorme og viser til at ogs\u00e5 situasjonen p\u00e5 Vestbredden er forverret som f\u00f8lge av okkupasjon og bosettervold. Han uttrykker dyp medf\u00f8lelse med sivile som har mistet familiemedlemmer, og peker p\u00e5 at den midlertidige v\u00e5penhvilen i Gaza gir et forsiktig h\u00e5p.<\/p>\n<p>Utenriksministeren understreker at en politisk l\u00f8sning krever omfattende endringer p\u00e5 bakken. <\/p>\n<p>\u2013 Bare en tostatsl\u00f8sning, der palestinere og israelere lever side om side i sikkerhet og med framtidsh\u00e5p, kan gi varig fred, sier han. Eide legger til at okkupasjonen m\u00e5 opph\u00f8re for at en fredsprosess skal lykkes.<\/p>\n<p>Norge vil if\u00f8lge utenriksministeren bidra der landet kan i arbeidet for en palestinsk stat. Han viser til at palestinerne i generasjoner har s\u00f8kt trygghet og muligheten til \u00e5 styre sin egen framtid, og mener det internasjonale samfunnet m\u00e5 st\u00f8tte prosesser som gir en vei ut av krigen.<\/p>\n<p>FNs solidaritetsdag ble innf\u00f8rt i 1977, p\u00e5 datoen da generalforsamlingen vedtok delingsplanen for Palestina i 1947. Markeringen holdes \u00e5rlig og brukes av b\u00e5de myndigheter og sivilsamfunnsakt\u00f8rer til \u00e5 rette oppmerksomhet mot konflikten og det humanit\u00e6re behovet.<\/p>\n","protected":false},"excerpt":{"rendered":"Utenriksminister Espen Barth Eide (Ap) markerer FNs internasjonale solidaritetsdag med det palestinske folk med en tydelig oppfordring om&hellip;\n","protected":false},"author":2,"featured_media":100596,"comment_status":"","ping_status":"","sticky":false,"template":"","format":"standard","meta":{"footnotes":""},"categories":[10],"tags":[20,21,258,24,25,15,22,23,13,30,28,29,14,16,261,26,27],"class_list":{"0":"post-100595","1":"post","2":"type-post","3":"status-publish","4":"format-standard","5":"has-post-thumbnail","7":"category-norge","8":"tag-breaking-news","9":"tag-breakingnews","10":"tag-espen-barth-eide","11":"tag-featured-news","12":"tag-featurednews","13":"tag-headlines","14":"tag-latest-news","15":"tag-latestnews","16":"tag-news","17":"tag-no","18":"tag-norge","19":"tag-norway","20":"tag-nyheter","21":"tag-overskrifter","22":"tag-palestina","23":"tag-top-stories","24":"tag-topstories"},"share_on_mastodon":{"url":"https:\/\/pubeurope.com\/@no\/115638589393024520","error":""},"_links":{"self":[{"href":"https:\/\/www.europesays.com\/no\/wp-json\/wp\/v2\/posts\/100595","targetHints":{"allow":["GET"]}}],"collection":[{"href":"https:\/\/www.europesays.com\/no\/wp-json\/wp\/v2\/posts"}],"about":[{"href":"https:\/\/www.europesays.com\/no\/wp-json\/wp\/v2\/types\/post"}],"author":[{"embeddable":true,"href":"https:\/\/www.europesays.com\/no\/wp-json\/wp\/v2\/users\/2"}],"replies":[{"embeddable":true,"href":"https:\/\/www.europesays.com\/no\/wp-json\/wp\/v2\/comments?post=100595"}],"version-history":[{"count":0,"href":"https:\/\/www.europesays.com\/no\/wp-json\/wp\/v2\/posts\/100595\/revisions"}],"wp:featuredmedia":[{"embeddable":true,"href":"https:\/\/www.europesays.com\/no\/wp-json\/wp\/v2\/media\/100596"}],"wp:attachment":[{"href":"https:\/\/www.europesays.com\/no\/wp-json\/wp\/v2\/media?parent=100595"}],"wp:term":[{"taxonomy":"category","embeddable":true,"href":"https:\/\/www.europesays.com\/no\/wp-json\/wp\/v2\/categories?post=100595"},{"taxonomy":"post_tag","embeddable":true,"href":"https:\/\/www.europesays.com\/no\/wp-json\/wp\/v2\/tags?post=100595"}],"curies":[{"name":"wp","href":"https:\/\/api.w.org\/{rel}","templated":true}]}}