{"id":100603,"date":"2025-11-30T12:25:41","date_gmt":"2025-11-30T12:25:41","guid":{"rendered":"https:\/\/www.europesays.com\/no\/100603\/"},"modified":"2025-11-30T12:25:41","modified_gmt":"2025-11-30T12:25:41","slug":"pave-leo-xiv-airbus-pavens-fly-rammet-av-airbus-problemer","status":"publish","type":"post","link":"https:\/\/www.europesays.com\/no\/100603\/","title":{"rendered":"Pave Leo XIV, Airbus | Pavens fly rammet av Airbus-problemer"},"content":{"rendered":"\n<p>Vatikanets talsmann Matteo Bruni sa at en komponent som trengs for oppdateringen er p\u00e5 vei til Istanbul i Tyrkia, sammen med en tekniker som skal installere den.<\/p>\n<p>If\u00f8lge Vatikanet er det en skjerm som skal byttes ut \u2013 og det forventes at paven kan fly videre til Libanon s\u00f8ndag.<\/p>\n<p>Torsdag fl\u00f8y pave Leo fra Roma til den tyrkiske hovedstaden Ankara og deretter videre til Istanbul med et Airbus-fly i A320-serien, som tilh\u00f8rer det italienske flyselskapet Ita.<\/p>\n<p>Flyprodusenten Airbus har avdekket at intens solstr\u00e5ling kan \u00f8delegge data som er kritiske for flyenes kontrollsystem, og varslet fredag at over 6000 fly var ber\u00f8rt av problemene. I mange av tilfellene er det kun en programvareoppdatering som raskt kan utf\u00f8res fra cockpiten som m\u00e5 til.<\/p>\n<p>(\u00a9NTB)<\/p>\n","protected":false},"excerpt":{"rendered":"Vatikanets talsmann Matteo Bruni sa at en komponent som trengs for oppdateringen er p\u00e5 vei til Istanbul i&hellip;\n","protected":false},"author":2,"featured_media":100604,"comment_status":"","ping_status":"","sticky":false,"template":"","format":"standard","meta":{"footnotes":""},"categories":[12],"tags":[20,21,24,25,15,22,23,13,30,28,29,14,16,26,27,42,43,44,45],"class_list":{"0":"post-100603","1":"post","2":"type-post","3":"status-publish","4":"format-standard","5":"has-post-thumbnail","7":"category-verden","8":"tag-breaking-news","9":"tag-breakingnews","10":"tag-featured-news","11":"tag-featurednews","12":"tag-headlines","13":"tag-latest-news","14":"tag-latestnews","15":"tag-news","16":"tag-no","17":"tag-norge","18":"tag-norway","19":"tag-nyheter","20":"tag-overskrifter","21":"tag-top-stories","22":"tag-topstories","23":"tag-verden","24":"tag-world","25":"tag-world-news","26":"tag-worldnews"},"share_on_mastodon":{"url":"https:\/\/pubeurope.com\/@no\/115638640514618607","error":""},"_links":{"self":[{"href":"https:\/\/www.europesays.com\/no\/wp-json\/wp\/v2\/posts\/100603","targetHints":{"allow":["GET"]}}],"collection":[{"href":"https:\/\/www.europesays.com\/no\/wp-json\/wp\/v2\/posts"}],"about":[{"href":"https:\/\/www.europesays.com\/no\/wp-json\/wp\/v2\/types\/post"}],"author":[{"embeddable":true,"href":"https:\/\/www.europesays.com\/no\/wp-json\/wp\/v2\/users\/2"}],"replies":[{"embeddable":true,"href":"https:\/\/www.europesays.com\/no\/wp-json\/wp\/v2\/comments?post=100603"}],"version-history":[{"count":0,"href":"https:\/\/www.europesays.com\/no\/wp-json\/wp\/v2\/posts\/100603\/revisions"}],"wp:featuredmedia":[{"embeddable":true,"href":"https:\/\/www.europesays.com\/no\/wp-json\/wp\/v2\/media\/100604"}],"wp:attachment":[{"href":"https:\/\/www.europesays.com\/no\/wp-json\/wp\/v2\/media?parent=100603"}],"wp:term":[{"taxonomy":"category","embeddable":true,"href":"https:\/\/www.europesays.com\/no\/wp-json\/wp\/v2\/categories?post=100603"},{"taxonomy":"post_tag","embeddable":true,"href":"https:\/\/www.europesays.com\/no\/wp-json\/wp\/v2\/tags?post=100603"}],"curies":[{"name":"wp","href":"https:\/\/api.w.org\/{rel}","templated":true}]}}