{"id":100612,"date":"2025-11-30T12:41:15","date_gmt":"2025-11-30T12:41:15","guid":{"rendered":"https:\/\/www.europesays.com\/no\/100612\/"},"modified":"2025-11-30T12:41:15","modified_gmt":"2025-11-30T12:41:15","slug":"gardermobanen-nyheter-gardermobanen-togene-gar-igjen","status":"publish","type":"post","link":"https:\/\/www.europesays.com\/no\/100612\/","title":{"rendered":"Gardermobanen, Nyheter | Gardermobanen: Togene g\u00e5r igjen"},"content":{"rendered":"\n<p>\u2013 Gardermoen\u2013Lillestr\u00f8m er stengt for togtrafikk. Du m\u00e5 regne med forsinkelser, og at noen tog kan bli innstilt, meldte Vy like f\u00f8r klokka 12. 00.<\/p>\n<p>Bane Nor ba reisende til Oslo lufthavn benytte taxi inntil videre.<\/p>\n<p>\u2013 Vi avklarer situasjonen n\u00e5, skrev de p\u00e5 sine infoskjermer.<\/p>\n<p>Rundt klokka 13.30 er trafikken i gang igjen, opplyser kommunikasjonsr\u00e5dgiver Harry Korslund i Bane Nor til RB.<\/p>\n<p>\u2013 Det kan bli noen f\u00f8lgeforsinkelser, men forh\u00e5pentligvis vil trafikken normalisere seg igjen snart, sier han.<\/p>\n<p>   <img decoding=\"async\" width=\"5472\" height=\"3648\" fetchpriority=\"low\"  loading=\"lazy\"  src=\"https:\/\/www.europesays.com\/no\/wp-content\/uploads\/2025\/11\/_1026124.jpeg\" alt=\"\" class=\"brick-c-cFOWSL\" style=\"--brick-image-ratio: 5472 \/ 3648;\"\/><\/p>\n<p>      K\u00d8: De reisende m\u00e5 bruke alternativt transport inntil videre.<br \/>\n      Foto: Petter Stens\u00e5s\n    <\/p>\n<p>  <a href=\"https:\/\/www.rb.no\/5-43-2622695\" class=\"related-teaser has-image default-story-teaser article--c-eRUmMG article--c-eRUmMG-jKCPdD-design-default\" rel=\"nofollow noopener\" target=\"_blank\"><\/p>\n<p>    <img decoding=\"async\" loading=\"lazy\"  src=\"https:\/\/www.europesays.com\/no\/wp-content\/uploads\/2025\/11\/Badeplasser-9.jpg\" alt=\"\" class=\"brick-c-cFOWSL\" style=\"\"\/><\/p>\n<p>\n            Les ogs\u00e5<\/p>\n<p>              Snart farger de elva gr\u00f8nn: \u2013 Blir sv\u00e6rt synlig\n        <\/p>\n<p>  <\/a><\/p>\n<p>  <a href=\"https:\/\/www.rb.no\/5-43-2623597\" class=\"related-teaser has-image default-story-teaser article--c-eRUmMG article--c-eRUmMG-jKCPdD-design-default\" rel=\"nofollow noopener\" target=\"_blank\"><\/p>\n<p>    <img decoding=\"async\" loading=\"lazy\"  src=\"https:\/\/www.europesays.com\/no\/wp-content\/uploads\/2025\/11\/Skjermbilde+2025-11-30+075701.png\" alt=\"\" class=\"brick-c-cFOWSL\" style=\"\"\/><\/p>\n<p>\n            Les ogs\u00e5<\/p>\n<p>              Slik ser det ut p\u00e5 veiene n\u00e5\n        <\/p>\n<p>  <\/a><\/p>\n","protected":false},"excerpt":{"rendered":"\u2013 Gardermoen\u2013Lillestr\u00f8m er stengt for togtrafikk. Du m\u00e5 regne med forsinkelser, og at noen tog kan bli innstilt,&hellip;\n","protected":false},"author":2,"featured_media":100613,"comment_status":"","ping_status":"","sticky":false,"template":"","format":"standard","meta":{"footnotes":""},"categories":[10],"tags":[36,20,21,24,25,6996,2380,15,1921,22,23,729,1920,7958,13,30,28,29,14,16,1510,1923,26,27],"class_list":{"0":"post-100612","1":"post","2":"type-post","3":"status-publish","4":"format-standard","5":"has-post-thumbnail","7":"category-norge","8":"tag-art","9":"tag-breaking-news","10":"tag-breakingnews","11":"tag-featured-news","12":"tag-featurednews","13":"tag-gardermobanen","14":"tag-gardermoen","15":"tag-headlines","16":"tag-jessheim","17":"tag-latest-news","18":"tag-latestnews","19":"tag-lillestrom","20":"tag-mittjessheim","21":"tag-mittlillestrom","22":"tag-news","23":"tag-no","24":"tag-norge","25":"tag-norway","26":"tag-nyheter","27":"tag-overskrifter","28":"tag-story","29":"tag-tog","30":"tag-top-stories","31":"tag-topstories"},"share_on_mastodon":{"url":"https:\/\/pubeurope.com\/@no\/115638703648300559","error":""},"_links":{"self":[{"href":"https:\/\/www.europesays.com\/no\/wp-json\/wp\/v2\/posts\/100612","targetHints":{"allow":["GET"]}}],"collection":[{"href":"https:\/\/www.europesays.com\/no\/wp-json\/wp\/v2\/posts"}],"about":[{"href":"https:\/\/www.europesays.com\/no\/wp-json\/wp\/v2\/types\/post"}],"author":[{"embeddable":true,"href":"https:\/\/www.europesays.com\/no\/wp-json\/wp\/v2\/users\/2"}],"replies":[{"embeddable":true,"href":"https:\/\/www.europesays.com\/no\/wp-json\/wp\/v2\/comments?post=100612"}],"version-history":[{"count":0,"href":"https:\/\/www.europesays.com\/no\/wp-json\/wp\/v2\/posts\/100612\/revisions"}],"wp:featuredmedia":[{"embeddable":true,"href":"https:\/\/www.europesays.com\/no\/wp-json\/wp\/v2\/media\/100613"}],"wp:attachment":[{"href":"https:\/\/www.europesays.com\/no\/wp-json\/wp\/v2\/media?parent=100612"}],"wp:term":[{"taxonomy":"category","embeddable":true,"href":"https:\/\/www.europesays.com\/no\/wp-json\/wp\/v2\/categories?post=100612"},{"taxonomy":"post_tag","embeddable":true,"href":"https:\/\/www.europesays.com\/no\/wp-json\/wp\/v2\/tags?post=100612"}],"curies":[{"name":"wp","href":"https:\/\/api.w.org\/{rel}","templated":true}]}}