{"id":100629,"date":"2025-11-30T12:59:10","date_gmt":"2025-11-30T12:59:10","guid":{"rendered":"https:\/\/www.europesays.com\/no\/100629\/"},"modified":"2025-11-30T12:59:10","modified_gmt":"2025-11-30T12:59:10","slug":"brown-avviser-mobberyktene","status":"publish","type":"post","link":"https:\/\/www.europesays.com\/no\/100629\/","title":{"rendered":"Brown avviser mobberyktene"},"content":{"rendered":"\n<p class=\"_lead_o9xde_2 _lead_xtcu6_50 layout-component text-serif-m layout-normal text-serif-l layout-component layout-wide layout-padded _wide_17hqh_1 layout-padded\">\u00abStranger Things\u00bb-stjernen Millie Bobby Brown avviser p\u00e5stander om mobbing fra medspiller David Harbour.<\/p>\n<p><img alt=\"Millie Bobby Brown og David Harbour fra premieren av sesong fem.  Foto: Daniel Cole \/ Reuters \/ NTB\" class=\"_image_qp4xg_65 layout-component layout-wide\" data-fullscreen- data-track-element-type=\"Article image fullscreen\" data-track-name=\"ImageFullscreen\" fetchpriority=\"high\" decoding=\"sync\" loading=\"eager\" height=\"3667\" itemprop=\"image\"  src=\"https:\/\/www.europesays.com\/no\/wp-content\/uploads\/2025\/11\/2604f08d-2dd8-4f97-a719-f89a3e420979\"  style=\"object-position:0% 0%\" width=\"5500\"\/>Millie Bobby Brown og David Harbour fra premieren av sesong fem.  Foto: Daniel Cole \/ Reuters \/ NTB<\/p>\n<ul aria-hidden=\"true\" class=\"_images_1uft6_111\">\n<li><a class=\"_link_1uft6_116\" href=\"https:\/\/www.vg.no\/forfatter\/svanhild-boee\" style=\"z-index:1\" title=\"Svanhild B\u00f8e\" rel=\"nofollow noopener\" target=\"_blank\"><img alt=\"Bilde av Svanhild B\u00f8e\" class=\"_image_1uft6_93\" fetchpriority=\"low\" loading=\"lazy\" decoding=\"async\" itemprop=\"image\"  src=\"https:\/\/www.europesays.com\/no\/wp-content\/uploads\/2025\/11\/1764507549_342_2c6a983e-8ef8-4c60-8e5a-75c7e7bc3314\"  width=\"480\"\/><\/a><\/li>\n<\/ul>\n<p> Oppdatert s\u00f8ndag 30. november kl. 13:37    <\/p>\n<ul class=\"_list_o9xde_3 _list_64s2r_85 _unordered_o9xde_106 text-sans-m\">\n<li class=\"_item_o9xde_30\">Millie Bobby Brown avviser rykter om at hun har anklaget David Harbour for mobbing p\u00e5 \u00abStranger Things\u00bb-settet.<\/li>\n<li class=\"_item_o9xde_30\">Skuespilleren sier hun f\u00f8lte seg trygg og fremhever deres profesjonelle forhold.<\/li>\n<li class=\"_item_o9xde_30\">Skaperne av serien forsvarer arbeidsmilj\u00f8et p\u00e5 settet og understreker viktigheten av trygghet.<\/li>\n<\/ul>\n<p>Vis mer <\/p>\n<p class=\"_paragraph_o9xde_4 _paragraph_xtcu6_10 layout-component text-serif-m layout-normal text-serif-m layout-padded\"><a href=\"https:\/\/www.vg.no\/tag\/millie-bobby-brown?utm_source=vg-article&amp;utm_medium=auto-tagger&amp;utm_campaign=vrWJyp\" class=\"_link_o9xde_39\" rel=\"nofollow noopener\" target=\"_blank\">Millie Bobby Brown<\/a> (21) uttaler seg for f\u00f8rste gang om ryktene om mobbin fra David Harbour (50). <\/p>\n<p class=\"_paragraph_o9xde_4 _paragraph_xtcu6_10 layout-component text-serif-m layout-normal text-serif-m layout-padded\">De har g\u00e5tt ut p\u00e5 at han har utsatt henne for mobbing og trakassering under innspillingen av den siste sesongen av \u00abStranger Things\u00bb.<\/p>\n<p class=\"_paragraph_o9xde_4 _paragraph_xtcu6_10 layout-component text-serif-m layout-normal text-serif-m layout-padded\">\u2013 Selvf\u00f8lgelig f\u00f8lte jeg meg trygg. Vi har jobbet sammen i ti \u00e5r, sier Brown til <a href=\"https:\/\/people.com\/millie-bobby-brown-felt-safe-with-david-harbour-on-stranger-things-set-despite-bullying-report-11858916\" class=\"_link_o9xde_39\" rel=\"nofollow noopener\" target=\"_blank\">Deadline<\/a>.<\/p>\n<p> P\u00e5stander om klage<\/p>\n<p class=\"_paragraph_o9xde_4 _paragraph_xtcu6_10 layout-component text-serif-m layout-normal text-serif-m layout-padded\">Tidligere denne m\u00e5neden meldte <a href=\"https:\/\/people.com\/millie-bobby-brown-felt-safe-with-david-harbour-on-stranger-things-set-despite-bullying-report-11858916\" class=\"_link_o9xde_39\" rel=\"nofollow noopener\" target=\"_blank\">Daily Mail<\/a> at Brown hadde levert en klage p\u00e5 Harbour for mobbing og trakassering f\u00f8r innspillingen av den femte og siste sesongen startet.<\/p>\n<p class=\"_paragraph_o9xde_4 _paragraph_xtcu6_10 layout-component text-serif-m layout-normal text-serif-m layout-padded\">If\u00f8lge avisen skal det ha v\u00e6rt \u00absider p\u00e5 sider med anklager\u00bb, og at en p\u00e5f\u00f8lgende gransking skal ha p\u00e5g\u00e5tt i m\u00e5nedsvis.<\/p>\n<p class=\"_paragraph_o9xde_4 _paragraph_xtcu6_10 layout-component text-serif-m layout-normal text-serif-m layout-padded\">Hverken Netflix, Brown eller Harbour har kommentert p\u00e5standene offisielt.<\/p>\n<p><img alt=\"Kommer h\u00e5nd i h\u00e5nd.   Foto: Jordan Strauss \/ AP \/ NTB\" class=\"_image_qp4xg_65 layout-component layout-normal\" data-fullscreen- data-track-element-type=\"Article image fullscreen\" data-track-name=\"ImageFullscreen\" decoding=\"async\" loading=\"lazy\" height=\"3744\" itemprop=\"image\"  src=\"https:\/\/www.europesays.com\/no\/wp-content\/uploads\/2025\/11\/b5d903e8-a163-4e5f-ace3-fd17da941c2a\"  style=\"object-position:0% 0%\" width=\"5616\"\/>Kommer h\u00e5nd i h\u00e5nd.   Foto: Jordan Strauss \/ AP \/ NTB<\/p>\n<p class=\"_paragraph_o9xde_4 _paragraph_xtcu6_10 layout-component text-serif-m layout-normal text-serif-m layout-padded\">P\u00e5 f\u00f8rpremieren til sesong fem i Los Angeles tidligere denne m\u00e5neden viste de to skuespillerne derimot en <a href=\"https:\/\/www.vg.no\/rampelys\/i\/VzOGd3\/stranger-things-stjernene-kom-haand-i-haand\" data-track-element-type=\"Link\" data-track-id=\"link:VzOGd3\" class=\"_link_o9xde_39\" rel=\"nofollow noopener\" target=\"_blank\">helt annen side<\/a>. <\/p>\n<p class=\"_paragraph_o9xde_4 _paragraph_xtcu6_10 layout-component text-serif-m layout-normal text-serif-m layout-padded\">Brown og Harbour kom h\u00e5nd i h\u00e5nd og ga hverandre en klem foran pressen. <\/p>\n<p> Far og datter p\u00e5 skjermen<\/p>\n<p class=\"_paragraph_o9xde_4 _paragraph_xtcu6_10 layout-component text-serif-m layout-normal text-serif-m layout-padded\">Brown forklarer at det spesielle forholdet mellom karakterene deres ogs\u00e5 p\u00e5virker samarbeidet utenfor kamera. <\/p>\n<p class=\"_paragraph_o9xde_4 _paragraph_xtcu6_10 layout-component text-serif-m layout-normal text-serif-m layout-padded\">\u2013 Vi spiller far og datter, s\u00e5 naturlig nok har vi et n\u00e6rmere b\u00e5nd enn med de andre, fordi vi har hatt noen virkelig intense scener sammen, spesielt i sesong to, sier hun til <a href=\"https:\/\/people.com\/millie-bobby-brown-felt-safe-with-david-harbour-on-stranger-things-set-despite-bullying-report-11858916\" class=\"_link_o9xde_39\" rel=\"nofollow noopener\" target=\"_blank\">Deadline<\/a>. <\/p>\n<p class=\"_paragraph_o9xde_4 _paragraph_xtcu6_10 layout-component text-serif-m layout-normal text-serif-m layout-padded\">I serien spiller Brown Eleven, mens Harbour spiller Jim Hopper \u2013 Elevens adoptivfar.<\/p>\n<p class=\"_paragraph_o9xde_4 _paragraph_xtcu6_10 layout-component text-serif-m layout-normal text-serif-m layout-padded\">Brown beskriver forholdet til Harbour som profesjonelt og godt.<\/p>\n<p class=\"_paragraph_o9xde_4 _paragraph_xtcu6_10 layout-component text-serif-m layout-normal text-serif-m layout-padded\">\u2013 David og jeg har et flott forhold. Vi jobber veldig tett sammen i scenene og i forberedelsene til scenene, sier hun til <a href=\"https:\/\/people.com\/millie-bobby-brown-felt-safe-with-david-harbour-on-stranger-things-set-despite-bullying-report-11858916\" class=\"_link_o9xde_39\" rel=\"nofollow noopener\" target=\"_blank\">Deadline<\/a>.<\/p>\n<p> Skaperne forsvarer innspillingen<\/p>\n<p class=\"_paragraph_o9xde_4 _paragraph_xtcu6_10 layout-component text-serif-m layout-normal text-serif-m layout-padded\">Da skaperne av serien ble konfrontert med p\u00e5standene p\u00e5 premieren, sa Ross Duffer at han ikke kunne kommentere personlige saker p\u00e5 settet. <\/p>\n<p class=\"_paragraph_o9xde_4 _paragraph_xtcu6_10 layout-component text-serif-m layout-normal text-serif-m layout-padded\">\u2013 Vi har holdt p\u00e5 i ti \u00e5r med denne rollebesetningen, og alle er blitt familie som vi bryr oss oppriktig om, uttalte han. <\/p>\n<p class=\"_paragraph_o9xde_4 _paragraph_xtcu6_10 layout-component text-serif-m layout-normal text-serif-m layout-padded\">Duffer la til at \u00abingenting betyr mer enn \u00e5 ha et sett der alle f\u00f8ler seg trygge og glade\u00bb.<\/p>\n<p class=\"_paragraph_o9xde_4 _paragraph_xtcu6_10 layout-component text-serif-m layout-normal text-serif-m layout-padded\">Regiss\u00f8r og produsent Shawn Levy p\u00e5 sin side, uttalte at noen av p\u00e5standene om innspillingen er \u00ab<a href=\"https:\/\/www.vg.no\/rampelys\/i\/VzOGd3\/stranger-things-stjernene-kom-haand-i-haand\" data-track-element-type=\"Link\" data-track-id=\"link:VzOGd3\" class=\"_link_o9xde_39\" rel=\"nofollow noopener\" target=\"_blank\">ekstremt un\u00f8yaktige<\/a>\u00bb. <\/p>\n<p class=\"_paragraph_o9xde_4 _paragraph_xtcu6_10 layout-component text-serif-m layout-normal text-serif-m layout-padded\">\u2013 Vi behandler hverandre med respekt, og det har alltid v\u00e6rt grunnmuren, sa Levy.<\/p>\n<p class=\"_paragraph_o9xde_4 _paragraph_xtcu6_10 layout-component text-serif-m layout-normal text-serif-m layout-padded\">Fansen har ventet i tre \u00e5r p\u00e5 sesong fem \u2013 den siste i rekken. Den popul\u00e6re serien kommer tilbake i tre deler: F\u00f8rste del ble sluppet 26. november, del to kommer f\u00f8rste juledag, mens seriens aller siste episode kommer nytt\u00e5rsaften.<\/p>\n","protected":false},"excerpt":{"rendered":"\u00abStranger Things\u00bb-stjernen Millie Bobby Brown avviser p\u00e5stander om mobbing fra medspiller David Harbour. Millie Bobby Brown og David&hellip;\n","protected":false},"author":2,"featured_media":100630,"comment_status":"","ping_status":"","sticky":false,"template":"","format":"standard","meta":{"footnotes":""},"categories":[58],"tags":[10627,71,2794,30,28,29,2795,72,46],"class_list":{"0":"post-100629","1":"post","2":"type-post","3":"status-publish","4":"format-standard","5":"has-post-thumbnail","7":"category-underholdning","8":"tag-david-harbour","9":"tag-entertainment","10":"tag-millie-bobby-brown","11":"tag-no","12":"tag-norge","13":"tag-norway","14":"tag-stranger-things","15":"tag-underholdning","16":"tag-vgai"},"share_on_mastodon":{"url":"https:\/\/pubeurope.com\/@no\/115638774655959315","error":""},"_links":{"self":[{"href":"https:\/\/www.europesays.com\/no\/wp-json\/wp\/v2\/posts\/100629","targetHints":{"allow":["GET"]}}],"collection":[{"href":"https:\/\/www.europesays.com\/no\/wp-json\/wp\/v2\/posts"}],"about":[{"href":"https:\/\/www.europesays.com\/no\/wp-json\/wp\/v2\/types\/post"}],"author":[{"embeddable":true,"href":"https:\/\/www.europesays.com\/no\/wp-json\/wp\/v2\/users\/2"}],"replies":[{"embeddable":true,"href":"https:\/\/www.europesays.com\/no\/wp-json\/wp\/v2\/comments?post=100629"}],"version-history":[{"count":0,"href":"https:\/\/www.europesays.com\/no\/wp-json\/wp\/v2\/posts\/100629\/revisions"}],"wp:featuredmedia":[{"embeddable":true,"href":"https:\/\/www.europesays.com\/no\/wp-json\/wp\/v2\/media\/100630"}],"wp:attachment":[{"href":"https:\/\/www.europesays.com\/no\/wp-json\/wp\/v2\/media?parent=100629"}],"wp:term":[{"taxonomy":"category","embeddable":true,"href":"https:\/\/www.europesays.com\/no\/wp-json\/wp\/v2\/categories?post=100629"},{"taxonomy":"post_tag","embeddable":true,"href":"https:\/\/www.europesays.com\/no\/wp-json\/wp\/v2\/tags?post=100629"}],"curies":[{"name":"wp","href":"https:\/\/api.w.org\/{rel}","templated":true}]}}