{"id":100637,"date":"2025-11-30T13:22:15","date_gmt":"2025-11-30T13:22:15","guid":{"rendered":"https:\/\/www.europesays.com\/no\/100637\/"},"modified":"2025-11-30T13:22:15","modified_gmt":"2025-11-30T13:22:15","slug":"politiker-fjerner-hitler-fra-navnet-sitt","status":"publish","type":"post","link":"https:\/\/www.europesays.com\/no\/100637\/","title":{"rendered":"Politiker fjerner \u00abHitler\u00bb fra navnet sitt"},"content":{"rendered":"<p>  Den namibiske politikeren Adolf Hitler Uunona (59) skifter navn for \u00e5 unng\u00e5 assosiasjoner til verdens mest kjente nazist.<\/p>\n<p>\n    Den namibiske politikeren Adolf Hitler Uunona fjerner mellomnavnet. Foto: Oshana Regional Council\n  <\/p>\n<p>\u00abHitler\u00bb blir n\u00e5 fjernet som mellomnavn i offentlige registre, melder avisen <a href=\"https:\/\/www.nysun.com\/article\/adolf-hitler-breezes-to-an-easy-reelection-in-namibia\" target=\"_blank\" rel=\"nofollow noopener\">The Namibian<\/a>.<\/p>\n<p>Det skjer etter at navnet har skapt overskrifter verden over de siste dagene.<\/p>\n<p>\u2013 Navnet mitt er ikke Adolf\u00a0Hitler, jeg heter Adolf Uunona. Jeg har sett folk kalle meg Adolf\u00a0Hitler\u00a0tidligere og pr\u00f8ver \u00e5 knytte meg til noen jeg ikke engang kjenner, sier Uunona til avisen.<\/p>\n<p>Han sier faren valgte navnet uten \u00e5 forst\u00e5 den historiske signifikansen fullt ut og har selv tatt avstand fra nazistisk ideologi.<\/p>\n<p> \u2013 Som barn var det et helt normalt navn. F\u00f8rst da jeg vokste opp forsto jeg at den mannen ville erobre hele verden. Jeg har ingenting med noe av det \u00e5 gj\u00f8re, sa den namibiske politikeren til tyske <a href=\"https:\/\/www.bild.de\/politik\/ausland-und-internationales\/imagewechsel-in-afrika-namibia-hitler-will-nicht-mehr-hitler-heissen-6927458cb4508c8851a5221e\" target=\"_blank\" rel=\"nofollow noopener\">Bild<\/a> i 2020.<\/p>\n<p>        REAGERER: En merkbar endring i Putins stemme har vakt oppsikt den siste tiden, Kreml kommenterer saken. Reporter: Vegard Kr\u00fcger. I studio: Arne B\u00e5rd Dalhaug. Video: X. <\/p>\n<p>Uunona er en lokal politiker i Ompundja i Oshana-regionen nord i det s\u00f8rvestafrikanske landet.<\/p>\n<p>Namibia var i flere ti\u00e5r en tysk koloni fram til S\u00f8r-Afrika okkuperte landet under f\u00f8rste verdenskrig i 1915, en stund f\u00f8r Adolf\u00a0Hitler\u00a0kom til makten i Tyskland.<\/p>\n","protected":false},"excerpt":{"rendered":"Den namibiske politikeren Adolf Hitler Uunona (59) skifter navn for \u00e5 unng\u00e5 assosiasjoner til verdens mest kjente nazist.&hellip;\n","protected":false},"author":2,"featured_media":100638,"comment_status":"","ping_status":"","sticky":false,"template":"","format":"standard","meta":{"footnotes":""},"categories":[12],"tags":[11636,20,21,24,25,15,22,23,12812,13,30,28,29,14,16,26,27,42,43,44,45],"class_list":{"0":"post-100637","1":"post","2":"type-post","3":"status-publish","4":"format-standard","5":"has-post-thumbnail","7":"category-verden","8":"tag-adolf-hitler","9":"tag-breaking-news","10":"tag-breakingnews","11":"tag-featured-news","12":"tag-featurednews","13":"tag-headlines","14":"tag-latest-news","15":"tag-latestnews","16":"tag-namibia","17":"tag-news","18":"tag-no","19":"tag-norge","20":"tag-norway","21":"tag-nyheter","22":"tag-overskrifter","23":"tag-top-stories","24":"tag-topstories","25":"tag-verden","26":"tag-world","27":"tag-world-news","28":"tag-worldnews"},"share_on_mastodon":{"url":"https:\/\/pubeurope.com\/@no\/115638864777070275","error":""},"_links":{"self":[{"href":"https:\/\/www.europesays.com\/no\/wp-json\/wp\/v2\/posts\/100637","targetHints":{"allow":["GET"]}}],"collection":[{"href":"https:\/\/www.europesays.com\/no\/wp-json\/wp\/v2\/posts"}],"about":[{"href":"https:\/\/www.europesays.com\/no\/wp-json\/wp\/v2\/types\/post"}],"author":[{"embeddable":true,"href":"https:\/\/www.europesays.com\/no\/wp-json\/wp\/v2\/users\/2"}],"replies":[{"embeddable":true,"href":"https:\/\/www.europesays.com\/no\/wp-json\/wp\/v2\/comments?post=100637"}],"version-history":[{"count":0,"href":"https:\/\/www.europesays.com\/no\/wp-json\/wp\/v2\/posts\/100637\/revisions"}],"wp:featuredmedia":[{"embeddable":true,"href":"https:\/\/www.europesays.com\/no\/wp-json\/wp\/v2\/media\/100638"}],"wp:attachment":[{"href":"https:\/\/www.europesays.com\/no\/wp-json\/wp\/v2\/media?parent=100637"}],"wp:term":[{"taxonomy":"category","embeddable":true,"href":"https:\/\/www.europesays.com\/no\/wp-json\/wp\/v2\/categories?post=100637"},{"taxonomy":"post_tag","embeddable":true,"href":"https:\/\/www.europesays.com\/no\/wp-json\/wp\/v2\/tags?post=100637"}],"curies":[{"name":"wp","href":"https:\/\/api.w.org\/{rel}","templated":true}]}}