{"id":100639,"date":"2025-11-30T13:23:10","date_gmt":"2025-11-30T13:23:10","guid":{"rendered":"https:\/\/www.europesays.com\/no\/100639\/"},"modified":"2025-11-30T13:23:10","modified_gmt":"2025-11-30T13:23:10","slug":"hermstad-det-er-stores-problem","status":"publish","type":"post","link":"https:\/\/www.europesays.com\/no\/100639\/","title":{"rendered":"Hermstad: &#8211; Det er St\u00f8res problem"},"content":{"rendered":"\n<p class=\"_paragraph_o9xde_4 _paragraph_xtcu6_10 layout-component text-serif-m layout-normal text-serif-m layout-padded\">\u2013 Det er St\u00f8re som m\u00e5 skaffe flertall for sitt budsjett. N\u00e5r de legger frem en budsjettenighet mellom tre partier som ikke har flertall, s\u00e5 er det deres problem og finne en l\u00f8sning. S\u00e5 det er bare \u00e5 ta kontakt om han  \u00f8nsker \u00e5 gj\u00f8re noe, sier Hermstad til VG.<\/p>\n<p class=\"_paragraph_o9xde_4 _paragraph_xtcu6_10 layout-component text-serif-m layout-normal text-serif-m layout-padded\">L\u00f8rdag sprakk det r\u00f8dgr\u00f8nne flertallet i forhandlingene om neste \u00e5rs statsbudsjett, s\u00e5 det suste.<\/p>\n<p class=\"_paragraph_o9xde_4 _paragraph_xtcu6_10 layout-component text-serif-m layout-normal text-serif-m layout-padded\">Mannen som skapte tuttifrutti-rystelsenetuttifrutti-rystelseneTuttifrutti er et uttrykk for det fargerike og skj\u00f8re politiske flertallet i Norge for tiden: Ap, Sp, MDG, SV og R\u00f8dt. som fikk de borgerlige partiene til \u00e5 gosse seggosse segRett og slett \u00e5 nyte andres ulykke &#8211; skadefryd., Arild Hermstad, og hans MDG, br\u00f8t forhandlingene med Ap l\u00f8rdag kveld.<\/p>\n<p class=\"_paragraph_o9xde_4 _paragraph_xtcu6_10 layout-component text-serif-m layout-normal text-serif-m layout-padded\">\u2013 Det var helt riktig \u00e5 g\u00e5. Dette budsjettet er s\u00e5 langt unna det klimaet trenger, at vi kan rett og slett ikke stemme for. Det er i hovedsak to grunner. Det ene er at forhandlingene har f\u00f8rt til \u00f8kte CO2-utslipp i forhold til det som l\u00e5 p\u00e5 bordet fra Arbeiderpartiet. I tillegg er det ingen begrensninger p\u00e5 oljeleting overhodet. <\/p>\n<p class=\"_paragraph_o9xde_4 _paragraph_xtcu6_10 layout-component text-serif-m layout-normal text-serif-m layout-padded\">\u2013 Forhandlingene er over, det blir ikke flere forhandlinger. Hva tenker du om Aps skjebne som regjeringsparti?<\/p>\n<p class=\"_paragraph_o9xde_4 _paragraph_xtcu6_10 layout-component text-serif-m layout-normal text-serif-m layout-padded\">\u2013 Dette har v\u00e6rt klart hele tiden. Det er St\u00f8re som m\u00e5 skaffe flertall for sitt budsjett. N\u00e5r de legger frem em budsjettenighet mellom tre partier som ikke har flertall, s\u00e5 er det deres problem \u00e5 finne en l\u00f8sning p\u00e5 det. Jeg har sagt til Jonas Gahr St\u00f8re at han har mitt telefonnummer og at det bare er \u00e5 ta kontakt hvis han \u00f8nsker \u00e5 gj\u00f8re noe med det. <\/p>\n<p><img decoding=\"async\" alt=\"Bilde av Jonas Gahr St\u00f8re (Ap)\" class=\"_image_ygndg_42\" height=\"27\" itemprop=\"image\" loading=\"lazy\"  src=\"https:\/\/www.europesays.com\/no\/wp-content\/uploads\/2025\/11\/e074756d-c2ae-425b-90c2-88e2280004cd\"  width=\"40\"\/><strong class=\"_name_ygndg_51 title-serif-xs\">Jonas Gahr St\u00f8re (Ap)<\/strong><\/p>\n<p class=\"_paragraph_o9xde_4 text-sans-m _description_ygndg_56\">Statsminister<\/p>\n<p>Stiller krav<\/p>\n<p class=\"_paragraph_o9xde_4 _paragraph_xtcu6_10 layout-component text-serif-m layout-normal text-serif-m layout-padded\">S\u00f8ndag satte han seg ned med VG for \u00e5 fortelle om partiets valg og om det er h\u00e5p i det hengende St\u00f8re-sn\u00f8re, om at MDG kan lokkes tilbake &#8211; inn i den r\u00f8dgr\u00f8nne varmen igjen.<\/p>\n<p class=\"_paragraph_o9xde_4 _paragraph_xtcu6_10 layout-component text-serif-m layout-normal text-serif-m layout-padded\">Rammen er dramatisk: <\/p>\n<p class=\"_paragraph_o9xde_4 _paragraph_xtcu6_10 layout-component text-serif-m layout-normal text-serif-m layout-padded\">Statsminister Jonas Gahr har bare st\u00f8tte fra Sp og R\u00f8dt for Aps forslag til statsbudsjett.<\/p>\n<p class=\"_paragraph_o9xde_4 _paragraph_xtcu6_10 layout-component text-serif-m layout-normal text-serif-m layout-padded\">SV vil gjerne forhandle videre, men St\u00f8re har sagt at forhandlingene er over og at det er avtalen med SP og SV som gjelder.<\/p>\n<p class=\"_paragraph_o9xde_4 _paragraph_xtcu6_10 layout-component text-serif-m layout-normal text-serif-m layout-padded\">Kilder i Ap sier til VG s\u00f8ndag at forhandlingsd\u00f8ren er lukket og l\u00e5st og n\u00f8kkelen kastet: <\/p>\n<p class=\"_paragraph_o9xde_4 _paragraph_xtcu6_10 layout-component text-serif-m layout-normal text-serif-m layout-padded\">Den eneste muligheten er at et flertall i stortingssalen vedtar \u00e5 endre\/utsette fristen for behandling av statsbudsjettet.<\/p>\n<p class=\"_paragraph_o9xde_4 _paragraph_xtcu6_10 layout-component text-serif-m layout-normal text-serif-m layout-padded\">\u2013 Hvis det er vilje fra Arbeiderpartiet , s\u00e5 tror jeg at salen kan stemme for det. Det er St\u00f8re som m\u00e5 flytte seg i v\u00e5r retning om han vil ha flertall for sitt budsjett, sier MDG-lederen.<\/p>\n<p><img alt=\"LUKKET: Forhandlingene om statsbudsjettet br\u00f8t sammen bak denne d\u00f8ren l\u00f8rdag.  Foto: Foto: BJ\u00d8RN HAUGAN\" class=\"_image_qp4xg_65 layout-component layout-normal\" data-fullscreen- data-track-element-type=\"Article image fullscreen\" data-track-name=\"ImageFullscreen\" decoding=\"async\" loading=\"lazy\" height=\"2518\" itemprop=\"image\"  src=\"https:\/\/www.europesays.com\/no\/wp-content\/uploads\/2025\/11\/4618ecf6-036b-4cf9-906d-57fde1f278e3\"  style=\"object-position:56.467889908256886% 50.77442414614774%\" width=\"3270\"\/>LUKKET: Forhandlingene om statsbudsjettet br\u00f8t sammen bak denne d\u00f8ren l\u00f8rdag.  Foto: Foto: BJ\u00d8RN HAUGANStemmer mot<\/p>\n<p class=\"_paragraph_o9xde_4 _paragraph_xtcu6_10 layout-component text-serif-m layout-normal text-serif-m layout-padded\">\u2013 Dere skal ha lagt frem et minsteforslag knyttet til olje. Hva var det?<\/p>\n<p class=\"_paragraph_o9xde_4 _paragraph_xtcu6_10 layout-component text-serif-m layout-normal text-serif-m layout-padded\">\u2013 Det har vi. Og vi har opplevd at hver gang vi har kommet med forslag, s\u00e5 kommer de tilbake og inviterer oss til \u00e5 stryke det ene forslaget etter det andre. Vi ahr v\u00e6rt ganske  fleksible og strukket oss ganske langt, men det g\u00e5r en grense, svarer Hermstad, som ikke \u00f8nsker \u00e5 kommentere detaljer.<\/p>\n<p class=\"_paragraph_o9xde_4 _paragraph_xtcu6_10 layout-component text-serif-m layout-normal text-serif-m layout-padded\">\u2013 Er klima viktigere enn St\u00f8re-regjeringen?<\/p>\n<p class=\"_paragraph_o9xde_4 _paragraph_xtcu6_10 layout-component text-serif-m layout-normal text-serif-m layout-padded\">\u2013 Hvis jeg kan si det veldig tabloid, s\u00e5 mener jeg det at hvis det som skal til er \u00e5 unng\u00e5 permanent klimakaos er at vi m\u00e5 gjennom en periode med regjeringskaos, s\u00e5 f\u00e5r det heller v\u00e6re. Det vil uansett v\u00e6re St\u00f8re sitt valg. Det vil overraske meg om St\u00f8re heller vil svekke klimapolitikken enn \u00e5 f\u00f8re landet ut i en regjeringskrise, svarer Hermstad.<\/p>\n<p class=\"_paragraph_o9xde_4 _paragraph_xtcu6_10 layout-component text-serif-m layout-normal text-serif-m layout-padded\">\u2013 S\u00e5 hvis det ikke foretas justeringer p\u00e5 Aps foralg, s\u00e5 stemmer dere imot?<\/p>\n<p class=\"_paragraph_o9xde_4 _paragraph_xtcu6_10 layout-component text-serif-m layout-normal text-serif-m layout-padded\">\u2013 Det er riktig, svarer Hermstad.<\/p>\n<p class=\"_paragraph_o9xde_4 _paragraph_xtcu6_10 layout-component text-serif-m layout-normal text-serif-m layout-padded\">\u2013 I forslaget som foreligger s\u00e5 stanser man gruvedrift p\u00e5 havbunnen. Hvis dere stemmer mot, s\u00e5 stemmer dere mot forslaget om stans i gruvedrift p\u00e5 havbunnen?<\/p>\n<p class=\"_paragraph_o9xde_4 _paragraph_xtcu6_10 layout-component text-serif-m layout-normal text-serif-m layout-padded\">\u2013 I virkeligheten s\u00e5 \u00f8nsker vi oss en havbunnsmineralseier, og at den bransjen ikke skal komme i gang. Men helheten i dette budsjettet, spesielt klimadelen. Det er ikke bare en sak som MDG brenner for, men som alle politiske partier har en tydelig politisk formulering p\u00e5. Ap har profilert seg p\u00e5 den saken i mange \u00e5r. Men n\u00e5r det kommer til stykket, s\u00e5 \u00f8nsker de en svekket klimapolitikk i Norge. Da kan ikke vi stemme for.<\/p>\n<p>\u2013 Situasjonen er kaotisk<\/p>\n<p class=\"_paragraph_o9xde_4 _paragraph_xtcu6_10 layout-component text-serif-m layout-normal text-serif-m layout-padded\">Hvis regjeringen velger \u00e5 stille kabinettssp\u00f8rsm\u00e5l basert p\u00e5 budsjettet som n\u00e5 foreligger, er det alts\u00e5 stor risiko for at de m\u00e5 g\u00e5 av, f\u00e5r VG opplyst.<\/p>\n<p class=\"_paragraph_o9xde_4 _paragraph_xtcu6_10 layout-component text-serif-m layout-normal text-serif-m layout-padded\">Da vil Frp-leder Sylvi Listhaug, som st\u00f8rste borgerlige parti, unders\u00f8ke om hun kan samle flertall for en borgerlig regjering.<\/p>\n<p class=\"_paragraph_o9xde_4 _paragraph_xtcu6_10 layout-component text-serif-m layout-normal text-serif-m layout-padded\">Det krever imidlertid at et av de r\u00f8dgr\u00f8nne partiene bytter side. Det har v\u00e6rt spekulasjoner om hvorvidt Sp er villige til \u00e5 krysse partistreken og samarbeide til h\u00f8yre.<\/p>\n<p class=\"_paragraph_o9xde_4 _paragraph_xtcu6_10 layout-component text-serif-m layout-normal text-serif-m layout-padded\">Dette er imidlertid lite sannsynlig, slik VG forst\u00e5r det.<\/p>\n<p class=\"_paragraph_o9xde_4 _paragraph_xtcu6_10 layout-component text-serif-m layout-normal text-serif-m layout-padded\">\u2013 Situasjonen er kaotisk. Definitivt. Dette er et stort problem for St\u00f8re, fordi han trenger et flertall for \u00e5 f\u00e5 budsjettet vedtatt, sier politisk redakt\u00f8r i VG, Fr\u00f8y Gudbrandsen.<\/p>\n<p><img decoding=\"async\" alt=\"Bilde av Sylvi Listhaug\" class=\"_image_ygndg_42\" height=\"29\" itemprop=\"image\" loading=\"lazy\"  src=\"https:\/\/www.europesays.com\/no\/wp-content\/uploads\/2025\/11\/594f55f4-e617-4ae8-86df-e09946d0c35c\"  width=\"40\"\/><strong class=\"_name_ygndg_51 title-serif-xs\">Sylvi Listhaug<\/strong><\/p>\n<p class=\"_paragraph_o9xde_4 text-sans-m _description_ygndg_56\">FrP-leder<\/p>\n<p>Nekter \u00e5 stemme for Frp-Listhaug<\/p>\n<p class=\"_paragraph_o9xde_4 _paragraph_xtcu6_10 layout-component text-serif-m layout-normal text-serif-m layout-padded\">Tilbake til kontoret til Arild Hermstad p\u00e5 Stortinget stiller VG flere sp\u00f8rsm\u00e5l:<\/p>\n<p class=\"_paragraph_o9xde_4 _paragraph_xtcu6_10 layout-component text-serif-m layout-normal text-serif-m layout-padded\">I en annen votering, alts\u00e5 en subsidi\u00e6r votering, vil dere kunne stemme for?<\/p>\n<p class=\"_paragraph_o9xde_4 _paragraph_xtcu6_10 layout-component text-serif-m layout-normal text-serif-m layout-padded\">\u2013 Nei. Det m\u00e5 skje noen endringer, for at vi skal kunne stemme for et budsjett fra St\u00f8re, svarer MDG-lederen.<\/p>\n<p class=\"_paragraph_o9xde_4 _paragraph_xtcu6_10 layout-component text-serif-m layout-normal text-serif-m layout-padded\">\u2013 Det inneb\u00e6rer at du tvinger frem at denne regjeringen m\u00e5 g\u00e5 av og Sylvi Listhaug er den som blir pekt p\u00e5 som leder av det st\u00f8rste borgerlige partiet.<\/p>\n<p class=\"_paragraph_o9xde_4 _paragraph_xtcu6_10 layout-component text-serif-m layout-normal text-serif-m layout-padded\">\u2013 Det vil v\u00e6re opp til St\u00f8re om han \u00f8nsker \u00e5 g\u00e5 den veien. Det er sikkert flere utfall av det. Men det uansett St\u00f8re som m\u00e5 ta stilling til det. Det er han som m\u00e5 ha flertall for sitt budsjett. Det hjelper ikke \u00e5 ha to andre partier med p\u00e5 den enigheten som man har i dag. <\/p>\n<p class=\"_paragraph_o9xde_4 _paragraph_xtcu6_10 layout-component text-serif-m layout-normal text-serif-m layout-padded\">\u2013 Du har sagt at dere ikke vil v\u00e6re med p\u00e5 \u00e5 innsette Listhaug som statsminister. Hvordan skal du klare \u00e5 skille mellom at St\u00f8re m\u00e5 g\u00e5 av og at hun ikke skal bli statsminister?<\/p>\n<p class=\"_paragraph_o9xde_4 _paragraph_xtcu6_10 layout-component text-serif-m layout-normal text-serif-m layout-padded\">\u2013 Igjen, det er opp til St\u00f8re. Vi kommer ikke til \u00e5 stemme for \u00e5 innsette Sylvi Listhaug som statsminister.<\/p>\n","protected":false},"excerpt":{"rendered":"\u2013 Det er St\u00f8re som m\u00e5 skaffe flertall for sitt budsjett. N\u00e5r de legger frem en budsjettenighet mellom&hellip;\n","protected":false},"author":2,"featured_media":100640,"comment_status":"","ping_status":"","sticky":false,"template":"","format":"standard","meta":{"footnotes":""},"categories":[10],"tags":[20,21,24,25,15,22,23,13,30,28,29,14,16,26,27],"class_list":{"0":"post-100639","1":"post","2":"type-post","3":"status-publish","4":"format-standard","5":"has-post-thumbnail","7":"category-norge","8":"tag-breaking-news","9":"tag-breakingnews","10":"tag-featured-news","11":"tag-featurednews","12":"tag-headlines","13":"tag-latest-news","14":"tag-latestnews","15":"tag-news","16":"tag-no","17":"tag-norge","18":"tag-norway","19":"tag-nyheter","20":"tag-overskrifter","21":"tag-top-stories","22":"tag-topstories"},"share_on_mastodon":{"url":"https:\/\/pubeurope.com\/@no\/115638868906688241","error":""},"_links":{"self":[{"href":"https:\/\/www.europesays.com\/no\/wp-json\/wp\/v2\/posts\/100639","targetHints":{"allow":["GET"]}}],"collection":[{"href":"https:\/\/www.europesays.com\/no\/wp-json\/wp\/v2\/posts"}],"about":[{"href":"https:\/\/www.europesays.com\/no\/wp-json\/wp\/v2\/types\/post"}],"author":[{"embeddable":true,"href":"https:\/\/www.europesays.com\/no\/wp-json\/wp\/v2\/users\/2"}],"replies":[{"embeddable":true,"href":"https:\/\/www.europesays.com\/no\/wp-json\/wp\/v2\/comments?post=100639"}],"version-history":[{"count":0,"href":"https:\/\/www.europesays.com\/no\/wp-json\/wp\/v2\/posts\/100639\/revisions"}],"wp:featuredmedia":[{"embeddable":true,"href":"https:\/\/www.europesays.com\/no\/wp-json\/wp\/v2\/media\/100640"}],"wp:attachment":[{"href":"https:\/\/www.europesays.com\/no\/wp-json\/wp\/v2\/media?parent=100639"}],"wp:term":[{"taxonomy":"category","embeddable":true,"href":"https:\/\/www.europesays.com\/no\/wp-json\/wp\/v2\/categories?post=100639"},{"taxonomy":"post_tag","embeddable":true,"href":"https:\/\/www.europesays.com\/no\/wp-json\/wp\/v2\/tags?post=100639"}],"curies":[{"name":"wp","href":"https:\/\/api.w.org\/{rel}","templated":true}]}}