{"id":100667,"date":"2025-11-30T14:07:08","date_gmt":"2025-11-30T14:07:08","guid":{"rendered":"https:\/\/www.europesays.com\/no\/100667\/"},"modified":"2025-11-30T14:07:08","modified_gmt":"2025-11-30T14:07:08","slug":"tre-menn-fremstilles-for-fengsling-etter-skyting-i-sandefjord","status":"publish","type":"post","link":"https:\/\/www.europesays.com\/no\/100667\/","title":{"rendered":"Tre menn fremstilles for fengsling etter skyting i Sandefjord"},"content":{"rendered":"\n<p>Politiet i S\u00f8r\u00f8st ber s\u00f8ndag retten om varetektsfengsling av tre menn. De tre er siktet etter skytingen i et boligomr\u00e5de i Sandefjord fredag kveld. <\/p>\n<p> De tre mennene er i 20-\u00e5rene, skriver <a href=\"https:\/\/www.nrk.no\/vestfoldogtelemark\/skytingen-i-sandefjord_-vil-fengsle-tre-menn-i-20-arene-1.17673119\" rel=\"nofollow noopener\" target=\"_blank\">NRK<\/a>. <\/p>\n<p>To personer har status som forn\u00e6rmet i saken, mens tre personer er siktet, bekrefter politiadvokat Lise Dalhaug ved S\u00f8r\u00f8st politidistrikt til NRK.<\/p>\n<p>Utover det \u00f8nsker ikke Dalhaug \u00e5 si noe som helst om hendelsen.<\/p>\n<p>P\u00e5talemyndigheten vil begj\u00e6re lukkede i de tre separate fengslingsm\u00f8tene i Drammen tingrett s\u00f8ndag.<\/p>\n<p>Det var litt f\u00f8r klokken 20:30 fredag kveld som politiet fikk melding om at det hadde blitt h\u00f8rt smell i den nordlige delen av Sandefjord sentrum.<\/p>\n<p>\u2013 Politiet kom rask til stedet og fikk bekreftet at det hadde blitt l\u00f8snet skudd fra et skytev\u00e5pen, skrev S\u00f8r\u00f8st politidistrikt i en pressemelding l\u00f8rdag.<\/p>\n<p>Ingen ble skadet i hendelsen.<\/p>\n","protected":false},"excerpt":{"rendered":"Politiet i S\u00f8r\u00f8st ber s\u00f8ndag retten om varetektsfengsling av tre menn. De tre er siktet etter skytingen i&hellip;\n","protected":false},"author":2,"featured_media":3844,"comment_status":"","ping_status":"","sticky":false,"template":"","format":"standard","meta":{"footnotes":""},"categories":[10],"tags":[20,21,24,25,15,22,23,13,30,28,29,14,16,26,27],"class_list":{"0":"post-100667","1":"post","2":"type-post","3":"status-publish","4":"format-standard","5":"has-post-thumbnail","7":"category-norge","8":"tag-breaking-news","9":"tag-breakingnews","10":"tag-featured-news","11":"tag-featurednews","12":"tag-headlines","13":"tag-latest-news","14":"tag-latestnews","15":"tag-news","16":"tag-no","17":"tag-norge","18":"tag-norway","19":"tag-nyheter","20":"tag-overskrifter","21":"tag-top-stories","22":"tag-topstories"},"share_on_mastodon":{"url":"https:\/\/pubeurope.com\/@no\/115639041743234822","error":""},"_links":{"self":[{"href":"https:\/\/www.europesays.com\/no\/wp-json\/wp\/v2\/posts\/100667","targetHints":{"allow":["GET"]}}],"collection":[{"href":"https:\/\/www.europesays.com\/no\/wp-json\/wp\/v2\/posts"}],"about":[{"href":"https:\/\/www.europesays.com\/no\/wp-json\/wp\/v2\/types\/post"}],"author":[{"embeddable":true,"href":"https:\/\/www.europesays.com\/no\/wp-json\/wp\/v2\/users\/2"}],"replies":[{"embeddable":true,"href":"https:\/\/www.europesays.com\/no\/wp-json\/wp\/v2\/comments?post=100667"}],"version-history":[{"count":0,"href":"https:\/\/www.europesays.com\/no\/wp-json\/wp\/v2\/posts\/100667\/revisions"}],"wp:featuredmedia":[{"embeddable":true,"href":"https:\/\/www.europesays.com\/no\/wp-json\/wp\/v2\/media\/3844"}],"wp:attachment":[{"href":"https:\/\/www.europesays.com\/no\/wp-json\/wp\/v2\/media?parent=100667"}],"wp:term":[{"taxonomy":"category","embeddable":true,"href":"https:\/\/www.europesays.com\/no\/wp-json\/wp\/v2\/categories?post=100667"},{"taxonomy":"post_tag","embeddable":true,"href":"https:\/\/www.europesays.com\/no\/wp-json\/wp\/v2\/tags?post=100667"}],"curies":[{"name":"wp","href":"https:\/\/api.w.org\/{rel}","templated":true}]}}