{"id":100689,"date":"2025-11-30T14:31:17","date_gmt":"2025-11-30T14:31:17","guid":{"rendered":"https:\/\/www.europesays.com\/no\/100689\/"},"modified":"2025-11-30T14:31:17","modified_gmt":"2025-11-30T14:31:17","slug":"juleshow-ulrikke-brandstorp-her-synger-ulrikke-brandstorp-fra-kirkebenken-utrolig-publikum","status":"publish","type":"post","link":"https:\/\/www.europesays.com\/no\/100689\/","title":{"rendered":"Juleshow, Ulrikke Brandstorp | Her synger Ulrikke Brandstorp fra kirkebenken: \u2013 Utrolig publikum"},"content":{"rendered":"\n<p>En nesten halvannen times lang konsert g\u00e5r mot slutten i T\u00f8nsberg domkirke.<\/p>\n<p>\u2013 Vi har \u00e9n sang igjen, sier Ulrikke Brandstorp og sammen med sanger Sindre Fl\u00f8istad tar hun plass ute blant publikum i kirkebenkene.<\/p>\n<p>Snart er det gospelstemning i Domkirken. De to st\u00e5r p\u00e5 hver sin kirkebenk og synger, f\u00f8r de danser seg ut i midtgangen. Det hele avsluttes med st\u00e5ende applaus fra publikum.<\/p>\n<p>(Artikkelen fortsetter under bildekarusellen.)<\/p>\n<p>  <a data-static=\"\" href=\"#skip-\" class=\"brick-c-fgNmNC\">Hopp over karusellen.<\/a><\/p>\n<p data-static=\"\" class=\"brick-c-fgNmNC\" id=\"carousel-title-\">Innholdskarusell med 6 artikler.<\/p>\n<ul data-static=\"\" class=\"contents-wrapper\" data-contents-wrapper=\"\" tabindex=\"0\" data-min-slides-to-show=\"1\" aria-label=\"Skrollbart innhold\">\n<li data-static=\"\" data-content-wrapper=\"\" data-content-item=\"\" tabindex=\"-1\" aria-label=\"Artikkel 1\">\n<p>   <img decoding=\"async\" width=\"5632\" height=\"3692\" fetchpriority=\"low\"  loading=\"lazy\"  src=\"https:\/\/www.europesays.com\/no\/wp-content\/uploads\/2025\/11\/Ulrikke10.jpg\" alt=\"\" class=\"brick-c-cFOWSL\" style=\"--brick-image-ratio: 5632 \/ 3692;\"\/><\/p>\n<p>Ulrikke Brandstorp holdt konsert i T\u00f8nsberg domkirke under Domkirkefestivalen. Her sammen med Sindre Fl\u00f8istad<\/p>\n<p>Foto: Knut-Erik Lahn<\/p>\n<\/li>\n<li data-static=\"\" data-content-wrapper=\"\" data-content-item=\"\" tabindex=\"-1\" aria-label=\"Artikkel 2\">\n<p>   <img decoding=\"async\" width=\"5368\" height=\"3752\" fetchpriority=\"low\"  loading=\"lazy\"  src=\"https:\/\/www.europesays.com\/no\/wp-content\/uploads\/2025\/11\/Ulrikke1.jpg\" alt=\"\" class=\"brick-c-cFOWSL\" style=\"--brick-image-ratio: 5368 \/ 3752;\"\/><\/p>\n<p>Ulrikke Brandstorp holdt konsert i T\u00f8nsberg domkirke under Domkirkefestivalen.<\/p>\n<p>Foto: Knut-Erik Lahn<\/p>\n<\/li>\n<li data-static=\"\" data-content-wrapper=\"\" data-content-item=\"\" tabindex=\"-1\" aria-label=\"Artikkel 3\">\n<p>   <img decoding=\"async\" width=\"5200\" height=\"3704\" fetchpriority=\"low\"  loading=\"lazy\"  src=\"https:\/\/www.europesays.com\/no\/wp-content\/uploads\/2025\/11\/Ulrikke2.jpg\" alt=\"\" class=\"brick-c-cFOWSL\" style=\"--brick-image-ratio: 5200 \/ 3704;\"\/><\/p>\n<p>Ulrikke Brandstorp holdt konsert i T\u00f8nsberg domkirke under Domkirkefestivalen.<\/p>\n<p>Foto: Knut-Erik Lahn<\/p>\n<\/li>\n<li data-static=\"\" data-content-wrapper=\"\" data-content-item=\"\" tabindex=\"-1\" aria-label=\"Artikkel 4\">\n<p>   <img decoding=\"async\" width=\"5728\" height=\"3872\" fetchpriority=\"low\"  loading=\"lazy\"  src=\"https:\/\/www.europesays.com\/no\/wp-content\/uploads\/2025\/11\/Ulrikke7.jpg\" alt=\"\" class=\"brick-c-cFOWSL\" style=\"--brick-image-ratio: 5728 \/ 3872;\"\/><\/p>\n<p>Karianne Saxegaard (fra venstre), Camilla Saxegaard, Emilie N\u00e6rdal og Bente N\u00e6rdal koste seg.<\/p>\n<p>Foto: Knut-Erik Lahn<\/p>\n<\/li>\n<li data-static=\"\" data-content-wrapper=\"\" data-content-item=\"\" tabindex=\"-1\" aria-label=\"Artikkel 5\">\n<p>   <img decoding=\"async\" width=\"5356\" height=\"3321\" fetchpriority=\"low\"  loading=\"lazy\"  src=\"https:\/\/www.europesays.com\/no\/wp-content\/uploads\/2025\/11\/Ulrikke11.jpg\" alt=\"\" class=\"brick-c-cFOWSL\" style=\"--brick-image-ratio: 5356 \/ 3321;\"\/><\/p>\n<p>Ulrikke Brandstorp holdt konsert i T\u00f8nsberg domkirke under Domkirkefestivalen.<\/p>\n<p>Foto: Knut-Erik Lahn<\/p>\n<\/li>\n<li data-static=\"\" data-content-wrapper=\"\" data-content-item=\"\" tabindex=\"-1\" aria-label=\"Artikkel 6\">\n<p>   <img decoding=\"async\" width=\"4720\" height=\"3465\" fetchpriority=\"low\"  loading=\"lazy\"  src=\"https:\/\/www.europesays.com\/no\/wp-content\/uploads\/2025\/11\/Ulrikke3.jpg\" alt=\"\" class=\"brick-c-cFOWSL\" style=\"--brick-image-ratio: 4720 \/ 3465;\"\/><\/p>\n<p>Ulrikke Brandstorp sto for gl\u00f8gg og pepperkaker til publikum.<\/p>\n<p>Foto: Knut-Erik Lahn<\/p>\n<\/li>\n<\/ul>\n<p>  \u2013 Leken og uh\u00f8ytidelig<\/p>\n<p>Bente N\u00e6rdal og Karianne Saxegaard er blant publikummerne som skryter av artistene etter konserten.<\/p>\n<p>\u2013 Det var helt fantastisk. De to stemmene sammen var s\u00e5 flott, sier Karianne.<\/p>\n<p>Bente er enig.<\/p>\n<p><b>\u2013 Hun er s\u00e5 leken og uh\u00f8ytidelig. Samtidig tok hun oss gjennom hele f\u00f8lelsesregisteret, vi lo og gr\u00e5t, sier hun.<\/b><\/p>\n<p>\u2013 Ulrikke er ekte og personlig, sier Karianne.<\/p>\n<p>(Artikkelen fortsetter under bildet.)<\/p>\n<p>   <img decoding=\"async\" width=\"6016\" height=\"3692\" fetchpriority=\"low\"  loading=\"lazy\"  src=\"https:\/\/www.europesays.com\/no\/wp-content\/uploads\/2025\/11\/Ulrikke8.jpg\" alt=\"\" class=\"brick-c-cFOWSL\" style=\"--brick-image-ratio: 6016 \/ 3692;\"\/><\/p>\n<p>      SKRYT: Karianne Saxegaard (til venstre) og Bente N\u00e6rdal skryter av konserten.<br \/>\n      Foto: Knut-Erik Lahn\n    <\/p>\n<p>  \u2013 Fantastisk publikum<\/p>\n<p>Etter konserten puster Ulrikke Brandstorp ut i sakristiet. Hun har sunget, showet, danset i midtgangen og delt personlige historier \u2013 fra f\u00f8dselen sin til hva jula betyr for henne.<\/p>\n<p>\u2013 Det er mange som sier julekonsertene mine ikke ble helt som det de trodde p\u00e5 forh\u00e5nd. Mange forventer en salig stemning, men jeg er meg sj\u00e6l. P\u00e5 godt og vondt, sier hun og ler.<\/p>\n<p><b>\u2013 Her skal folk f\u00e5 slappe av, men oppleve hele f\u00f8lelsesspennet.<\/b><\/p>\n<p>(Artikkelen fortsetter under bildet.)<\/p>\n<p>   <img decoding=\"async\" width=\"4996\" height=\"3716\" fetchpriority=\"low\"  loading=\"lazy\"  src=\"https:\/\/www.europesays.com\/no\/wp-content\/uploads\/2025\/11\/Ulrikke6.jpg\" alt=\"\" class=\"brick-c-cFOWSL\" style=\"--brick-image-ratio: 4996 \/ 3716;\"\/><\/p>\n<p>      MER SKRYT: Ulrikke Brandstorp fikk en stor opplevelse i Domkirken.<br \/>\n      Foto: Knut-Erik Lahn\n    <\/p>\n<p>Derfor synes hun det er ekstra stas med tilbakemeldingen fra de to i publikum. Og Ulrikke skryter tilbake.<\/p>\n<p>\u2013 Dette var et fantastisk publikum, jeg ble helt tatt p\u00e5 senga. Noen ganger oppst\u00e5r det en skikkelig \u00abconnection\u00bb og publikum blir nesten som et ekstra medlem av bandet. Slik var det i kveld. Denne konserten g\u00e5r rett inn i minneboka mi, sier Ulrikke.<\/p>\n<p>20-\u00e5rs jubileum<\/p>\n<p>Denne konserten \u2013 \u00abUlrikkes jul\u00bb \u2013 var den andre i rekken av \u00e5rets Domkirkefestival som varer helt fram til 21. desember.<\/p>\n<p>Domkirkefestivalen ble arrangert for f\u00f8rste gang i 2005, og kan dermed feire 20-\u00e5rsjubileum i \u00e5r.<\/p>\n<p>\u2013 S\u00e5 g\u00f8y med jubileum. Dette er et bra arrangement, og det er fint at noen gj\u00f8r noe ekstra i denne perioden f\u00f8r jul. Og s\u00e5 er det ikke alle som gleder seg til jul, da er det fint at det er slike opplevelser som dette der folk kan puste litt ut, senke skuldrene og en stund glemme det som skjer utenfor kirkerommet, sier Ulrikke, og legger til:<\/p>\n<p><b>\u2013 Jeg h\u00e5per de holder p\u00e5 i minst 20 \u00e5r til.<\/b><\/p>\n<p>   <img decoding=\"async\" width=\"5656\" height=\"3872\" fetchpriority=\"low\"  loading=\"lazy\"  src=\"https:\/\/www.europesays.com\/no\/wp-content\/uploads\/2025\/11\/Ulrikke4.jpg\" alt=\"\" class=\"brick-c-cFOWSL\" style=\"--brick-image-ratio: 5656 \/ 3872;\"\/><\/p>\n<p>      SANGVENNER: Sindre Fl\u00f8istad og Ulrikke Brandstorp ble venner da begge sang i forestillingen \u00abMamma Mia\u00bb. \u2013 Jeg m\u00e5tte bare ha ham med p\u00e5 forestillingen, sier Ulrikke.<br \/>\n      Foto: Knut-Erik Lahn\n    <\/p>\n","protected":false},"excerpt":{"rendered":"En nesten halvannen times lang konsert g\u00e5r mot slutten i T\u00f8nsberg domkirke. \u2013 Vi har \u00e9n sang igjen,&hellip;\n","protected":false},"author":2,"featured_media":100690,"comment_status":"","ping_status":"","sticky":false,"template":"","format":"standard","meta":{"footnotes":""},"categories":[58],"tags":[36,71,9391,30,28,29,1510,431,430,4388,72],"class_list":{"0":"post-100689","1":"post","2":"type-post","3":"status-publish","4":"format-standard","5":"has-post-thumbnail","7":"category-underholdning","8":"tag-art","9":"tag-entertainment","10":"tag-juleshow","11":"tag-no","12":"tag-norge","13":"tag-norway","14":"tag-story","15":"tag-tonsberg","16":"tag-tonsberg-domkirke","17":"tag-ulrikke-brandstorp","18":"tag-underholdning"},"share_on_mastodon":{"url":"https:\/\/pubeurope.com\/@no\/115639136109524467","error":""},"_links":{"self":[{"href":"https:\/\/www.europesays.com\/no\/wp-json\/wp\/v2\/posts\/100689","targetHints":{"allow":["GET"]}}],"collection":[{"href":"https:\/\/www.europesays.com\/no\/wp-json\/wp\/v2\/posts"}],"about":[{"href":"https:\/\/www.europesays.com\/no\/wp-json\/wp\/v2\/types\/post"}],"author":[{"embeddable":true,"href":"https:\/\/www.europesays.com\/no\/wp-json\/wp\/v2\/users\/2"}],"replies":[{"embeddable":true,"href":"https:\/\/www.europesays.com\/no\/wp-json\/wp\/v2\/comments?post=100689"}],"version-history":[{"count":0,"href":"https:\/\/www.europesays.com\/no\/wp-json\/wp\/v2\/posts\/100689\/revisions"}],"wp:featuredmedia":[{"embeddable":true,"href":"https:\/\/www.europesays.com\/no\/wp-json\/wp\/v2\/media\/100690"}],"wp:attachment":[{"href":"https:\/\/www.europesays.com\/no\/wp-json\/wp\/v2\/media?parent=100689"}],"wp:term":[{"taxonomy":"category","embeddable":true,"href":"https:\/\/www.europesays.com\/no\/wp-json\/wp\/v2\/categories?post=100689"},{"taxonomy":"post_tag","embeddable":true,"href":"https:\/\/www.europesays.com\/no\/wp-json\/wp\/v2\/tags?post=100689"}],"curies":[{"name":"wp","href":"https:\/\/api.w.org\/{rel}","templated":true}]}}