{"id":100698,"date":"2025-11-30T14:48:09","date_gmt":"2025-11-30T14:48:09","guid":{"rendered":"https:\/\/www.europesays.com\/no\/100698\/"},"modified":"2025-11-30T14:48:09","modified_gmt":"2025-11-30T14:48:09","slug":"mystisk-ankomst-av-palestinere-i-sor-afrika-nrk-urix-utenriksnyheter-og-dokumentarer","status":"publish","type":"post","link":"https:\/\/www.europesays.com\/no\/100698\/","title":{"rendered":"Mystisk ankomst av palestinere i S\u00f8r-Afrika \u2013 NRK Urix \u2013 Utenriksnyheter og -dokumentarer"},"content":{"rendered":"<p>Tidligere i november landet et fly fra Gaza p\u00e5 OR Tambo flyplass i Johannesburg.<\/p>\n<p>Om bord var 153 palestinere. De hadde gyldige pass, men ingen utreisestempler.<\/p>\n<p>Myndighetene i S\u00f8r-Afrika visste ikke hvor de kom fra \u2013 eller hvorfor de kom.<\/p>\n<p>President Cyril Ramaphosa beskriver dem som \u00abmennesker fra Gaza som p\u00e5 en eller annen mystisk m\u00e5te ble satt p\u00e5 et fly.\u00bb<\/p>\n<p><img decoding=\"async\"   src=\"data:image\/gif;base64,R0lGODlhAQABAIAAAAAAAP\/\/\/yH5BAEAAAAALAAAAAABAAEAAAIBRAA7\" loading=\"eager\" alt=\"Palestinas ambassad\u00f8r til S\u00f8r-Afrika, Hanan Jarrar, og flere palestinere ombord fly i S\u00f8r-Afrika\" title=\"Foto: Palestinas ambassade i S\u00f8r-Afrika\/Facebook\/ Reuters \/ NTB\"\/><\/p>\n<p class=\"\">Palestinas ambassad\u00f8r til S\u00f8r-Afrika, Hanan Jarrar, m\u00f8tte de tilreisende palestinerne om bord charterflyet, som landet i Johannesburg 13. november. <\/p>\n<p>Foto: Palestinas ambassade i S\u00f8r-Afrika\/Facebook\/ Reuters \/ NTB<\/p>\n<p>Regjeringen er \u00abmistenksom\u00bb,<a href=\"http:\/\/www.africanews.com\/2025\/11\/18\/south-africa-says-charter-flight-carrying-palestinians-is-part-of-plan-to-empty-gaza\/\" ec-id=\"http:\/\/www.africanews.com\/2025\/11\/18\/south-africa-says-charter-flight-carrying-palestinians-is-part-of-plan-to-empty-gaza\/\" ec-name=\"sier\" rel=\"nofollow noopener\" target=\"_blank\"> sier <\/a>utenriksminister Ronald Lamola.<\/p>\n<p><strong>Han mener flyene inng\u00e5r i en israelsk plan om \u00e5 fjerne palestinere fra Gaza og Vestbredden.<\/strong><\/p>\n<p>\u2013 Godtok \u00e5 ta i mot dem<\/p>\n<p>Den israelske versjonen av hendelsen er en helt annen.<\/p>\n<p>If\u00f8lge Al-Jazeera <a href=\"https:\/\/www.aljazeera.com\/podcasts\/2025\/11\/21\/the-take-how-are-palestinians-from-gaza-ending-up-in-south-africa\" ec-id=\"https:\/\/www.aljazeera.com\/podcasts\/2025\/11\/21\/the-take-how-are-palestinians-from-gaza-ending-up-in-south-africa\" ec-name=\"kaller\" rel=\"nofollow noopener\" target=\"_blank\">kaller <\/a>Israel palestinernes reise for \u00abfrivillig emigrasjon\u00bb.<\/p>\n<p>Det israelske myndighetsorganet COGAT sier at palestinerne fikk forlate Gaza \u00abetter at COGAT hadde f\u00e5tt godkjenning fra et tredjeland om \u00e5 motta dem\u00bb.<\/p>\n<p>En talsperson fra dette organet, <a href=\"http:\/\/www.france24.com\/en\/middle-east\/20251115-israel-army-gazans-palestinian-refugees-south-africa-mystery-plane-granted-entry-ramaphosa?utm_source=chatgpt.com\" ec-id=\"http:\/\/www.france24.com\/en\/middle-east\/20251115-israel-army-gazans-palestinian-refugees-south-africa-mystery-plane-granted-entry-ramaphosa\" ec-name=\"sier\" rel=\"nofollow noopener\" target=\"_blank\">sier<\/a> til France24, at det nevnte tredjelandet var S\u00f8r-Afrika.<\/p>\n<p>COGAT er det israelske organet som h\u00e5ndterer sivile saker i de palestinske omr\u00e5dene.<\/p>\n<p><img decoding=\"async\"   src=\"data:image\/gif;base64,R0lGODlhAQABAIAAAAAAAP\/\/\/yH5BAEAAAAALAAAAAABAAEAAAIBRAA7\" loading=\"eager\" alt=\"En palestinsk mann i S\u00f8r-Afrika \" title=\"Foto: Siphiwe Sibeko \/ Reuters \/ NTB\"\/><\/p>\n<p class=\"\">Denne mannen er en av palestinerne som landet i Johannesburg 13. november. De manglet stempel i passet, som viste hvor de kom fra, men fikk omsider slippe ut av flyet. <\/p>\n<p>Foto: Siphiwe Sibeko \/ Reuters \/ NTB<\/p>\n<p>Ikke f\u00f8rste fly fra Gaza<\/p>\n<p>Palestinere kan normalt v\u00e6re tre m\u00e5neder i S\u00f8r-Afrika uten visum.<\/p>\n<p>Men fordi ingen kunne bekrefte hvor passasjerene kom fra, fikk de ikke forlate flyet. Uten mat, vann eller frisk luft ble de sittende der i 12 timer. <\/p>\n<p>Etter press fra en lokal hjelpeorganisasjon fikk 130 av passasjerene 90 dagers visum. Resten reiste videre til andre land.<\/p>\n<p>Charterflyene er utvilsomt del av en st\u00f8rre israelsk plan, mener Alon Liel. Han er tidligere Israels ambassad\u00f8r til S\u00f8r-Afrika.<\/p>\n<p>\u2013 Dette er israelsk politikk, sier Liel.<\/p>\n<p>Flere fly til S\u00f8r-Afrika<\/p>\n<p>Liel er overbevist om at Israel vil ha Gazastripen for seg selv \u2013 helst uten palestinerne.<\/p>\n<p>Den tidligere ambassad\u00f8ren har for lengst avsluttet sine oppdrag for myndighetene, og tar avstand fra dem.<\/p>\n<p><img decoding=\"async\"   src=\"data:image\/gif;base64,R0lGODlhAQABAIAAAAAAAP\/\/\/yH5BAEAAAAALAAAAAABAAEAAAIBRAA7\" loading=\"eager\" alt=\"Alon Liel\" title=\"Foto: Sigurd Falkenberg Mikkelsen\"\/><\/p>\n<p class=\"\">Alon Liel er tidligere Israels ambassad\u00f8r til S\u00f8r-Afrika. <\/p>\n<p>Foto: Sigurd Falkenberg Mikkelsen<\/p>\n<p><strong>Liel mener flyene inng\u00e5r i en utvikling som kan ligne etnisk rensing \u2013 og p\u00e5peker at dette ikke er det f\u00f8rste.<\/strong><\/p>\n<p>Den f\u00f8rste gruppen reiste i mai i \u00e5r. Da fraktet flyselskapet Fly Lili palestinere til Indonesia og Malaysia.<\/p>\n<p>I slutten av oktober kom nok et fly. 176 palestinere landet i Johannesburg, noen reiste videre til andre land.<\/p>\n<p>Hvordan har de klart \u00e5 komme seg ut av Gaza?<\/p>\n<p><img decoding=\"async\"   src=\"data:image\/gif;base64,R0lGODlhAQABAIAAAAAAAP\/\/\/yH5BAEAAAAALAAAAAABAAEAAAIBRAA7\" loading=\"eager\" alt=\"Bildet viser en \u00f8delagt by med sammenraste bygninger. En enslig person g\u00e5r ned en grusvei mellom ruinene. Himlen er delvis skyet, og det er et \u00f8delagt bybilde i bakgrunnen. Bildet illustrerer konsekvensene av v\u00e6pnet konflikt i omr\u00e5det.\" title=\"Foto: Reuters\"\/><\/p>\n<p class=\"\">Det har v\u00e6rt n\u00e6rmest umulig for palestinere \u00e5 forlate Gaza under krigen. Dette bildet er fra oktober.<\/p>\n<p>Foto: Reuters<\/p>\n<p>Betalte tusenvis av dollar<\/p>\n<p>Det viser seg at en organisasjon, kalt <a href=\"https:\/\/www.almajdeurope.org\/\" ec-id=\"https:\/\/www.almajdeurope.org\/\" ec-name=\"Al-Majd\" rel=\"nofollow noopener\" target=\"_blank\">Al-Majd<\/a>, tilrettelegger for reisene.<\/p>\n<p>Na\u2019eem Jeenah, direkt\u00f8r ved forskningsinstituttet Afro-Middle East Centre i Johannesburg, har snakket med flere av familiene som kom med flyet.<\/p>\n<p>Han sier palestinerne fikk WhatsApp-meldinger om \u00e5 registrere seg p\u00e5 nettiden Al-Majd. Slik ble de lovet hjelp til \u00e5 komme seg ut av Gaza.<\/p>\n<p>\u2013 De betalte mellom 1500 og 5000 dollar. Etter det fikk de beskjed om hvor de skulle m\u00f8te bussene, sier Jeenah.<\/p>\n<p>I en WhatsApp-gruppe fikk de flere reisedetaljer. De m\u00f8tte opp til bussene i Gaza, og ble kj\u00f8rt til Ramon-flyplassen i S\u00f8r-Israel.<\/p>\n<p>Ingen visste hvor de skulle ende opp \u2013 bare at de ville bli fl\u00f8yet ut av Gaza, sier Jeenah.<\/p>\n<p>Flaut for S\u00f8r-Afrika?<\/p>\n<p>S\u00f8r-Afrika har lenge vist stor sympati for palestinerne. I fjor <a href=\"http:\/\/www.nrk.no\/nyheter\/sor-afrika-seier-dei-har-leverert-bevis-mot-israel-1.17101787\" ec-id=\"pp:article:1.17101787\" ec-name=\"anklaget\" rel=\"nofollow noopener\" target=\"_blank\">anklaget<\/a> landet Israel for folkemord p\u00e5 Gazastripen.<\/p>\n<p>Jeenah mener flyvningene kan v\u00e6re et fors\u00f8k p\u00e5 \u00e5 ydmyke S\u00f8r-Afrika ved \u00e5 si:<\/p>\n<p><strong>\u00abSe, dere st\u00f8tter Palestina, men vil ikke ta dem imot\u00bb.<\/strong><\/p>\n<p>Skal ha bedt forsvaret om hjelp<\/p>\n<p>Den palestinske ambassaden i S\u00f8r-Afrika<a href=\"http:\/\/www.bbc.com\/news\/articles\/cp3dgkx419qo\" ec-id=\"http:\/\/www.bbc.com\/news\/articles\/cp3dgkx419qo\" ec-name=\"omtaler\" rel=\"nofollow noopener\" target=\"_blank\"> omtaler<\/a> Al Majd som \u00aben uregistrert og villedende organisasjon\u00bb som har utnyttet situasjonen, lurt familier, samlet inn penger og organisert reisene p\u00e5 en uansvarlig m\u00e5te.<\/p>\n<p><img decoding=\"async\"   src=\"data:image\/gif;base64,R0lGODlhAQABAIAAAAAAAP\/\/\/yH5BAEAAAAALAAAAAABAAEAAAIBRAA7\" loading=\"eager\" alt=\"En palestinsk kvinne koker te i ruinene i Khan Younis\" title=\"Foto: Ramadan Abed \/ Reuters \/ NTB\"\/><\/p>\n<p class=\"\">Akkurat n\u00e5 er det v\u00e5penhvile p\u00e5 Gazastripen, men det blir likevel meldt om israelske angrep. <\/p>\n<p>Foto: Ramadan Abed \/ Reuters \/ NTB<\/p>\n<p>P\u00e5 egne <a href=\"http:\/\/www.almajdeurope.org\/\" ec-id=\"http:\/\/www.almajdeurope.org\/\" ec-name=\"nettsider\" rel=\"nofollow noopener\" target=\"_blank\">nettsider <\/a>beskriver Al-Majd seg derimot som en hjelpeorganisasjon som vil palestinere vel, med m\u00e5l om \u00e5 \u00abyte bistand og hjelpe muslimske samfunn i konflikt- og krigssoner\u00bb.<\/p>\n<p>Likevel finnes ikke noe kontor p\u00e5 adressen organisasjonen oppgir i \u00d8st-Jerusalem.<\/p>\n<p><img decoding=\"async\"   src=\"data:image\/gif;base64,R0lGODlhAQABAIAAAAAAAP\/\/\/yH5BAEAAAAALAAAAAABAAEAAAIBRAA7\" loading=\"eager\" alt=\"To personer st\u00e5r ved et skilt som viser &quot;Sheikh Jarrah&quot;. En eldre kvinne med rullator er if\u00f8rt en lys jakke og hodeplagg. En mann i svart, med hatt og frakk, g\u00e5r forbi mens han bruker mobiltelefonen. Palmtr\u00e6r og en bygning kan sees i bakgrunnen.\" title=\"Foto: AHMAD GHARABLI \/ AFP \/ NTB\"\/><\/p>\n<p class=\"\">Adressen Al-Majd har f\u00f8rt opp p\u00e5 nettsiden sin, ledet bare til et nabolag i Sheikh Jarrah i \u00d8st-Jerusalem. Det var ingen kontorer \u00e5 finne, skriver Haaretz. <\/p>\n<p>Foto: AHMAD GHARABLI \/ AFP \/ NTB<\/p>\n<p>Avisen <a href=\"https:\/\/www.haaretz.com\/israel-news\/security-aviation\/2025-11-16\/ty-article\/.premium\/shadowy-firm-run-by-an-israeli-estonian-has-gotten-hundreds-of-palestinians-out-of-gaza\/0000019a-8c8f-d1cc-a9df-efdfff320000?fromLogin=success\" ec-id=\"https:\/\/www.haaretz.com\/israel-news\/security-aviation\/2025-11-16\/ty-article\/.premium\/shadowy-firm-run-by-an-israeli-estonian-has-gotten-hundreds-of-palestinians-out-of-gaza\/0000019a-8c8f-d1cc-a9df-efdfff320000\" ec-name=\"Haaretz\" rel=\"nofollow noopener\" target=\"_blank\">Haaretz<\/a> har gransket organisasjonen og funnet at Tomer Janar Lind, en mann med b\u00e5de israelsk og estisk statsborgerskap, st\u00e5r bak Al-Majd Europe.<\/p>\n<p><strong>Avisen skriver at Israels \u00abfrivillige emigrasjonsbyr\u00e5\u00bb som er under Forsvarsdepartementet, har bedt forsvaret om hjelp til \u00e5 koordinere utreisene.<\/strong><\/p>\n<p>Det israelske milit\u00e6re organet COGAT kontrollerer hvem som f\u00e5r reise ut av Gaza.<\/p>\n<p>I en uttalelse skriver de at \u00abinnbyggerne forlot Gazastripen etter at COGAT fikk godkjenning fra et tredje land om at de ville bli tatt imot\u00bb, skriver <a href=\"https:\/\/www.bbc.com\/news\/articles\/cp3dgkx419qo\" ec-id=\"https:\/\/www.bbc.com\/news\/articles\/cp3dgkx419qo\" ec-name=\"BBC\" rel=\"nofollow noopener\" target=\"_blank\">BBC<\/a>.<\/p>\n<p>Testballong fra Israel<\/p>\n<p>Israel sier S\u00f8r-Afrika hadde godkjent \u00e5 ta imot de 153 palestinerne. S\u00f8r-Afrika hevder de ikke kjente til flygingene.<\/p>\n<p>\u2013 Det er bisart. Mer enn noe annet, sier Yossi Mekelberg, seniorforsker ved tankesmien Chatham House og ekspert p\u00e5 israelsk-afrikanske relasjoner, til NRK.<\/p>\n<p>Han mener flyene kan v\u00e6re en politisk testballong fra Israel.<\/p>\n<p>\u2013 Kanskje pr\u00f8ver man \u00e5 teste bakken og se hvordan S\u00f8r-Afrika og verden reagerer.<\/p>\n<p><img decoding=\"async\"   src=\"data:image\/gif;base64,R0lGODlhAQABAIAAAAAAAP\/\/\/yH5BAEAAAAALAAAAAABAAEAAAIBRAA7\" loading=\"eager\" alt=\"Professor Yossi Mekelberg\" title=\"Foto: Chatham House\"\/><\/p>\n<p class=\"\">Yossi Mekelberg er ekspert p\u00e5 israelsk utenrikspolitikk med fokus p\u00e5 Afrika. <\/p>\n<p>Foto: Chatham House<\/p>\n<p>Direkt\u00f8ren ved Afro-Middle East Centre, Jeenah, mener det gir S\u00f8r-Afrika et vanskelig dilemma:<\/p>\n<p>\u2013 Det sto 150 mennesker p\u00e5 rullebanen som var p\u00e5 flukt, sier han.<\/p>\n<p><strong>Men:<\/strong><\/p>\n<p><strong>\u2013 S\u00f8r-Afrika vil ikke v\u00e6re del av et etnisk rensingsprosjekt.<\/strong><\/p>\n<p>Landet vil derfor ikke ta imot flere.<\/p>\n<p><img decoding=\"async\"   src=\"data:image\/gif;base64,R0lGODlhAQABAIAAAAAAAP\/\/\/yH5BAEAAAAALAAAAAABAAEAAAIBRAA7\" loading=\"eager\" alt=\"Demonstranter mot vold mot palestinere g\u00e5r forbi veggmaleri av Nelson Mandela\" title=\"Foto: Esa Alexander \/ Reuters \/ NTB\"\/><\/p>\n<p class=\"\">Den s\u00f8rafrikanske st\u00f8tten til palestinerne er sterk og har vart lenge. Tidlig p\u00e5 1990 tallet erkl\u00e6rte frihetskjemperen Nelson Mandela sin st\u00f8tte til Palestina-saken.<\/p>\n<p>Foto: Esa Alexander \/ Reuters \/ NTB<\/p>\n<p>Den tidligere israelske ambassad\u00f8ren, Alon Liel, tror likevel ikke S\u00f8r-Afrika har sett sitt siste fly.<\/p>\n<p>Skal det stoppe, m\u00e5 visumreglene strammes inn, sier han.<\/p>\n<p>Publisert<\/p>\n<p>30.11.2025, kl. 15.15<\/p>\n<p>Oppdatert<\/p>\n<p>30.11.2025, kl. 15.47<\/p>\n","protected":false},"excerpt":{"rendered":"Tidligere i november landet et fly fra Gaza p\u00e5 OR Tambo flyplass i Johannesburg. Om bord var 153&hellip;\n","protected":false},"author":2,"featured_media":100699,"comment_status":"","ping_status":"","sticky":false,"template":"","format":"standard","meta":{"footnotes":""},"categories":[12],"tags":[20,21,24,25,15,22,23,13,30,28,29,14,16,26,27,42,43,44,45],"class_list":{"0":"post-100698","1":"post","2":"type-post","3":"status-publish","4":"format-standard","5":"has-post-thumbnail","7":"category-verden","8":"tag-breaking-news","9":"tag-breakingnews","10":"tag-featured-news","11":"tag-featurednews","12":"tag-headlines","13":"tag-latest-news","14":"tag-latestnews","15":"tag-news","16":"tag-no","17":"tag-norge","18":"tag-norway","19":"tag-nyheter","20":"tag-overskrifter","21":"tag-top-stories","22":"tag-topstories","23":"tag-verden","24":"tag-world","25":"tag-world-news","26":"tag-worldnews"},"share_on_mastodon":{"url":"https:\/\/pubeurope.com\/@no\/115639202802123965","error":""},"_links":{"self":[{"href":"https:\/\/www.europesays.com\/no\/wp-json\/wp\/v2\/posts\/100698","targetHints":{"allow":["GET"]}}],"collection":[{"href":"https:\/\/www.europesays.com\/no\/wp-json\/wp\/v2\/posts"}],"about":[{"href":"https:\/\/www.europesays.com\/no\/wp-json\/wp\/v2\/types\/post"}],"author":[{"embeddable":true,"href":"https:\/\/www.europesays.com\/no\/wp-json\/wp\/v2\/users\/2"}],"replies":[{"embeddable":true,"href":"https:\/\/www.europesays.com\/no\/wp-json\/wp\/v2\/comments?post=100698"}],"version-history":[{"count":0,"href":"https:\/\/www.europesays.com\/no\/wp-json\/wp\/v2\/posts\/100698\/revisions"}],"wp:featuredmedia":[{"embeddable":true,"href":"https:\/\/www.europesays.com\/no\/wp-json\/wp\/v2\/media\/100699"}],"wp:attachment":[{"href":"https:\/\/www.europesays.com\/no\/wp-json\/wp\/v2\/media?parent=100698"}],"wp:term":[{"taxonomy":"category","embeddable":true,"href":"https:\/\/www.europesays.com\/no\/wp-json\/wp\/v2\/categories?post=100698"},{"taxonomy":"post_tag","embeddable":true,"href":"https:\/\/www.europesays.com\/no\/wp-json\/wp\/v2\/tags?post=100698"}],"curies":[{"name":"wp","href":"https:\/\/api.w.org\/{rel}","templated":true}]}}