{"id":100750,"date":"2025-11-30T16:06:47","date_gmt":"2025-11-30T16:06:47","guid":{"rendered":"https:\/\/www.europesays.com\/no\/100750\/"},"modified":"2025-11-30T16:06:47","modified_gmt":"2025-11-30T16:06:47","slug":"trump-benader-honduras-narkodomte-ekspresident","status":"publish","type":"post","link":"https:\/\/www.europesays.com\/no\/100750\/","title":{"rendered":"Trump ben\u00e5der Honduras&#8217; narkod\u00f8mte ekspresident"},"content":{"rendered":"<p>I et innlegg p\u00e5 <a target=\"_blank\" href=\"https:\/\/truthsocial.com\/@realDonaldTrump\/posts\/115629406693931908\" rel=\"noopener nofollow\">Truth Social<\/a> erkl\u00e6rte Trump st\u00f8tte til Nasry Asfura i presidentvalget i Honduras, bare f\u00e5 dager f\u00f8r valget. Asfura tilh\u00f8rer Hernandez&#8217; sterkt h\u00f8yreorienterte parti, men Asfura tar selv avstand fra ham.<\/p>\n<p>\u2013 Jeg har ingen forbindelser med Hernandez. Han var president, partiet har ingen ansvar for hans personlige handlinger, sier Asfura til AFP etter at ben\u00e5dingen ble kjent.<\/p>\n<p class=\"subhead\" data-element-type=\"subhead\" data-element-label=\"Mellomtittel\">Innblanding<\/p>\n<p>Trump truer ogs\u00e5 med \u00e5 kutte i USAs \u00f8konomiske st\u00f8tte til landet dersom hans foretrukne kandidat ikke vinner.<\/p>\n<p>Nyhetsbyr\u00e5et AFP omtaler det som en betydelig innblanding i landets politikk.<\/p>\n<p>Hernandez var president i to perioder fra 2014 til 2022 og ble utlevert til USA bare uker etter at han forlot embetet.<\/p>\n<p><b>En domstol i New York d\u00f8mte ham i mars 2024 for \u00e5 ha bidratt i smuglingen av hundrevis av tonn kokain siden 2004, lenge f\u00f8r han ble president. Narkotikaen kom hovedsakelig fra Colombia og Venezuela til USA via Honduras.<\/b><\/p>\n<p>Han ble d\u00f8mt for \u00e5 ha mottatt bestikkelser for \u00e5 beskytte narkotikaforsendelser til USA \u2013 for kriminelle som han hadde et offentlig uttalt m\u00e5l om \u00e5 bekjempe.<\/p>\n<p class=\"subhead\" data-element-type=\"subhead\" data-element-label=\"Mellomtittel\">Maktmisbruk<\/p>\n<p>Trump liker \u00e5 framstille seg selv som en som f\u00f8rer en streng narkotikapolitikk, skriver nyhetsbyr\u00e5et Reuters, blant annet overfor Venezuela, Mexico og Kina.<\/p>\n<p><b>Tidligere justisminister i USA, Merrick Garland, sa i fjor at Hernandez hadde misbrukt sin makt til \u00e5 st\u00f8tte en av de st\u00f8rste og mest voldelige narkokartellene i verden.<\/b><\/p>\n<p>I sitt innlegg fredag sier Trump at Hernandez er blitt behandlet sv\u00e6rt r\u00f8ft og urettferdig, if\u00f8lge mange mennesker som den amerikanske presidenten har stor respekt for. Han har ikke utdypet noe om hva eller hvem.<\/p>\n","protected":false},"excerpt":{"rendered":"I et innlegg p\u00e5 Truth Social erkl\u00e6rte Trump st\u00f8tte til Nasry Asfura i presidentvalget i Honduras, bare f\u00e5&hellip;\n","protected":false},"author":2,"featured_media":100751,"comment_status":"","ping_status":"","sticky":false,"template":"","format":"standard","meta":{"footnotes":""},"categories":[5],"tags":[20,21,24,25,15,19,22,23,17,18,13,30,28,29,14,16,26,27],"class_list":{"0":"post-100750","1":"post","2":"type-post","3":"status-publish","4":"format-standard","5":"has-post-thumbnail","7":"category-overskrifter","8":"tag-breaking-news","9":"tag-breakingnews","10":"tag-featured-news","11":"tag-featurednews","12":"tag-headlines","13":"tag-hovedoppslag","14":"tag-latest-news","15":"tag-latestnews","16":"tag-main-news","17":"tag-mainnews","18":"tag-news","19":"tag-no","20":"tag-norge","21":"tag-norway","22":"tag-nyheter","23":"tag-overskrifter","24":"tag-top-stories","25":"tag-topstories"},"share_on_mastodon":{"url":"https:\/\/pubeurope.com\/@no\/115639513472012686","error":""},"_links":{"self":[{"href":"https:\/\/www.europesays.com\/no\/wp-json\/wp\/v2\/posts\/100750","targetHints":{"allow":["GET"]}}],"collection":[{"href":"https:\/\/www.europesays.com\/no\/wp-json\/wp\/v2\/posts"}],"about":[{"href":"https:\/\/www.europesays.com\/no\/wp-json\/wp\/v2\/types\/post"}],"author":[{"embeddable":true,"href":"https:\/\/www.europesays.com\/no\/wp-json\/wp\/v2\/users\/2"}],"replies":[{"embeddable":true,"href":"https:\/\/www.europesays.com\/no\/wp-json\/wp\/v2\/comments?post=100750"}],"version-history":[{"count":0,"href":"https:\/\/www.europesays.com\/no\/wp-json\/wp\/v2\/posts\/100750\/revisions"}],"wp:featuredmedia":[{"embeddable":true,"href":"https:\/\/www.europesays.com\/no\/wp-json\/wp\/v2\/media\/100751"}],"wp:attachment":[{"href":"https:\/\/www.europesays.com\/no\/wp-json\/wp\/v2\/media?parent=100750"}],"wp:term":[{"taxonomy":"category","embeddable":true,"href":"https:\/\/www.europesays.com\/no\/wp-json\/wp\/v2\/categories?post=100750"},{"taxonomy":"post_tag","embeddable":true,"href":"https:\/\/www.europesays.com\/no\/wp-json\/wp\/v2\/tags?post=100750"}],"curies":[{"name":"wp","href":"https:\/\/api.w.org\/{rel}","templated":true}]}}