{"id":100816,"date":"2025-11-30T18:00:13","date_gmt":"2025-11-30T18:00:13","guid":{"rendered":"https:\/\/www.europesays.com\/no\/100816\/"},"modified":"2025-11-30T18:00:13","modified_gmt":"2025-11-30T18:00:13","slug":"sa-spennende-som-vi-kunne-dromme-om","status":"publish","type":"post","link":"https:\/\/www.europesays.com\/no\/100816\/","title":{"rendered":"\u2013 S\u00e5 spennende som vi kunne dr\u00f8mme om"},"content":{"rendered":"\n<p class=\"_lead_o9xde_2 _lead_xtcu6_50 layout-component text-serif-m layout-normal text-serif-l layout-component layout-wide layout-padded _wide_17hqh_1 layout-padded\">Max Verstappen vant Qatar Grand Prix og har fortsatt en mulighet til \u00e5 bli verdensmester i Formel 1 for 2025.<\/p>\n<p> <img class=\"_image_qp4xg_65 layout-component layout-wide\" data-fullscreen- data-track-element-type=\"Article image fullscreen\" data-track-name=\"ImageFullscreen\" fetchpriority=\"high\" decoding=\"sync\" loading=\"eager\" height=\"102\" itemprop=\"image\"  src=\"https:\/\/www.europesays.com\/no\/wp-content\/uploads\/2025\/11\/efbaac55972738868445801e54afd2cf.jpg\"  style=\"object-position:50% 50%;aspect-ratio:1.75;height:auto;object-fit:cover;width:100%\" width=\"102\"\/>  <\/p>\n<ul aria-hidden=\"true\" class=\"_images_1uft6_111\">\n<li><a class=\"_link_1uft6_116\" href=\"https:\/\/www.vg.no\/forfatter\/ole-kristian-stroem\" style=\"z-index:1\" title=\"Ole Kristian Str\u00f8m\" rel=\"nofollow noopener\" target=\"_blank\"><img alt=\"Bilde av Ole Kristian Str\u00f8m\" class=\"_image_1uft6_93\" fetchpriority=\"low\" loading=\"lazy\" decoding=\"async\" itemprop=\"image\"  src=\"https:\/\/www.europesays.com\/no\/wp-content\/uploads\/2025\/11\/1764525613_190_dd65a725-93c8-4bec-9c8b-df4ed88aa4f8\"  width=\"480\"\/><\/a><\/li>\n<\/ul>\n<p> Oppdatert s\u00f8ndag 30. november kl. 18:56     <\/p>\n<p class=\"_paragraph_o9xde_4 _paragraph_xtcu6_10 layout-component text-serif-m layout-normal text-serif-m layout-padded\">Foran den siste VM-runden leder Lando Norris (26) med bare 12 poeng foran Verstappen (28) og med Oscar Piastri (24) 16 poeng bak Norris (henholdsvis 408\u2013396\u2013392).<\/p>\n<p class=\"_paragraph_o9xde_4 _paragraph_xtcu6_10 layout-component text-serif-m layout-normal text-serif-m layout-padded\">Verstappen har tatt VM-gullet de fire siste \u00e5rene.<\/p>\n<p class=\"_paragraph_o9xde_4 _paragraph_xtcu6_10 layout-component text-serif-m layout-normal text-serif-m layout-padded\">\u2013 Dette er s\u00e5 spennende som vi kunne dr\u00f8mme om, sier Viaplay-ekspert Thomas Schie p\u00e5 direkten.<\/p>\n<p class=\"_paragraph_o9xde_4 _paragraph_xtcu6_10 layout-component text-serif-m layout-normal text-serif-m layout-padded\">\u2013 Begynner Lando Norris \u00e5 bli stresset n\u00e5, sp\u00f8r kommentator Atle Gulbrandsen underveis.<\/p>\n<p class=\"_paragraph_o9xde_4 _paragraph_xtcu6_10 layout-component text-serif-m layout-normal text-serif-m layout-padded\">Normalt sett b\u00f8r Norris ro iland sin f\u00f8rste VM-tittel i Abu Dhabi neste helg, men det avhenger av at han klarer \u00e5 holde nervene under kontroll.<\/p>\n<p class=\"_paragraph_o9xde_4 _paragraph_xtcu6_10 layout-component text-serif-m layout-normal text-serif-m layout-padded\">Om Verstappen vinner i Abu Dhabi, m\u00e5 Norris bli nummer fire eller d\u00e5rligere for at nederlenderen skal forsvare VM-tittelen.<\/p>\n<p class=\"_paragraph_o9xde_4 _paragraph_xtcu6_10 layout-component text-serif-m layout-normal text-serif-m layout-padded\">\u2013 Det er fortsatt mulig \u00e5 vinne, men jeg bryr meg ikke s\u00e5 mye om det, sier Verstappen i et intervju vist p\u00e5 Viaplay.<\/p>\n<p class=\"_paragraph_o9xde_4 _paragraph_xtcu6_10 layout-component text-serif-m layout-normal text-serif-m layout-padded\">\u2013 McLaren rotet dette til, selv om jeg skj\u00f8nner at det var vanskelig, sier Thomas Schie \u2013 og sikter til McLarens stoppstrategi ved det f\u00f8rste dekkbyttet.<\/p>\n<p class=\"_paragraph_o9xde_4 _paragraph_xtcu6_10 layout-component text-serif-m layout-normal text-serif-m layout-padded\">Piastri (McLaren) hadde beste startspor med Lando Norris (McLaren) ved sin side og med <a href=\"https:\/\/www.vg.no\/tag\/max-verstappen?utm_source=vg-article&amp;utm_medium=auto-tagger&amp;utm_campaign=k0W96B\" class=\"_link_o9xde_39\" rel=\"nofollow noopener\" target=\"_blank\">Max Verstappen<\/a> (Red Bull) i tredje beste startspor.<\/p>\n<p class=\"_paragraph_o9xde_4 _paragraph_xtcu6_10 layout-component text-serif-m layout-normal text-serif-m layout-padded\">Det var enorme forventninger til selve starten, fordi Verstappen hadde ikke noe \u00e5 tape. Norris p\u00e5 sin side hadde mye \u00e5 tape.<\/p>\n<p class=\"_paragraph_o9xde_4 _paragraph_xtcu6_10 layout-component text-serif-m layout-normal text-serif-m layout-padded\">Og: Verstappen kj\u00f8rte forbi Norris inn i f\u00f8rste sving. Det var perfekt for Piastri, som tok f\u00f8ringen i l\u00f8pet.<\/p>\n<p class=\"_paragraph_o9xde_4 _paragraph_xtcu6_10 layout-component text-serif-m layout-normal text-serif-m layout-padded\">Allerede etter syv runder m\u00e5tte sikkerhetsbilen inn. Verstappen valgte da \u00e5 g\u00e5 inn og gjennomf\u00f8re sitt f\u00f8rste depotstopp, mens de to McLaren-f\u00f8rerne ble v\u00e6rende p\u00e5 banen. <\/p>\n<p class=\"_paragraph_o9xde_4 _paragraph_xtcu6_10 layout-component text-serif-m layout-normal text-serif-m layout-padded\">\u2013 Litt merkelig at ikke McLaren reagerer, sier Schie p\u00e5 direkten.<\/p>\n<p class=\"_paragraph_o9xde_4 _paragraph_xtcu6_10 layout-component text-serif-m layout-normal text-serif-m layout-padded\">De to McLaren-f\u00f8rerne var faktisk de eneste som ikke byttet dekk, og Verstappen l\u00e5 derfor som nummer tre i restarten.<\/p>\n<p class=\"_paragraph_o9xde_4 _paragraph_xtcu6_10 layout-component text-serif-m layout-normal text-serif-m layout-padded\">Dermed overtok Verstappen ledelsen i l\u00f8pet da Piastri og Norris gikk inn til dekkbytte etter 25 runder. Etter at alle f\u00f8rerne hadde gjennomf\u00f8rt to depotstopp, ledet Verstappen foran Piastri &#8211; og med Norris helt nede p\u00e5 5. plass.<\/p>\n<p class=\"_paragraph_o9xde_4 _paragraph_xtcu6_10 layout-component text-serif-m layout-normal text-serif-m layout-padded\">Verstappen vant l\u00f8pet foran Piastri og Carlos Sainz og med Norris p\u00e5 4. plass &#8211; etter at Norris passerte Kimi Antonelli (Mercedes) helt p\u00e5 slutten. <\/p>\n<p class=\"_paragraph_o9xde_4 _paragraph_xtcu6_10 layout-component text-serif-m layout-normal text-serif-m layout-padded\">\u2013 Ville Mercedes hjelpe McLaren? Jeg har vondt for \u00e5 tro at Antonelli slapp Norris foran seg frivillig, sier Atle Gulbrandsen.<\/p>\n<p class=\"_paragraph_o9xde_4 _paragraph_xtcu6_10 layout-component text-serif-m layout-normal text-serif-m layout-padded\">Reprisen viste at det var en f\u00f8rertabbe av Antonelli.<\/p>\n<p class=\"_paragraph_o9xde_4 _paragraph_xtcu6_10 layout-component text-serif-m layout-normal text-serif-m layout-padded\">Oscar Piastri vant l\u00f8rdagens sprintl\u00f8p. F\u00f8r s\u00f8ndagens l\u00f8p hadde Norris 22 poengs ledelse til Piastri og 25 poeng til Verstappen. <\/p>\n<p class=\"_paragraph_o9xde_4 _paragraph_xtcu6_10 layout-component text-serif-m layout-normal text-serif-m layout-padded\">VM avsluttes i Abu Dhabi neste helg. Der er det bare hovedl\u00f8p.<\/p>\n<p>Qatar Grand Prix<\/p>\n<p class=\"_paragraph_o9xde_4 _paragraph_xtcu6_10 _paragraph_16v91_10 layout-component text-serif-m layout-normal text-sans-m layout-padded\">1. Verstappen (Red Bull).<\/p>\n<p class=\"_paragraph_o9xde_4 _paragraph_xtcu6_10 _paragraph_16v91_10 layout-component text-serif-m layout-normal text-sans-m layout-padded\">2. Piastri (McLaren).<\/p>\n<p class=\"_paragraph_o9xde_4 _paragraph_xtcu6_10 _paragraph_16v91_10 layout-component text-serif-m layout-normal text-sans-m layout-padded\">3. Sainz (Williams).<\/p>\n<p class=\"_paragraph_o9xde_4 _paragraph_xtcu6_10 _paragraph_16v91_10 layout-component text-serif-m layout-normal text-sans-m layout-padded\">4. Norris (McLaren).<\/p>\n<p class=\"_paragraph_o9xde_4 _paragraph_xtcu6_10 _paragraph_16v91_10 layout-component text-serif-m layout-normal text-sans-m layout-padded\">5. Antonelli (Mercedes).<\/p>\n<p class=\"_paragraph_o9xde_4 _paragraph_xtcu6_10 _paragraph_16v91_10 layout-component text-serif-m layout-normal text-sans-m layout-padded\">6. Russell (Mercedes).<\/p>\n<p class=\"_paragraph_o9xde_4 _paragraph_xtcu6_10 _paragraph_16v91_10 layout-component text-serif-m layout-normal text-sans-m layout-padded\">7. Alonso (Aston Martin).<\/p>\n<p class=\"_paragraph_o9xde_4 _paragraph_xtcu6_10 _paragraph_16v91_10 layout-component text-serif-m layout-normal text-sans-m layout-padded\">8. Leclerc (Ferrari).<\/p>\n<p class=\"_paragraph_o9xde_4 _paragraph_xtcu6_10 _paragraph_16v91_10 layout-component text-serif-m layout-normal text-sans-m layout-padded\">9. Lawson (RB).<\/p>\n<p class=\"_paragraph_o9xde_4 _paragraph_xtcu6_10 _paragraph_16v91_10 layout-component text-serif-m layout-normal text-sans-m layout-padded\">10. Tsunoda (Red Bull).<\/p>\n<p class=\"_paragraph_o9xde_4 _paragraph_xtcu6_10 _paragraph_16v91_10 layout-component text-serif-m layout-normal text-sans-m layout-padded\">11. Albon (Williams).<\/p>\n<p class=\"_paragraph_o9xde_4 _paragraph_xtcu6_10 _paragraph_16v91_10 layout-component text-serif-m layout-normal text-sans-m layout-padded\">12. Hamilton (Ferrari).<\/p>\n<p class=\"_paragraph_o9xde_4 _paragraph_xtcu6_10 _paragraph_16v91_10 layout-component text-serif-m layout-normal text-sans-m layout-padded\">13. Bortoleto (Sauber).<\/p>\n<p class=\"_paragraph_o9xde_4 _paragraph_xtcu6_10 _paragraph_16v91_10 layout-component text-serif-m layout-normal text-sans-m layout-padded\">14. Colapinto (Alpine).<\/p>\n<p class=\"_paragraph_o9xde_4 _paragraph_xtcu6_10 _paragraph_16v91_10 layout-component text-serif-m layout-normal text-sans-m layout-padded\">15. Ocon (Haas).<\/p>\n<p>Vis mer<\/p>\n<p class=\"_paragraph_o9xde_4 _paragraph_xtcu6_10 layout-component text-serif-m layout-normal text-serif-m layout-padded\">Qatar Grand Prix gikk over 57 runder med to dekkbytter underveis.<\/p>\n<p class=\"_paragraph_o9xde_4 _paragraph_xtcu6_10 layout-component text-serif-m layout-normal text-serif-m layout-padded\">Red Bull-r\u00e5dgiver Helmut Marko bekreftet f\u00f8r start at de hadde byttet til en nygammel motor i bilen til Verstappen.<\/p>\n<p class=\"_paragraph_o9xde_4 _paragraph_xtcu6_10 layout-component text-serif-m layout-normal text-serif-m layout-padded\">\u2013 Det har blitt mer og mer vibrasjoner, forklarte Marko. <\/p>\n<p class=\"_paragraph_o9xde_4 _paragraph_xtcu6_10 layout-component text-serif-m layout-normal text-serif-m layout-padded\">Ferrari hadde en forferdelig helg. Charles Leclerc startet som nummer 10 og Lewis Hamilton som nummer 17. Leclerc kj\u00f8rte i m\u00e5l som nummer \u00e5tte, Hamilton som nummer 12.<\/p>\n","protected":false},"excerpt":{"rendered":"Max Verstappen vant Qatar Grand Prix og har fortsatt en mulighet til \u00e5 bli verdensmester i Formel 1&hellip;\n","protected":false},"author":2,"featured_media":100817,"comment_status":"","ping_status":"","sticky":false,"template":"","format":"standard","meta":{"footnotes":""},"categories":[59],"tags":[2026,4627,4626,1120,30,28,29,12675,83,82],"class_list":{"0":"post-100816","1":"post","2":"type-post","3":"status-publish","4":"format-standard","5":"has-post-thumbnail","7":"category-sport","8":"tag-formel-1","9":"tag-lando-norris","10":"tag-max-verstappen","11":"tag-motorsport","12":"tag-no","13":"tag-norge","14":"tag-norway","15":"tag-oscar-piastri","16":"tag-sport","17":"tag-sports"},"share_on_mastodon":{"url":"https:\/\/pubeurope.com\/@no\/115639958033767799","error":""},"_links":{"self":[{"href":"https:\/\/www.europesays.com\/no\/wp-json\/wp\/v2\/posts\/100816","targetHints":{"allow":["GET"]}}],"collection":[{"href":"https:\/\/www.europesays.com\/no\/wp-json\/wp\/v2\/posts"}],"about":[{"href":"https:\/\/www.europesays.com\/no\/wp-json\/wp\/v2\/types\/post"}],"author":[{"embeddable":true,"href":"https:\/\/www.europesays.com\/no\/wp-json\/wp\/v2\/users\/2"}],"replies":[{"embeddable":true,"href":"https:\/\/www.europesays.com\/no\/wp-json\/wp\/v2\/comments?post=100816"}],"version-history":[{"count":0,"href":"https:\/\/www.europesays.com\/no\/wp-json\/wp\/v2\/posts\/100816\/revisions"}],"wp:featuredmedia":[{"embeddable":true,"href":"https:\/\/www.europesays.com\/no\/wp-json\/wp\/v2\/media\/100817"}],"wp:attachment":[{"href":"https:\/\/www.europesays.com\/no\/wp-json\/wp\/v2\/media?parent=100816"}],"wp:term":[{"taxonomy":"category","embeddable":true,"href":"https:\/\/www.europesays.com\/no\/wp-json\/wp\/v2\/categories?post=100816"},{"taxonomy":"post_tag","embeddable":true,"href":"https:\/\/www.europesays.com\/no\/wp-json\/wp\/v2\/tags?post=100816"}],"curies":[{"name":"wp","href":"https:\/\/api.w.org\/{rel}","templated":true}]}}