{"id":100818,"date":"2025-11-30T18:04:12","date_gmt":"2025-11-30T18:04:12","guid":{"rendered":"https:\/\/www.europesays.com\/no\/100818\/"},"modified":"2025-11-30T18:04:12","modified_gmt":"2025-11-30T18:04:12","slug":"nyheter-jem-fix-det-fixet-seg-bra-for-sanne-20","status":"publish","type":"post","link":"https:\/\/www.europesays.com\/no\/100818\/","title":{"rendered":"Nyheter, Jem &#038; Fix | Det \u00abfixet\u00bb seg bra for Sanne (20)"},"content":{"rendered":"<p>      Nyheter, Jem &amp; Fix | Det \u00abfixet\u00bb seg bra for Sanne (20)<\/p>\n<p>        <a href=\"#main-content-begin\" class=\"maelstrom-skip-link\"><br \/>\n    G\u00e5 til sidens hovedinnhold<br \/>\n<\/a><\/p>\n<p>   <img decoding=\"async\" width=\"4506\" height=\"3208\" fetchpriority=\"high\"  loading=\"eager\"  src=\"https:\/\/www.europesays.com\/no\/wp-content\/uploads\/2025\/11\/Jem-7.jpg\" alt=\"\" class=\"brick-c-cFOWSL\" style=\"--brick-image-ratio: 4506 \/ 3208;\"\/><\/p>\n<p>      Sanne Johansen trives godt hos Jem &amp; Fix.<br \/>\n      Foto: Hans-Petter Kj\u00f8ge\n    <\/p>\n<p data-content=\"lead-text\" class=\"lead-text story brick-c-eOZvhA\">\n<p>          Som 16-\u00e5ring tok Sanne Johansen studiespesialisering p\u00e5 Porsnes, og tjente en slant p\u00e5 si som vikar hos nyetablerte Jem &amp; Fix. Det ga mersmak. Som 20-\u00e5ring er hun n\u00e5 fast ansatt.\n      <\/p>\n<p>    Plussmerking. Denne artikkelen kan bare leses av abonenter<\/p>\n<p>  For abonnenter<\/p>\n<p>          Til toppen<\/p>\n<p>    <a href=\"https:\/\/www.ha-halden.no\/\" class=\"logo\" rel=\"nofollow noopener\" target=\"_blank\"><br \/>\n        <img decoding=\"async\" src=\"https:\/\/assets.acdn.no\/local\/v3\/publications\/www.ha-halden.no\/gfx\/small.svg\" alt=\"G\u00e5 til Halden Arbeiderblad hovedside\" height=\"66\" width=\"auto\" loading=\"lazy\"\/><br \/>\n    <\/a><\/p>\n<p>Halden Arbeiderblad \u00a9 2025<\/p>\n<p>    <a href=\"https:\/\/www.redaktor.no\/ressurser\/temaer\/redaktoransvar\" rel=\"noopener nofollow\" target=\"_blank\"><br \/>\n        <img decoding=\"async\" alt=\"G\u00e5 til redaktor.no for \u00e5 lese om redakt\u00f8ransvar\" class=\"redaktoransvar\" src=\"https:\/\/r.acdn.no\/brandheader\/default\/redaktoransvar.svg\" height=\"85\" width=\"85\" loading=\"lazy\"\/><br \/>\n    <\/a><\/p>\n","protected":false},"excerpt":{"rendered":"Nyheter, Jem &amp; Fix | Det \u00abfixet\u00bb seg bra for Sanne (20) G\u00e5 til sidens hovedinnhold Sanne Johansen&hellip;\n","protected":false},"author":2,"featured_media":100819,"comment_status":"","ping_status":"","sticky":false,"template":"","format":"standard","meta":{"footnotes":""},"categories":[56],"tags":[60,61,62,30,28,29],"class_list":{"0":"post-100818","1":"post","2":"type-post","3":"status-publish","4":"format-standard","5":"has-post-thumbnail","7":"category-naeringsliv","8":"tag-business","9":"tag-economy","10":"tag-naeringsliv","11":"tag-no","12":"tag-norge","13":"tag-norway"},"share_on_mastodon":{"url":"https:\/\/pubeurope.com\/@no\/115639973746106730","error":""},"_links":{"self":[{"href":"https:\/\/www.europesays.com\/no\/wp-json\/wp\/v2\/posts\/100818","targetHints":{"allow":["GET"]}}],"collection":[{"href":"https:\/\/www.europesays.com\/no\/wp-json\/wp\/v2\/posts"}],"about":[{"href":"https:\/\/www.europesays.com\/no\/wp-json\/wp\/v2\/types\/post"}],"author":[{"embeddable":true,"href":"https:\/\/www.europesays.com\/no\/wp-json\/wp\/v2\/users\/2"}],"replies":[{"embeddable":true,"href":"https:\/\/www.europesays.com\/no\/wp-json\/wp\/v2\/comments?post=100818"}],"version-history":[{"count":0,"href":"https:\/\/www.europesays.com\/no\/wp-json\/wp\/v2\/posts\/100818\/revisions"}],"wp:featuredmedia":[{"embeddable":true,"href":"https:\/\/www.europesays.com\/no\/wp-json\/wp\/v2\/media\/100819"}],"wp:attachment":[{"href":"https:\/\/www.europesays.com\/no\/wp-json\/wp\/v2\/media?parent=100818"}],"wp:term":[{"taxonomy":"category","embeddable":true,"href":"https:\/\/www.europesays.com\/no\/wp-json\/wp\/v2\/categories?post=100818"},{"taxonomy":"post_tag","embeddable":true,"href":"https:\/\/www.europesays.com\/no\/wp-json\/wp\/v2\/tags?post=100818"}],"curies":[{"name":"wp","href":"https:\/\/api.w.org\/{rel}","templated":true}]}}