{"id":100820,"date":"2025-11-30T18:07:44","date_gmt":"2025-11-30T18:07:44","guid":{"rendered":"https:\/\/www.europesays.com\/no\/100820\/"},"modified":"2025-11-30T18:07:44","modified_gmt":"2025-11-30T18:07:44","slug":"store-forsinkelser-i-togtrafikken","status":"publish","type":"post","link":"https:\/\/www.europesays.com\/no\/100820\/","title":{"rendered":"Store forsinkelser i togtrafikken"},"content":{"rendered":"<p class=\"extendedContent hyperion-css-eyn926\" data-test-tag=\"lead-text\">S\u00f8ndag klokken 1230 var det store forsinkelser i togtrafikken. En time senere er trafikken i gang igjen, men det er fortsatt store forsinkelser.<\/p>\n<p><img decoding=\"async\" class=\"image-asset hyperion-css-u06ts1\" data-test-tag=\"image-asset\" src=\"https:\/\/www.europesays.com\/no\/wp-content\/uploads\/2025\/11\/c49d3f62-c5c2-425c-8c13-2d38a4c3c7d8\"  alt=\"\"  loading=\"eager\" fetchpriority=\"high\" style=\"aspect-ratio:2048 \/ 1536\"\/> Foto: Bj\u00f8rn Erik Larsen, BT<\/p>\n<p class=\"paywall hyperion-css-1j42uic\">Strekningen Gardermoen\u2013Lillestr\u00f8m\u2013Jessheim var stengt i rundt \u00e9n time s\u00f8ndag. Det gjaldt all togtrafikk, if\u00f8lge Vy.<\/p>\n<p class=\"paywall hyperion-css-1j42uic\">Klokken 1335 kj\u00f8rer togene igjen, men det kan tid f\u00f8r de er i rute, melder Vy.<\/p>\n<p class=\"paywall hyperion-css-1j42uic\"><strong>\u2013 Du m\u00e5 derfor regne med forsinkelser, og at enkelte avganger kan bli innstilt.<\/strong><\/p>\n<p class=\"paywall hyperion-css-1j42uic\">Ogs\u00e5 Flytoget har innstilt en rekke avganger.<\/p>\n<p class=\"paywall hyperion-css-1j42uic\">\u00c5rsaken er en hendelse ved Kl\u00f8fta stasjon. N\u00f8detatene er p\u00e5 stedet.<\/p>\n<p class=\"paywall hyperion-css-1j42uic\">All togtrafikk i nordg\u00e5ende retning fra Oslo S er ber\u00f8rt.<\/p>\n<p class=\"paywall hyperion-css-1j42uic\">Forsinkelsene rammer Hovedbanen mellom Oslo S og Eidsvoll, Gardermobanen med rutene til Flytoget samt linje RE10 (Drammen-Hamar-Lillehammer-Domb\u00e5s), RE11 (Eidsvoll-Skien), R13 (Drammen-Dal) og F6 (Oslo- Trondheim).<\/p>\n","protected":false},"excerpt":{"rendered":"S\u00f8ndag klokken 1230 var det store forsinkelser i togtrafikken. En time senere er trafikken i gang igjen, men&hellip;\n","protected":false},"author":2,"featured_media":100821,"comment_status":"","ping_status":"","sticky":false,"template":"","format":"standard","meta":{"footnotes":""},"categories":[5],"tags":[20,21,24,25,15,19,22,23,17,18,13,30,28,29,14,16,26,27],"class_list":{"0":"post-100820","1":"post","2":"type-post","3":"status-publish","4":"format-standard","5":"has-post-thumbnail","7":"category-overskrifter","8":"tag-breaking-news","9":"tag-breakingnews","10":"tag-featured-news","11":"tag-featurednews","12":"tag-headlines","13":"tag-hovedoppslag","14":"tag-latest-news","15":"tag-latestnews","16":"tag-main-news","17":"tag-mainnews","18":"tag-news","19":"tag-no","20":"tag-norge","21":"tag-norway","22":"tag-nyheter","23":"tag-overskrifter","24":"tag-top-stories","25":"tag-topstories"},"share_on_mastodon":{"url":"https:\/\/pubeurope.com\/@no\/115639985621862267","error":""},"_links":{"self":[{"href":"https:\/\/www.europesays.com\/no\/wp-json\/wp\/v2\/posts\/100820","targetHints":{"allow":["GET"]}}],"collection":[{"href":"https:\/\/www.europesays.com\/no\/wp-json\/wp\/v2\/posts"}],"about":[{"href":"https:\/\/www.europesays.com\/no\/wp-json\/wp\/v2\/types\/post"}],"author":[{"embeddable":true,"href":"https:\/\/www.europesays.com\/no\/wp-json\/wp\/v2\/users\/2"}],"replies":[{"embeddable":true,"href":"https:\/\/www.europesays.com\/no\/wp-json\/wp\/v2\/comments?post=100820"}],"version-history":[{"count":0,"href":"https:\/\/www.europesays.com\/no\/wp-json\/wp\/v2\/posts\/100820\/revisions"}],"wp:featuredmedia":[{"embeddable":true,"href":"https:\/\/www.europesays.com\/no\/wp-json\/wp\/v2\/media\/100821"}],"wp:attachment":[{"href":"https:\/\/www.europesays.com\/no\/wp-json\/wp\/v2\/media?parent=100820"}],"wp:term":[{"taxonomy":"category","embeddable":true,"href":"https:\/\/www.europesays.com\/no\/wp-json\/wp\/v2\/categories?post=100820"},{"taxonomy":"post_tag","embeddable":true,"href":"https:\/\/www.europesays.com\/no\/wp-json\/wp\/v2\/tags?post=100820"}],"curies":[{"name":"wp","href":"https:\/\/api.w.org\/{rel}","templated":true}]}}