{"id":100824,"date":"2025-11-30T18:11:07","date_gmt":"2025-11-30T18:11:07","guid":{"rendered":"https:\/\/www.europesays.com\/no\/100824\/"},"modified":"2025-11-30T18:11:07","modified_gmt":"2025-11-30T18:11:07","slug":"legger-ned-70-kiosker-jeg-er-kommet-for-a-bli-haugesunds-avis","status":"publish","type":"post","link":"https:\/\/www.europesays.com\/no\/100824\/","title":{"rendered":"Legger ned 70 kiosker: \u2013 Jeg er kommet for \u00e5 bli &#8211; Haugesunds Avis"},"content":{"rendered":"<ol>\n<li><a href=\"https:\/\/news.google.com\/rss\/articles\/CBMiigFBVV95cUxQcEN0MzgySnRNNmtfY2FZV1NNMVoyeWQxMG1RU1pxZ3l3MWlVRVBPQVN0WGxpcFNoYVB6azV5UlBRUkl5X01XWDh1MERDOWRpdTRIcHpZb1g3V1hmRENIMkpqYldwSU1RVzJQUTRfTmZBQUJIVTJPR1VSQ1FtRk44bEFRY21xa1NKaWc?oc=5\" target=\"_blank\" rel=\"nofollow noopener\">Legger ned 70 kiosker: \u2013 Jeg er kommet for \u00e5 bli<\/a>&nbsp;&nbsp;Haugesunds Avis<\/li>\n<li><a href=\"https:\/\/news.google.com\/rss\/articles\/CBMisAFBVV95cUxPN3pqQURFdXdjdmhfakVLVlh3ZmdFMHBvQ25zUmpRZzBGVF9aTDlDM25hUmY5Y1ZJdVFQV3hBaDFsamRaY2g4YTFWeWNDYkd4cEJQUnJISVhKZzdiOGF1N2VpZGpqREdSMFJRMGoyWWI4bUNYano3X0VRdm5tUnhZU1NfVEdPTkZ0RHBKVDNQUF8tUGtBV0NsRHlXeGZJc0psNFBGaTFQd3dZSVZwM2JIdw?oc=5\" target=\"_blank\" rel=\"nofollow noopener\">Askim, Indre \u00d8stfold | Salgsplakaten f\u00e5r kundene til \u00e5 stusse: \u2013 Skal kiosken i Askim legges ned?<\/a>&nbsp;&nbsp;Smaalenenes Avis<\/li>\n<li><a href=\"https:\/\/news.google.com\/rss\/articles\/CBMikAFBVV95cUxQamdjNVdqLTFEcWVWb2xRU2xxWjFqdWh6dl9qMjVqbEo4TlljWmc2b0dfdFpsZDMyZ1JEcWc5LWdlYUFhOGV3UlZvSHVPMU5lRGhOR0pibUtwV28zZzZ0eTVwbTlHVXVKTHo5YmNlcThKeWlzR0dESGNiNGx2TUljemlOYlEydWNmVjd5azJKN0s?oc=5\" target=\"_blank\" rel=\"nofollow noopener\">Dr\u00f8bak, N\u00e6ringsliv | Nyheten f\u00e5r mange til \u00e5 reagere: \u2013 Merkelig prioritering<\/a>&nbsp;&nbsp;Akershus Amtstidende<\/li>\n<li><a href=\"https:\/\/news.google.com\/rss\/articles\/CBMiqgFBVV95cUxPZ080Wnk3SFlWcDNteDItVWYwWlphLUVLaGxmNC1UOWRBZTBKalJpMUwwQVdHeW1VLVU0ZWcxMUE3Qzd0WkcwQUtkRFVuNlByZG1SRkJXTVJsNWpNSU4wcEZWZXR0clA0UGtEalNoaXl6M1VtQjZyaWo4eGY1aWJ4ZktYX2hwU29xbVB4eXRkc3JEQ0JnS2praXZoVHpteTJNZGExRlhxekFkUQ?oc=5\" target=\"_blank\" rel=\"nofollow noopener\">De startet alle hos Narvesen \u00d8stfoldhallen i h\u00f8st. N\u00e5 skal den legges ned.<\/a>&nbsp;&nbsp;Fredriksstad Blad<\/li>\n<li><a href=\"https:\/\/news.google.com\/rss\/articles\/CBMitgFBVV95cUxQcXRCUjZFa2haVDg3empTb1pxUzdVbEM4OGwwRkZpNXJsOE5xcWk4czhxT0tJWjJxaTdaVjNIMldKRV9DanJSUksxSGdFbFc2aFRNcEdHSWtRQ3FfWUtpeVdoWWtIMVZlcGItTmFZcWhhNVBzU1pQR05wSU5tYUx1aDhBX29HWnZiZkpPQ3JNcTktNVN3UlRtWGNXSWlvV0ZYaTMzbFpkNXJCMmg5ZmYzVFg1QjJSdw?oc=5\" target=\"_blank\" rel=\"nofollow noopener\">\u2013 Man f\u00e5r litt sjokk<\/a>&nbsp;&nbsp;\u00d8stlendingen<\/li>\n<\/ol>\n","protected":false},"excerpt":{"rendered":"Legger ned 70 kiosker: \u2013 Jeg er kommet for \u00e5 bli&nbsp;&nbsp;Haugesunds Avis Askim, Indre \u00d8stfold | Salgsplakaten f\u00e5r&hellip;\n","protected":false},"author":2,"featured_media":100825,"comment_status":"","ping_status":"","sticky":false,"template":"","format":"standard","meta":{"footnotes":""},"categories":[56],"tags":[60,61,62,30,28,29],"class_list":{"0":"post-100824","1":"post","2":"type-post","3":"status-publish","4":"format-standard","5":"has-post-thumbnail","7":"category-naeringsliv","8":"tag-business","9":"tag-economy","10":"tag-naeringsliv","11":"tag-no","12":"tag-norge","13":"tag-norway"},"share_on_mastodon":{"url":"https:\/\/pubeurope.com\/@no\/115640001014925778","error":""},"_links":{"self":[{"href":"https:\/\/www.europesays.com\/no\/wp-json\/wp\/v2\/posts\/100824","targetHints":{"allow":["GET"]}}],"collection":[{"href":"https:\/\/www.europesays.com\/no\/wp-json\/wp\/v2\/posts"}],"about":[{"href":"https:\/\/www.europesays.com\/no\/wp-json\/wp\/v2\/types\/post"}],"author":[{"embeddable":true,"href":"https:\/\/www.europesays.com\/no\/wp-json\/wp\/v2\/users\/2"}],"replies":[{"embeddable":true,"href":"https:\/\/www.europesays.com\/no\/wp-json\/wp\/v2\/comments?post=100824"}],"version-history":[{"count":0,"href":"https:\/\/www.europesays.com\/no\/wp-json\/wp\/v2\/posts\/100824\/revisions"}],"wp:featuredmedia":[{"embeddable":true,"href":"https:\/\/www.europesays.com\/no\/wp-json\/wp\/v2\/media\/100825"}],"wp:attachment":[{"href":"https:\/\/www.europesays.com\/no\/wp-json\/wp\/v2\/media?parent=100824"}],"wp:term":[{"taxonomy":"category","embeddable":true,"href":"https:\/\/www.europesays.com\/no\/wp-json\/wp\/v2\/categories?post=100824"},{"taxonomy":"post_tag","embeddable":true,"href":"https:\/\/www.europesays.com\/no\/wp-json\/wp\/v2\/tags?post=100824"}],"curies":[{"name":"wp","href":"https:\/\/api.w.org\/{rel}","templated":true}]}}