{"id":100826,"date":"2025-11-30T18:14:10","date_gmt":"2025-11-30T18:14:10","guid":{"rendered":"https:\/\/www.europesays.com\/no\/100826\/"},"modified":"2025-11-30T18:14:10","modified_gmt":"2025-11-30T18:14:10","slug":"bodo-glimt-knuste-fredrikstad-og-tok-tidenes-solv-i-eliteserien","status":"publish","type":"post","link":"https:\/\/www.europesays.com\/no\/100826\/","title":{"rendered":"Bod\u00f8\/Glimt knuste Fredrikstad og tok \u00abtidenes\u00bb s\u00f8lv i Eliteserien"},"content":{"rendered":"\n<p class=\"_lead_o9xde_2 _lead_xtcu6_50 layout-component text-serif-m layout-normal text-serif-l layout-component layout-wide layout-padded _wide_17hqh_1 layout-padded\">Bod\u00f8\/Glimt valset over Fredrikstad \u2013 men gullet glapp for Kjetil Knutsens menn.<\/p>\n<p><img alt=\" Foto: Mats Torbergsen \/ NTB\" class=\"_image_qp4xg_65 layout-component layout-wide\" data-fullscreen- data-track-element-type=\"Article image fullscreen\" data-track-name=\"ImageFullscreen\" fetchpriority=\"high\" decoding=\"sync\" loading=\"eager\" height=\"2063\" itemprop=\"image\"  src=\"https:\/\/www.europesays.com\/no\/wp-content\/uploads\/2025\/11\/337a4ad6-1ba0-4c7e-bd56-1ded379115f6\"  style=\"object-position:0% 0%\" width=\"3094\"\/> Foto: Mats Torbergsen \/ NTB<\/p>\n<ul aria-hidden=\"true\" class=\"_images_1uft6_111\">\n<li><a class=\"_link_1uft6_116\" href=\"https:\/\/www.vg.no\/forfatter\/andreas-hopen\" style=\"z-index:1\" title=\"Andreas Hopen\" rel=\"nofollow noopener\" target=\"_blank\"><img alt=\"Bilde av Andreas Hopen\" class=\"_image_1uft6_93\" fetchpriority=\"low\" loading=\"lazy\" decoding=\"async\" itemprop=\"image\"  src=\"https:\/\/www.europesays.com\/no\/wp-content\/uploads\/2025\/11\/1764526450_697_8d697287-ea03-4d54-ab67-6d65b82629eb\"  width=\"480\"\/><\/a><\/li>\n<\/ul>\n<p>Aspmyra (Bod\u00f8) Oppdatert s\u00f8ndag 30. november kl. 18:55    <\/p>\n<ul class=\"_list_o9xde_3 _list_64s2r_85 _unordered_o9xde_106 text-sans-m\">\n<li class=\"_item_o9xde_30\">Bod\u00f8\/Glimt knuste Fredrikstad 5\u20130 i siste serierunde, men tapte likevel gullet til Viking.<\/li>\n<li class=\"_item_o9xde_30\">Spillerne som scoret inkluderte Jens Petter Hauge, Fredrik Bj\u00f8rkan og Andreas Helmersen.<\/li>\n<li class=\"_item_o9xde_30\">Midtbanespiller Sondre Auklend ble skadet og m\u00e5tte fraktes av banen p\u00e5 b\u00e5re.<\/li>\n<\/ul>\n<p>Vis mer <\/p>\n<p class=\"_paragraph_o9xde_4 _paragraph_xtcu6_10 layout-component text-serif-m layout-normal text-serif-m layout-padded\">Bod\u00f8\/Glimt har tatt fire seriegull. Bare \u00e9n gang tidligere\u00e9n gang tidligereI 2020 tok Glimt 82 poeng. I 2023 ble Glimt seriemester med 70 poeng, men svakere m\u00e5lforskjell enn i \u00e5r. har de tatt mer enn 70 poeng \u2013 men i \u00e5r var ikke det nok.<\/p>\n<p class=\"_paragraph_o9xde_4 _paragraph_xtcu6_10 layout-component text-serif-m layout-normal text-serif-m layout-padded\">For Viking scoret m\u00e5l etter m\u00e5l i J\u00e5tt\u00e5v\u00e5gen i den siste serierunden og sikret seg ett poeng mer. <\/p>\n<p class=\"_paragraph_o9xde_4 _paragraph_xtcu6_10 layout-component text-serif-m layout-normal text-serif-m layout-padded\">P\u00e5 Aspmyra var det en nerv\u00f8s \u00e5pning, men ti minutter f\u00f8r hvilen l\u00f8snet det virkelig for vertene.<\/p>\n<ul class=\"_list_o9xde_3 _list_xtcu6_9 _unordered_o9xde_106 layout-component text-serif-m layout-normal text-serif-m layout-padded\">\n<li class=\"_item_o9xde_30\">Ole-Didrik Blomberg ble spilt gjennom av Odin Bj\u00f8rtuft. Nedtaket og innlegget fra bergenseren var perfekt under press \u2013 og p\u00e5 bakre stolpe banket Jens Petter Hauge inn scoringen p\u00e5 hel volley.<\/li>\n<li class=\"_item_o9xde_30\">Sj\u00f8vold slo inn fra h\u00f8yre. Innlegget n\u00e5dde til slutt pannebrasken til Fredrik Bj\u00f8rkan som doblet ledelsen fra kloss hold.<\/li>\n<\/ul>\n<ul class=\"_list_o9xde_3 _list_xtcu6_9 _unordered_o9xde_106 layout-component text-serif-m layout-normal text-serif-m layout-padded\">\n<li class=\"_item_o9xde_30\">Sj\u00f8vold igjen som hovmester \u2013 slo perfekt inn til Ole-Didrik Blomberg p\u00e5 bakre stolpesom stanget inn 3\u20130 p\u00e5 vakkert vis.<\/li>\n<\/ul>\n<p class=\"_paragraph_o9xde_4 _paragraph_xtcu6_10 layout-component text-serif-m layout-normal text-serif-m layout-padded\">\u2013 Finesse og presisjon p\u00e5 innlegget mens hodest\u00f8tet er vilje og r\u00e5skap, sa TV 2-ekspert Yaw Amankwah om omgangens siste nettsus.<\/p>\n<p class=\"_paragraph_o9xde_4 _paragraph_xtcu6_10 layout-component text-serif-m layout-normal text-serif-m layout-padded\">Like etter hvilen gikk det et gisp gjennom stadion. Sondre Auklend trakket over i et returl\u00f8p og gikk rett i bakken. Midtbanespilleren kom seg aldri p\u00e5 bena \u2013 og m\u00e5tte til slutt fraktes av banen p\u00e5 b\u00e5re.<\/p>\n<p><img alt=\"Auklend fraktet av banen p\u00e5 b\u00e5re.  Foto: Mats Torbergsen \/ NTB\" class=\"_image_qp4xg_65 layout-component layout-normal\" data-fullscreen- data-track-element-type=\"Article image fullscreen\" data-track-name=\"ImageFullscreen\" decoding=\"async\" loading=\"lazy\" height=\"1931\" itemprop=\"image\"  src=\"https:\/\/www.europesays.com\/no\/wp-content\/uploads\/2025\/11\/3233be16-747c-47c7-9fcf-6a953c812585\"  style=\"object-position:0% 0%\" width=\"2896\"\/>Auklend fraktet av banen p\u00e5 b\u00e5re.  Foto: Mats Torbergsen \/ NTB<\/p>\n<ul class=\"_list_o9xde_3 _list_xtcu6_9 _unordered_o9xde_106 layout-component text-serif-m layout-normal text-serif-m layout-padded\">\n<li class=\"_item_o9xde_30\">Etter timen rotet FFK det til i egne rekker. Ulrik Saltnes br\u00f8t en svak pasning p\u00e5 tyve meter og serverte Andreas Helmersen alene med B\u00f8rsheim. Enkelt scoret spissen Glimts fjerde.<\/li>\n<\/ul>\n<p class=\"_paragraph_o9xde_4 _paragraph_xtcu6_10 layout-component text-serif-m layout-normal text-serif-m layout-padded\">Selv om gullet var en saga blott p\u00e5 Aspmyra \u2013 sto det ikke p\u00e5 stemningen. Tidvis sto Glimt-supporterne og sang i glede \u2013 eller muligens for \u00e5 holde varmen p\u00e5 iskalde Aspmyra.<\/p>\n<ul class=\"_list_o9xde_3 _list_xtcu6_9 _unordered_o9xde_106 layout-component text-serif-m layout-normal text-serif-m layout-padded\">\n<li class=\"_item_o9xde_30\">Tyve minutter f\u00f8r slutt ble innbytter Mathias J\u00f8rgensen spilt fri p\u00e5 midtbanen. Dansken forserte f\u00f8rti meter f\u00f8r han dro seg inn i 16-meteren og la ballen lekkert i lengste hj\u00f8rnet til 5\u20130.<\/li>\n<\/ul>\n<p class=\"_paragraph_o9xde_4 _paragraph_xtcu6_10 layout-component text-serif-m layout-normal text-serif-m layout-padded\">\u2013 En klassescoring, mente Amankwah om \u00e5rets siste scoring p\u00e5 Aspmyra.<\/p>\n<p class=\"_paragraph_o9xde_4 _paragraph_xtcu6_10 layout-component text-serif-m layout-normal text-serif-m layout-padded\">Det er f\u00f8rste gang at et lag i <a href=\"https:\/\/www.vg.no\/tag\/eliteserien?utm_source=vg-article&amp;utm_medium=auto-tagger&amp;utm_campaign=zO5Koq\" class=\"_link_o9xde_39\" rel=\"nofollow noopener\" target=\"_blank\">Eliteserien<\/a> har tatt mer enn 62 poeng62 poengMolde i 2020 og Rosenborg i 2013 tok s\u00f8lv med 62 poeng. uten \u00e5 vinne gull.<\/p>\n","protected":false},"excerpt":{"rendered":"Bod\u00f8\/Glimt valset over Fredrikstad \u2013 men gullet glapp for Kjetil Knutsens menn. Foto: Mats Torbergsen \/ NTB Aspmyra&hellip;\n","protected":false},"author":2,"featured_media":100827,"comment_status":"","ping_status":"","sticky":false,"template":"","format":"standard","meta":{"footnotes":""},"categories":[5],"tags":[517,20,21,134,24,25,92,487,15,19,22,23,17,18,13,30,28,29,14,16,26,27],"class_list":{"0":"post-100826","1":"post","2":"type-post","3":"status-publish","4":"format-standard","5":"has-post-thumbnail","7":"category-overskrifter","8":"tag-bodo-glimt","9":"tag-breaking-news","10":"tag-breakingnews","11":"tag-eliteserien","12":"tag-featured-news","13":"tag-featurednews","14":"tag-fotball","15":"tag-fredrikstad-fk","16":"tag-headlines","17":"tag-hovedoppslag","18":"tag-latest-news","19":"tag-latestnews","20":"tag-main-news","21":"tag-mainnews","22":"tag-news","23":"tag-no","24":"tag-norge","25":"tag-norway","26":"tag-nyheter","27":"tag-overskrifter","28":"tag-top-stories","29":"tag-topstories"},"share_on_mastodon":{"url":"https:\/\/pubeurope.com\/@no\/115640013662201788","error":""},"_links":{"self":[{"href":"https:\/\/www.europesays.com\/no\/wp-json\/wp\/v2\/posts\/100826","targetHints":{"allow":["GET"]}}],"collection":[{"href":"https:\/\/www.europesays.com\/no\/wp-json\/wp\/v2\/posts"}],"about":[{"href":"https:\/\/www.europesays.com\/no\/wp-json\/wp\/v2\/types\/post"}],"author":[{"embeddable":true,"href":"https:\/\/www.europesays.com\/no\/wp-json\/wp\/v2\/users\/2"}],"replies":[{"embeddable":true,"href":"https:\/\/www.europesays.com\/no\/wp-json\/wp\/v2\/comments?post=100826"}],"version-history":[{"count":0,"href":"https:\/\/www.europesays.com\/no\/wp-json\/wp\/v2\/posts\/100826\/revisions"}],"wp:featuredmedia":[{"embeddable":true,"href":"https:\/\/www.europesays.com\/no\/wp-json\/wp\/v2\/media\/100827"}],"wp:attachment":[{"href":"https:\/\/www.europesays.com\/no\/wp-json\/wp\/v2\/media?parent=100826"}],"wp:term":[{"taxonomy":"category","embeddable":true,"href":"https:\/\/www.europesays.com\/no\/wp-json\/wp\/v2\/categories?post=100826"},{"taxonomy":"post_tag","embeddable":true,"href":"https:\/\/www.europesays.com\/no\/wp-json\/wp\/v2\/tags?post=100826"}],"curies":[{"name":"wp","href":"https:\/\/api.w.org\/{rel}","templated":true}]}}