{"id":100839,"date":"2025-11-30T18:34:10","date_gmt":"2025-11-30T18:34:10","guid":{"rendered":"https:\/\/www.europesays.com\/no\/100839\/"},"modified":"2025-11-30T18:34:10","modified_gmt":"2025-11-30T18:34:10","slug":"tromso-sikret-bronsen-i-eliteserien-sur-4-plass-for-brann-tross-seier","status":"publish","type":"post","link":"https:\/\/www.europesays.com\/no\/100839\/","title":{"rendered":"Troms\u00f8 sikret bronsen i Eliteserien \u2013 sur 4.-plass for Brann tross seier"},"content":{"rendered":"\n<p class=\"_lead_o9xde_2 _lead_xtcu6_50 layout-component text-serif-m layout-normal text-serif-l layout-component layout-wide layout-padded _wide_17hqh_1 layout-padded\">Troms\u00f8 hadde f\u00e5 problemer med \u00e5 sl\u00e5 Kristiansund 3-1 borte og sikre bronsen i Eliteserien. Brann vendte til 3-1-seier hjemme mot HamKam, men ender p\u00e5 4.-plass.<\/p>\n<ul class=\"_gallery_1qa3s_23\" tabindex=\"0\">\n<li class=\"_item_1qa3s_37\" data-index=\"0\"><img fetchpriority=\"high\" decoding=\"async\" class=\"_image_foru8_23 _introGallery_foru8_43\" data-fullscreen- width=\"3434\" height=\"2290\" itemprop=\"image\" loading=\"eager\"  src=\"https:\/\/www.europesays.com\/no\/wp-content\/uploads\/2025\/11\/4a3c4bdf-be62-4be4-a235-c7ce7e755c0a\"  style=\"object-position:50% 50%;aspect-ratio:var(--gallery-aspect-ratio, 16 \/ 9)\"\/>Troms\u00f8 gjorde jobben borte mot Kristiansund og sikret bronsen.  Foto: Svein Ove Ekornesv\u00e5g \/ NTB<\/li>\n<li class=\"_item_1qa3s_37\" data-index=\"1\"><img decoding=\"async\" class=\"_image_foru8_23 _introGallery_foru8_43\" data-fullscreen- width=\"7349\" height=\"4902\" itemprop=\"image\" loading=\"lazy\"  src=\"https:\/\/www.europesays.com\/no\/wp-content\/uploads\/2025\/11\/66c4205b-57a7-4f5f-bca9-f5608b8cb3ed\"  style=\"object-position:50% 50%;aspect-ratio:var(--gallery-aspect-ratio, 16 \/ 9)\"\/>Brann kunne juble for seier i siste serierunde, men h\u00e5pet om medalje r\u00f8k s\u00f8ndag.  Foto: Paul S. Amundsen \/ NTB<\/li>\n<li class=\"_item_1qa3s_37\" data-index=\"2\"><img decoding=\"async\" class=\"_image_foru8_23 _introGallery_foru8_43\" data-fullscreen- width=\"8192\" height=\"5464\" itemprop=\"image\" loading=\"lazy\"  src=\"https:\/\/www.europesays.com\/no\/wp-content\/uploads\/2025\/11\/b147b1ae-7965-4e39-95cc-262c585a6e0d\"  style=\"object-position:50% 50%;aspect-ratio:var(--gallery-aspect-ratio, 16 \/ 9)\"\/>Ethan Amundsen-Day ble utvist tidlig for HamKam.  Foto: Paul S. Amundsen \/ NTB<\/li>\n<\/ul>\n<p>Troms\u00f8 gjorde jobben borte mot Kristiansund og sikret bronsen.  Foto: Svein Ove Ekornesv\u00e5g \/ NTB<\/p>\n<ul aria-hidden=\"true\" class=\"_images_1uft6_111\">\n<li><a class=\"_link_1uft6_116\" href=\"https:\/\/www.vg.no\/forfatter\/ntb\" style=\"z-index:1\" title=\"NTB\" rel=\"nofollow noopener\" target=\"_blank\"><img alt=\"Bilde av NTB\" class=\"_image_1uft6_93\" fetchpriority=\"low\" loading=\"lazy\" decoding=\"async\" itemprop=\"image\"  src=\"https:\/\/www.europesays.com\/no\/wp-content\/uploads\/2025\/11\/1764527650_159_c33980b0-5d07-4027-84a1-813f90a7c8d6\"  width=\"480\"\/><\/a><\/li>\n<\/ul>\n<p> Oppdatert s\u00f8ndag 30. november kl. 19:04     <\/p>\n<p class=\"_paragraph_o9xde_4 _paragraph_xtcu6_10 layout-component text-serif-m layout-normal text-serif-m layout-padded\">Brann var n\u00e6rmere gullkamp enn kamp om 3.-plassen for kort tid siden, men etter 1-2-tapet hjemme mot Bod\u00f8\/Glimt 29. oktober har en forferdelig formkurve \u00f8delagt medaljesjansene til bergenslaget.<\/p>\n<p class=\"_paragraph_o9xde_4 _paragraph_xtcu6_10 layout-component text-serif-m layout-normal text-serif-m layout-padded\">Etter tapet mot Glimt fulgte Brann opp med fire strake kamper uten seier, med to uavgjort og to tap. Samtidig hadde Troms\u00f8 vunnet tre av sine fire siste kamper f\u00f8r s\u00f8ndagens oppgj\u00f8r mot Kristiansund.<\/p>\n<p class=\"_paragraph_o9xde_4 _paragraph_xtcu6_10 layout-component text-serif-m layout-normal text-serif-m layout-padded\">Seier mot Kristiansund ville f\u00f8re til garantert bronseplass for Troms\u00f8, og \u00abGutan\u00bb innfridde umiddelbart med to m\u00e5l i l\u00f8pet av et kvarter av kampen.<\/p>\n<p class=\"_paragraph_o9xde_4 _paragraph_xtcu6_10 layout-component text-serif-m layout-normal text-serif-m layout-padded\">Like f\u00f8r pause ordnet Troms\u00f8s stortalent Abubacarr Sedi Kinteh 3-0. Det gjorde 2. omgang til en transportetappe for Troms\u00f8, som slapp inn ett m\u00e5l etter pause, men det la ingen demper p\u00e5 seiersrusen.<\/p>\n<p class=\"_paragraph_o9xde_4 _paragraph_xtcu6_10 layout-component text-serif-m layout-normal text-serif-m layout-padded\">Med Troms\u00f8s seier var Brann d\u00f8mt til 4.-plass, uansett resultat hjemme mot HamKam.<\/p>\n<p>Avsluttet med seier<\/p>\n<p class=\"_paragraph_o9xde_4 _paragraph_xtcu6_10 layout-component text-serif-m layout-normal text-serif-m layout-padded\">Brann fikk en t\u00f8ff start hjemme mot HamKam med baklengsm\u00e5l etter bare fire minutter, men bergenserne fikk til slutt en verdig avslutning p\u00e5 Brann Stadion.<\/p>\n<p class=\"_paragraph_o9xde_4 _paragraph_xtcu6_10 layout-component text-serif-m layout-normal text-serif-m layout-padded\">Jobben ble litt enklere av at HamKams Ethan Amundsen-Day ble utvist for \u00e5 ha taklet Ulrik Mathisen og forhindret en \u00e5penbar m\u00e5lsjanse etter dr\u00f8yt ti minutter.<\/p>\n<p class=\"_paragraph_o9xde_4 _paragraph_xtcu6_10 layout-component text-serif-m layout-normal text-serif-m layout-padded\">Dommer Marius Lien d\u00f8mte f\u00f8rst straffespark, men etter en VAR-sjekk ble det omgjort til frispark. Det r\u00f8de kortet sto fortsatt.<\/p>\n<p class=\"_paragraph_o9xde_4 _paragraph_xtcu6_10 layout-component text-serif-m layout-normal text-serif-m layout-padded\">Etter en dr\u00f8y halvtime ordnet Jacob Lungi S\u00f8rensen 1-1 for Brann med et langskudd, og like f\u00f8r pause sendte Denzel De Roeve bergenserne i f\u00f8ringen fra straffemerket.<\/p>\n<p class=\"_paragraph_o9xde_4 _paragraph_xtcu6_10 layout-component text-serif-m layout-normal text-serif-m layout-padded\">Etter pause s\u00f8rget Emil Kornvig for 3-1 til Brann. Bergenserne ender med tre poeng f\u00e6rre enn sist sesong, da 59 poeng holdt til s\u00f8lv.<\/p>\n<p>Plass i Europa<\/p>\n<p class=\"_paragraph_o9xde_4 _paragraph_xtcu6_10 layout-component text-serif-m layout-normal text-serif-m layout-padded\">3.-plassen i <a href=\"https:\/\/www.vg.no\/tag\/eliteserien?utm_source=vg-article&amp;utm_medium=auto-tagger&amp;utm_campaign=3pk8x0\" class=\"_link_o9xde_39\" rel=\"nofollow noopener\" target=\"_blank\">Eliteserien<\/a> sender Troms\u00f8 inn i 2. kvalifiseringsrunde til europaligaen. Brann p\u00e5 plassen bak g\u00e5r inn i 2. kvalifiseringsrunde til conferenceligaen.<\/p>\n<p class=\"_paragraph_o9xde_4 _paragraph_xtcu6_10 layout-component text-serif-m layout-normal text-serif-m layout-padded\">Mens Troms\u00f8 kan begynne \u00e5 legge planer for neste sesong, har Brann fortsatt viktige kamper gjenst\u00e5ende i europaligaen. 11. desember kommer Fenerbah\u00e7e p\u00e5 bes\u00f8k til Brann Stadion, f\u00f8r bergenslaget gjester danske Midtjylland 22. januar.<\/p>\n<p class=\"_paragraph_o9xde_4 _paragraph_xtcu6_10 layout-component text-serif-m layout-normal text-serif-m layout-padded\">29. januar kommer siste kamp i ligaspillet for Brann borte mot Sturm Graz. R\u00f8dtr\u00f8yene har fortsatt muligheter til \u00e5 ta seg videre til utslagsrundene.<\/p>\n","protected":false},"excerpt":{"rendered":"Troms\u00f8 hadde f\u00e5 problemer med \u00e5 sl\u00e5 Kristiansund 3-1 borte og sikre bronsen i Eliteserien. Brann vendte til&hellip;\n","protected":false},"author":2,"featured_media":100840,"comment_status":"","ping_status":"","sticky":false,"template":"","format":"standard","meta":{"footnotes":""},"categories":[5],"tags":[20,21,134,24,25,15,19,22,23,17,18,13,30,28,29,14,16,418,26,27,472],"class_list":{"0":"post-100839","1":"post","2":"type-post","3":"status-publish","4":"format-standard","5":"has-post-thumbnail","7":"category-overskrifter","8":"tag-breaking-news","9":"tag-breakingnews","10":"tag-eliteserien","11":"tag-featured-news","12":"tag-featurednews","13":"tag-headlines","14":"tag-hovedoppslag","15":"tag-latest-news","16":"tag-latestnews","17":"tag-main-news","18":"tag-mainnews","19":"tag-news","20":"tag-no","21":"tag-norge","22":"tag-norway","23":"tag-nyheter","24":"tag-overskrifter","25":"tag-sk-brann","26":"tag-top-stories","27":"tag-topstories","28":"tag-tromso-il"},"share_on_mastodon":{"url":"https:\/\/pubeurope.com\/@no\/115640091943886986","error":""},"_links":{"self":[{"href":"https:\/\/www.europesays.com\/no\/wp-json\/wp\/v2\/posts\/100839","targetHints":{"allow":["GET"]}}],"collection":[{"href":"https:\/\/www.europesays.com\/no\/wp-json\/wp\/v2\/posts"}],"about":[{"href":"https:\/\/www.europesays.com\/no\/wp-json\/wp\/v2\/types\/post"}],"author":[{"embeddable":true,"href":"https:\/\/www.europesays.com\/no\/wp-json\/wp\/v2\/users\/2"}],"replies":[{"embeddable":true,"href":"https:\/\/www.europesays.com\/no\/wp-json\/wp\/v2\/comments?post=100839"}],"version-history":[{"count":0,"href":"https:\/\/www.europesays.com\/no\/wp-json\/wp\/v2\/posts\/100839\/revisions"}],"wp:featuredmedia":[{"embeddable":true,"href":"https:\/\/www.europesays.com\/no\/wp-json\/wp\/v2\/media\/100840"}],"wp:attachment":[{"href":"https:\/\/www.europesays.com\/no\/wp-json\/wp\/v2\/media?parent=100839"}],"wp:term":[{"taxonomy":"category","embeddable":true,"href":"https:\/\/www.europesays.com\/no\/wp-json\/wp\/v2\/categories?post=100839"},{"taxonomy":"post_tag","embeddable":true,"href":"https:\/\/www.europesays.com\/no\/wp-json\/wp\/v2\/tags?post=100839"}],"curies":[{"name":"wp","href":"https:\/\/api.w.org\/{rel}","templated":true}]}}