{"id":100859,"date":"2025-11-30T19:04:13","date_gmt":"2025-11-30T19:04:13","guid":{"rendered":"https:\/\/www.europesays.com\/no\/100859\/"},"modified":"2025-11-30T19:04:13","modified_gmt":"2025-11-30T19:04:13","slug":"ariana-grande-advarer-fansen-mot-kroppskommentarer-en-viktig-paminnelse","status":"publish","type":"post","link":"https:\/\/www.europesays.com\/no\/100859\/","title":{"rendered":"Ariana Grande advarer fansen mot kroppskommentarer: En viktig p\u00e5minnelse"},"content":{"rendered":"<p class=\"kicker \" style=\"\">Ariana Grande:<\/p>\n<p>  Superstjernen sl\u00e5r tilbake etter hard kritikk: &#8211; Det er forferdelig.\u00a0<\/p>\n<p>\n    OPPGJ\u00d8R: Nickelodeon-stjernen har ved flere anledninger tatt opp kampen mot kroppspress. Foto: John Angelillo\/UPI\/Shutterstock\n  <\/p>\n<p>Artist og skuespiller\u00a0Ariana Grande (32) delte l\u00f8rdag kveld et intervju med <a href=\"https:\/\/www.youtube.com\/watch?v=OCeHehrbvkA\" rel=\"nofollow noopener\" target=\"_blank\">Sally<\/a>\u00a0fra 2024 p\u00e5 <a href=\"https:\/\/www.instagram.com\/arianagrande\/\" rel=\"nofollow noopener\" target=\"_blank\">Instagram<\/a>\u00a0Stories, for \u00e5 minne fansen p\u00e5 at de m\u00e5 v\u00e6re forsiktige f\u00f8r de kommer med kommentarer om andres kropp og utseende.<\/p>\n<p>    <a itemprop=\"url\" href=\"https:\/\/www.seher.no\/kjendis\/gratkvalt-det-er-forferdelig\/82359606\" rel=\"nofollow noopener\" target=\"_blank\"><\/p>\n<p>      <img loading=\"lazy\" decoding=\"async\" src=\"https:\/\/www.europesays.com\/no\/wp-content\/uploads\/2025\/11\/82347396.webp\" width=\"147\" height=\"98\" title=\"Gr\u00e5tkvalt: - Det er forferdelig\" alt=\"\" class=\"lazyload\" style=\"--aspect-ratio-image: 1.50; \"\/><\/p>\n<p>        Gr\u00e5tkvalt: &#8211; Det er forferdelig<\/p>\n<p>    <\/a><\/p>\n<p> Sally er en fransk journalist og innholdsskaper som driver YouTube-kanalen med samme navn. Der lager hun analyser og forklaringer av nyhetsbildet, s\u00e6rlig p\u00e5 sosiale medier, og hun gj\u00f8r ogs\u00e5 intervjuer.<\/p>\n<p>I intervjuet med \u00abWicked: For Good\u00bb-hovedrollene tok Grande opp negative kommentarer hun f\u00e5r p\u00e5 utseendet sitt.<\/p>\n<p>        Her m\u00e5 \u00abSkrotnissen\u00bb kaste maska under l\u00f8rdagens episode i Maskorama. <\/p>\n<p class=\"font-weight-bold m-font-weight-bold\" data-lab-font_weight=\"font-weight-bold\">\u00abDeler dette igjen fra i fjor, som en kj\u00e6rlig p\u00e5minnelse til alle\u00bb, skrev hun som tekst p\u00e5 Instagram.<\/p>\n<p>H\u00f8rt alle versjoner\t<\/p>\n<p class=\"font-weight-normal m-font-weight-normal\" data-lab-font_weight=\"font-weight-normal\">I intervjuet er det tydelig at Grande blir emosjonell n\u00e5r hun forteller hvordan <a href=\"https:\/\/www.seher.no\/kjendis\/gratkvalt-det-er-forferdelig\/82359606\" rel=\"nofollow noopener\" target=\"_blank\">negative kommentarer har p\u00e5virket henne<\/a> som ung superstjerne.<\/p>\n<p>          <img loading=\"lazy\" decoding=\"async\" src=\"https:\/\/www.europesays.com\/no\/wp-content\/uploads\/2025\/11\/83920107.webp\" width=\"686\" height=\"392\" title=\"WICKED: Cynthia Erivo og Ariana Grande spilte hovedrollene i musikalfilmen som kom ut tidligere i \u00e5r. Foto: Evan Agostini\/Invision\/AP)\" alt=\"\" class=\"\" style=\"--aspect-ratio-image: 1.75; \"\/><\/p>\n<p>\n          WICKED: Cynthia Erivo og Ariana Grande spilte hovedrollene i musikalfilmen som kom ut tidligere i \u00e5r. Foto: Evan Agostini\/Invision\/AP)\n      <\/p>\n<p class=\"font-weight-normal m-font-weight-normal\" data-lab-font_weight=\"font-weight-normal\">Etter \u00e5 ha v\u00e6rt en offentlig person siden 16-\u00e5rsalderen, beskriver hun livet sitt som et slags eksperiment, og at hun gjennom \u00e5rene har f\u00e5tt h\u00f8re \u00abalt\u00bb.<\/p>\n<p>        SKAL VI DANSE: Under kveldens sending danset influenser Tale Torhussen for bestevenninnen sin, Leah Behn. Video: TV2 \/ Dagbaldet<\/p>\n<p class=\"font-weight-normal m-font-weight-normal\" data-lab-font_weight=\"font-weight-normal\">&#8211; Jeg har h\u00f8rt alle versjoner av det. Alt som angivelig er \u00abgalt\u00bb med meg. S\u00e5 fikser du det, og da er det galt av en annen grunn. Det er forferdelig, uansett hvem du er, sa hun i intervjuet.<\/p>\n<p class=\"font-weight-bold m-font-weight-bold\" data-lab-font_weight=\"font-weight-bold\">&#8211; Det er veldig farlig, og jeg tror det er farlig for alle involverte parter!<\/p>\n<p>    <a itemprop=\"url\" href=\"https:\/\/www.seher.no\/kjendis\/ariana-grande-i-sorg\/83234330\" rel=\"nofollow noopener\" target=\"_blank\"><\/p>\n<p>      <img loading=\"lazy\" decoding=\"async\" src=\"https:\/\/www.europesays.com\/no\/wp-content\/uploads\/2025\/11\/83234351.webp\" width=\"980\" height=\"441\" title=\"- Takk for all kj\u00e6rlighet\" alt=\"\" class=\"lazyload\" style=\"--aspect-ratio-image: 2.22; \"\/><\/p>\n<p>        &#8211; Takk for all kj\u00e6rlighet<\/p>\n<p>    <\/a><\/p>\n<p class=\"font-weight-normal m-font-weight-normal\" data-lab-font_weight=\"font-weight-normal\">32-\u00e5ringen forklarer at n\u00e5r du er ung og h\u00f8rer alle slags ting, kan det v\u00e6re vanskelig \u00e5 beskytte seg mot den st\u00f8yen. Hun mener ogs\u00e5 at folk er altfor komfortable med \u00e5 kommentere andres utseende.<\/p>\n<p>Ikke f\u00f8rste oppgj\u00f8r\t<\/p>\n<p>\u00abWe Can\u2019t Be Friends\u00bb-sangerinnen har en klar oppfordring til personer som f\u00f8ler p\u00e5 det samme:<\/p>\n<p>          <img loading=\"lazy\" decoding=\"async\" src=\"https:\/\/www.europesays.com\/no\/wp-content\/uploads\/2025\/11\/83920194.webp\" width=\"686\" height=\"707\" title=\"\u00c5PENHJERTIG: Sangfuglen deler \u00e5pent om hatkommentarene og livet i rampelyset. Foto: Skjermbilde fra Instagram\/@arianagrande\" alt=\"\" class=\"\" style=\"--aspect-ratio-image: 0.97; \"\/><\/p>\n<p>\n          \u00c5PENHJERTIG: Sangfuglen deler \u00e5pent om hatkommentarene og livet i rampelyset. Foto: Skjermbilde fra Instagram\/@arianagrande\n      <\/p>\n<p>&#8211; Beskytt dere selv fra den st\u00f8yen. Om det er p\u00e5 en familiesammenkomst eller p\u00e5 nett &#8211; blokk\u00e9r folk hvis dere m\u00e5. Ingen har rett til \u00e5 si dritt til deg!<\/p>\n<p>Intervjuet i 2024 var ikke f\u00f8rste gang Grande tok et oppgj\u00f8r med kroppspress. I 2023 la hun ut en<a href=\"https:\/\/www.tiktok.com\/@arianagrande\/video\/7220884832472026414\" rel=\"nofollow noopener\" target=\"_blank\"> TikTok-video<\/a>\u00a0hvor hun oppfordret f\u00f8lgerne sine til \u00e5 v\u00e6re mer bevisste f\u00f8r de kommenterer andres utseende.<\/p>\n<p>    <a itemprop=\"url\" href=\"https:\/\/www.seher.no\/kjendis\/overrasker\/82896204\" rel=\"nofollow noopener\" target=\"_blank\"><\/p>\n<p>      <img loading=\"lazy\" decoding=\"async\" src=\"https:\/\/www.europesays.com\/no\/wp-content\/uploads\/2025\/11\/82896147.webp\" width=\"980\" height=\"441\" title=\"Ser du hvem dette er?\" alt=\"\" class=\"lazyload\" style=\"--aspect-ratio-image: 2.22; \"\/><\/p>\n<p>        Ser du hvem dette er?<\/p>\n<p>    <\/a><\/p>\n<p> &#8211; Kroppen dere sammenligner min n\u00e5v\u00e6rende kropp med, var den mest usunne versjonen av kroppen min.\u00a0Jeg gikk p\u00e5 mye antidepressiva og drakk mens jeg var p\u00e5 dem, og spiste d\u00e5rlig, forklarte hun i videoen.<\/p>\n<p>    Trenger du noen \u00e5 snakke med?<\/p>\n<ul>\n<li>Det finnes flere hjelpetelefoner, chat-tjenester og st\u00f8ttegrupper der du kan dele tanker og f\u00f8lelser helt anonymt, og f\u00e5 st\u00f8tte, r\u00e5d og veiledning.<\/li>\n<li>Mental Helse: 116 123<\/li>\n<li>Kirkens SOS: 22 40 00 40<\/li>\n<li>Her finner du flere hjelpetelefoner og chat-tjenester som kan v\u00e6re til hjelp n\u00e5r du har det vanskelig.<\/li>\n<li>For barn og unge: Alarmtelefonen for barn og unge: 116 111<\/li>\n<li>Kors p\u00e5 halsen (drevet av R\u00f8de Kors): 800 333 21<\/li>\n<li>SnakkOmPsyken.no: Chattetilbud drevet av Bl\u00e5 Kors<\/li>\n<li>(Kilde: Helsenorge.no)<\/li>\n<\/ul>\n<p>      Vis mer<br \/>\n      Vis mindre<\/p>\n<p><script async src=\"\/\/www.instagram.com\/embed.js\"><\/script><script async src=\"\/\/www.tiktok.com\/embed.js\"><\/script><\/p>\n","protected":false},"excerpt":{"rendered":"Ariana Grande: Superstjernen sl\u00e5r tilbake etter hard kritikk: &#8211; Det er forferdelig.\u00a0 OPPGJ\u00d8R: Nickelodeon-stjernen har ved flere anledninger&hellip;\n","protected":false},"author":2,"featured_media":100860,"comment_status":"","ping_status":"","sticky":false,"template":"","format":"standard","meta":{"footnotes":""},"categories":[58],"tags":[3591,71,479,2543,30,28,29,72],"class_list":{"0":"post-100859","1":"post","2":"type-post","3":"status-publish","4":"format-standard","5":"has-post-thumbnail","7":"category-underholdning","8":"tag-ariana-grande","9":"tag-entertainment","10":"tag-kjendis","11":"tag-kjendisdesken","12":"tag-no","13":"tag-norge","14":"tag-norway","15":"tag-underholdning"},"share_on_mastodon":{"url":"https:\/\/pubeurope.com\/@no\/115640209719486951","error":""},"_links":{"self":[{"href":"https:\/\/www.europesays.com\/no\/wp-json\/wp\/v2\/posts\/100859","targetHints":{"allow":["GET"]}}],"collection":[{"href":"https:\/\/www.europesays.com\/no\/wp-json\/wp\/v2\/posts"}],"about":[{"href":"https:\/\/www.europesays.com\/no\/wp-json\/wp\/v2\/types\/post"}],"author":[{"embeddable":true,"href":"https:\/\/www.europesays.com\/no\/wp-json\/wp\/v2\/users\/2"}],"replies":[{"embeddable":true,"href":"https:\/\/www.europesays.com\/no\/wp-json\/wp\/v2\/comments?post=100859"}],"version-history":[{"count":0,"href":"https:\/\/www.europesays.com\/no\/wp-json\/wp\/v2\/posts\/100859\/revisions"}],"wp:featuredmedia":[{"embeddable":true,"href":"https:\/\/www.europesays.com\/no\/wp-json\/wp\/v2\/media\/100860"}],"wp:attachment":[{"href":"https:\/\/www.europesays.com\/no\/wp-json\/wp\/v2\/media?parent=100859"}],"wp:term":[{"taxonomy":"category","embeddable":true,"href":"https:\/\/www.europesays.com\/no\/wp-json\/wp\/v2\/categories?post=100859"},{"taxonomy":"post_tag","embeddable":true,"href":"https:\/\/www.europesays.com\/no\/wp-json\/wp\/v2\/tags?post=100859"}],"curies":[{"name":"wp","href":"https:\/\/api.w.org\/{rel}","templated":true}]}}